{"id":261307,"date":"2025-07-12T01:38:11","date_gmt":"2025-07-12T01:38:11","guid":{"rendered":"https:\/\/www.europesays.com\/de\/261307\/"},"modified":"2025-07-12T01:38:11","modified_gmt":"2025-07-12T01:38:11","slug":"fc-bayern-muenchen-zwei-neue-interessenten-fuer-daniel-peretz","status":"publish","type":"post","link":"https:\/\/www.europesays.com\/de\/261307\/","title":{"rendered":"FC Bayern M\u00fcnchen: Zwei neue Interessenten f\u00fcr Daniel Peretz?"},"content":{"rendered":"<p class=\"css-1q8kfuz\">Alle Transfer-News und Ger\u00fcchte zum\u00a0FC Bayern M\u00fcnchen im \u00dcberblick. Welche Stars wechseln? Welche gehen? Alle Informationen zum deutschen Rekordmeister im Newsticker.<\/p>\n<p class=\"css-1cmglxz\">Hier findet ihr alle Transfer-News und aktuelle Ger\u00fcchte zum <a data-li-document-ref=\"443207\" href=\"https:\/\/www.ran.de\/sports\/fussball\/fc-bayern-muenchen\" rel=\"nofollow noopener\" target=\"_blank\">FC Bayern M\u00fcnchen.<\/a> Damit seid ihr rund um den deutschen Rekordmeister immer auf dem neuesten Stand.<\/p>\n<p class=\"css-1cmglxz\">Die wichtigsten <a data-li-document-ref=\"384426\" href=\"https:\/\/www.ran.de\/sports\/fussball\/bundesliga\/news\/fc-barcelona-offenbar-an-duo-des-fc-bayern-interessiert-transfergeruechte-und-news-der-bundesliga-384426\" rel=\"nofollow noopener\" target=\"_blank\">Transferger\u00fcchte der\u00a0Bundesliga<\/a>\u00a0und <a data-li-document-ref=\"343680\" href=\"https:\/\/www.ran.de\/sports\/fussball\/news\/manchester-city-legt-wohl-preisschild-fuer-james-mcatee-fest-internationale-transfers-und-geruechte-im-ticker-343680\" rel=\"nofollow noopener\" target=\"_blank\">der\u00a0internationalen Top-Ligen<\/a>\u00a0findet ihr ebenfalls auf ran.de und in der ran App.<\/p>\n<p>+++ 12. Juli, 21:52 Uhr: Metz und Brest wohl mit Interesse an FCB-Keeper Peretz +++<\/p>\n<p class=\"css-1cmglxz\">Nachdem der bisherige Ersatzkeeper Daniel Peretz beim FC Bayern wohl keine sportliche Perspektive mehr hat, gibt es nun angeblich immer mehr Interessenten.<\/p>\n<p class=\"css-1cmglxz\">Laut &#8222;Sky&#8220; sollen nun auch die beiden Ligue-1-Klubs Stade Brest und FC Metz eine Verpflichtung des 25-J\u00e4hrigen in Erw\u00e4gung ziehen.<\/p>\n<p class=\"css-1cmglxz\">Zuvor wurde bereits vom Interesse des FC Genua und des Bundesliga-R\u00fcckkehrers Hamburger SV berichtet. Zuvor zerschlug sich der angedachte Transfer in die Niederlande zur PSV Eindhoven noch.<\/p>\n<p class=\"css-1cmglxz\">Peretz\u2018 Vertrag in M\u00fcnchen l\u00e4uft noch bis zum Sommer 2028. Bislang durfte er nur in sieben Pflichtspielen f\u00fcr die Bayern auflaufen.<\/p>\n<p>+++ 11. Juli, 06:35 Uhr: Erstes Angebot! Diaz-Personalie kommt ins Rollen +++<\/p>\n<p class=\"css-1cmglxz\">Der FC Bayern hat offenbar sein erstes Angebot f\u00fcr Luis Diaz abgegeben. Laut &#8222;SportBild&#8220; bietet der Rekordmeister 52 Millionen Euro &#8211; und damit weniger als die von Liverpool angeblich geforderten 80 Millionen.<\/p>\n<p class=\"css-1cmglxz\">Wohl auch deswegen soll der LFC die erste Bayern-Offerte abgelehnt haben &#8211; dies berichtet die &#8222;Bild&#8220;. Der englische Meister weigere sich demnach, mit den Bayern in diesen Sph\u00e4ren zu verhandeln.<\/p>\n<p class=\"css-1cmglxz\">Zuletzt hatte der spanische Radiosender &#8222;Cadena SER&#8220; vermeldet, zwischen Liverpool und dem 28-j\u00e4hrigen Diaz best\u00fcnde eine Absprache, wonach er den Klub verlassen kann, wenn ein Angebot in genannter H\u00f6he eingeht.<\/p>\n<p class=\"css-1cmglxz\">Laut &#8222;SportBild&#8220; liegt die Schmerzgrenze der M\u00fcnchner aber bei 60 Millionen plus m\u00f6glicher Boni.<\/p>\n<p class=\"css-1cmglxz\">Mit Blick auf den Unfalltod von Diogo Jota hatte es zuletzt keine Verhandlungen gegeben, die Bayern sollen aber bei dem Berater des Offensivspielers hinterlegt haben, ihn gerne verpflichten zu wollen.<\/p>\n<p>Dieser Inhalt stammt von externen Anbietern wie Facebook, Instagram oder Youtube. Aktiviere bitte Personalisierte Anzeigen und Inhalte sowie Anbieter au\u00dferhalb des CMP Standards, um diese Inhalte anzuzeigen.Privatsph\u00e4re-Einstellungen+++ 10. Juli, 19:29 Uhr: Olympiakos Pir\u00e4us bietet wohl f\u00fcr Bayern-Flop Bryan Zaragoza +++<\/p>\n<p class=\"css-1cmglxz\">Nach dem Ende seiner Leihe bei CA Osasuna wird der Spanier Bryan Zaragoza beim FC Bayern keine sportliche Perspektive vorfinden. Vielmehr soll der 23-J\u00e4hrige wohl direkt wieder abgegeben werden.<\/p>\n<p class=\"css-1cmglxz\">Laut dem griechischen Portal &#8222;Sportime&#8220; soll Meister Olympiakos Pir\u00e4us nun um eine Zaragoza-Verpflichtung buhlen.<\/p>\n<p class=\"css-1cmglxz\">Demnach soll Olympiakos sogar bereits ein Angebot abgegeben haben. Demnach wollen die Griechen Zaragoza f\u00fcr eine Geb\u00fchr von zwei Millionen Euro zun\u00e4chst f\u00fcr ein Jahr ausleihen, im Bericht ist ebenso von einer Kaufoption bzw. Kaufpflicht in H\u00f6he von sieben Millionen Euro die Rede.<\/p>\n<p class=\"css-1cmglxz\">Allerdings sollen die M\u00fcnchner wohl deutlich mehr Abl\u00f6se verlangen, da der FC Bayern einst selbst insgesamt 17 Millionen Euro f\u00fcr Zaragoza bezahlt hat. Zudem ist noch offen, ob Zaragoza zu einem Wechsel nach Griechenland bereit ist.<\/p>\n<p class=\"css-1cmglxz\">Immerhin sollen auch spanische Klubs wie Villarreal, Celta Vigo und Real Betis ein Auge auf den Offensivspieler geworfen haben. Zaragozas Vertrag an der S\u00e4bener Stra\u00dfe l\u00e4uft noch bis zum Sommer 2029. F\u00fcr die Bayern bestritt er bislang lediglich sieben Pflichtspiele und blieb dabei ohne Tor und Vorlage.<\/p>\n<p>+++ 10. Juli, 06:25 Uhr: Bayern soll erneut Interesse an\u00a0Xavi Simons zeigen +++<\/p>\n<p class=\"css-1cmglxz\">Der FC Bayern M\u00fcnchen zeigt laut dem Sportportal &#8222;The Athletic&#8220; erneut Interesse an Xavi Simons von RB Leipzig. Der 22-j\u00e4hrige Niederl\u00e4nder hat den Verantwortlichen in Leipzig laut dem Bericht signalisiert, dass er den Klub im Sommer verlassen m\u00f6chte. Bislang gab es keine konkreten Verhandlungen zwischen Bayern und Leipzig \u2013 die Kontaktaufnahme der M\u00fcnchner gilt als erstes Abtasten.<\/p>\n<p class=\"css-1cmglxz\">Simons, der flexibel im offensiven Mittelfeld und auf dem linken Fl\u00fcgel eingesetzt werden kann, wurde in der Vergangenheit mehrfach mit einem Wechsel nach M\u00fcnchen in Verbindung gebracht. Besonders Sportvorstand Max Eberl, der Simons einst nach Leipzig holte, gilt als Bef\u00fcrworter eines Transfers.<\/p>\n<p class=\"css-1cmglxz\">Nach der schweren Verletzung von Jamal Musiala, der mehrere Monate ausfallen wird, ist der Bedarf in der Offensive beim FC Bayern gestiegen. Simons k\u00f6nnte dabei als vielseitige L\u00f6sung dienen.<\/p>\n<p class=\"css-1cmglxz\">Allerdings k\u00f6nnte die von Leipzig geforderte Abl\u00f6sesumme von gesch\u00e4tzten 70 Millionen Euro f\u00fcr die Bayern zu einer Herausforderung werden, zumal der Klub parallel auch an anderen teuren Transfers arbeitet.<\/p>\n<p>+++ 09. Juli, 17:29 Uhr: Absprache mit Diaz &#8211; Liverpool legt Schmerzgrenze fest +++<\/p>\n<p class=\"css-1cmglxz\">Die Ger\u00fcchte um Luis Diaz halten sich. Neben dem <a href=\"https:\/\/www.ran.de\/sports\/fussball\/fc-bayern-muenchen\" rel=\"nofollow noopener\" target=\"_blank\">FC Bayern<\/a> mischt auch der <a href=\"https:\/\/www.ran.de\/sports\/fussball\/fc-barcelona\" rel=\"nofollow noopener\" target=\"_blank\">FC Barcelona<\/a> vorne mit im Rennen um den Kolumbianer. Nun tauchen neue Zahlen in Sachen Abl\u00f6seforderungen auf.<\/p>\n<p class=\"css-1cmglxz\">Laut &#8222;Cadena SER&#8220; gibt es eine Geheim-Absprache zwischen dem <a href=\"https:\/\/www.ran.de\/sports\/fussball\/liverpool-fc\" rel=\"nofollow noopener\" target=\"_blank\">FC Liverpool<\/a> und Diaz. Dieses besagt dem Radiosender zufolge, dass der Offensivspieler die Reds f\u00fcr 80 Millionen Euro verlassen darf. Eine Art &#8222;Gentlemen&#8217;s Agreement&#8220; zwischen den beiden Parteien.<\/p>\n<p class=\"css-1cmglxz\">Fraglich ist, ob die Bayern bereit sind, diese Summe zu investieren. Zuletzt berichtete die &#8222;Sport Bild&#8220;, dass sich der Rekordmeister auf eine Schmerzgrenze in H\u00f6he von 60 Millionen Euro festgelegt hat &#8211; mehr m\u00f6chte man f\u00fcr den 28-J\u00e4hrigen demnach nicht zahlen.<\/p>\n<p>+++ 09. Juli, 07:33 Uhr: Bayern legt finanzielle Obergrenze f\u00fcr\u00a0Luis Diaz fest\u00a0 +++<\/p>\n<p class=\"css-1cmglxz\">Der FC Bayern M\u00fcnchen soll sich mit Fl\u00fcgelspieler Luis Diaz vom <a href=\"https:\/\/www.ran.de\/sports\/fussball\/liverpool-fc\" rel=\"nofollow noopener\" target=\"_blank\">FC Liverpool<\/a> auf einen Wechsel geeinigt haben.<\/p>\n<p class=\"css-1cmglxz\">Laut einem Bericht der &#8222;Sport Bild&#8220; hat der deutsche Rekordmeister zudem festgelegt, dass die finanzielle Schmerzgrenze f\u00fcr den 28-J\u00e4hrigen bei einer Abl\u00f6se von 60 Millionen Euro liegen soll.<\/p>\n<p class=\"css-1cmglxz\">Dass der Kolumbianer aufgrund seines Alters keinen gro\u00dfen Widerverkaufswert mehr habe, soll die Verantwortlichen nicht st\u00f6ren. Vielmehr gehe es darum, die Mannschaft jetzt besser zu machen.<\/p>\n<p class=\"css-1cmglxz\">Ein m\u00f6glicher Transfer k\u00f6nnte sich allerdings l\u00e4nger hinziehen. Aufgrund des Dramas um den verstorbenen Liverpool-Angreifer Diego Jota f\u00fchrt der FC Bayern aktuell keine Verhandlungen mit Liverpool.<\/p>\n<p>+++ 08. Juli, 09:44 Uhr: Bayern plant wohl erneuten Vorsto\u00df bei ehemaligem Bundesliga-Star +++<\/p>\n<p class=\"css-1cmglxz\">Die Liste der potenziellen Neuzug\u00e4nge in der Offensive nimmt beim <a href=\"https:\/\/www.ran.de\/sports\/fussball\/fc-bayern-muenchen\" rel=\"nofollow noopener\" target=\"_blank\">FC Bayern<\/a> weiter zu. Nun sollen die M\u00fcnchner bei dem n\u00e4chsten Spieler angeklopft haben &#8211; und das nicht zum ersten Mal.<\/p>\n<p class=\"css-1cmglxz\">Einem Bericht von &#8222;The Athletic&#8220; zufolge ist der deutsche Rekordmeister erneut an Christopher Nkunku dran. Der Ex-Leipziger wird seit Monaten immer wieder mit den Bayern in Verbindung gebracht. Bereits im vergangenen Jahr wurde das Interesse am ehemaligen Leipziger publik.<\/p>\n<p class=\"css-1cmglxz\">Nun k\u00f6nnte es erneut zu Gespr\u00e4chen zwischen den Parteien kommen. Klar ist: Chelsea besteht auf einen festen Verkauf &#8211; eine Leihe soll f\u00fcr die &#8222;Blues&#8220; keine Option darstellen. Der 27-J\u00e4hrige hat in London noch bis 2029 Vertrag.<\/p>\n<p class=\"css-1cmglxz\">Zuletzt musste sich der Franzose mit sporadischen Eins\u00e4tzen zufrieden geben. Auch bei der <a href=\"https:\/\/www.ran.de\/sports\/fussball\/klub-wm\" rel=\"nofollow noopener\" target=\"_blank\">FIFA Klub-WM<\/a>\u00a0geh\u00f6rte er nicht zum Stammpersonal &#8211; gegen Palmeiras stand er jedoch in der Start-Elf.<\/p>\n<p class=\"css-1cmglxz\">Auch interessant: <a data-li-document-ref=\"557947\" href=\"https:\/\/www.ran.de\/sports\/fussball\/bundesliga\/news\/fc-bayern-muenchen-transfer-coup-von-real-madrid-pro-und-contra-der-fluegel-kandidaten-557947\" rel=\"nofollow noopener\" target=\"_blank\">FC Bayern: Schl\u00e4gt Max Eberl bei Real Madrid zu? Die Fl\u00fcgel-Kandidaten im gro\u00dfen ran-Check<\/a>. Und: <a data-li-document-ref=\"558171\" href=\"https:\/\/www.ran.de\/sports\/fussball\/bundesliga\/news\/fc-bayern-muenchen-max-eberl-vor-dem-aus-top-manager-soll-kommen-mario-basler-heizt-geruechte-nochmal-an-558171\" rel=\"nofollow noopener\" target=\"_blank\">FC Bayern M\u00fcnchen: Max Eberl vor Aus? Markus Kr\u00f6sche soll zum Rekordmeister kommen &#8211; Mario Basler spricht Klartext<\/a><\/p>\n<p>+++ 07. Juli, 20:19 Uhr: \u00c4rger um Adam Aznou nach Post mit PSG-Star +++<\/p>\n<p class=\"css-1cmglxz\">Adam Aznou spielte bei der FIFA Klub-WM im Kader des FC Bayern quasi keine Rolle, jetzt hat der 19-J\u00e4hrige sich auch noch bei Teilen der Fans unbeliebt gemacht. Grund daf\u00fcr ist ein Post in den sozialen Medien kurz nach dem Viertelfinal-Aus gegen Paris Saint-Germain am vergangenen Samstag.<\/p>\n<p class=\"css-1cmglxz\">Es zeigt Aznou und PSG-Star Achraf Hakimi, beide strahlend posierend mit dem Trikot des jeweils anderen. Dazu schrieb Aznou den Hashtag #HakimiBallondOr. Der Post wurde nur wenige Stunden nach der Niederlage der Bayern gegen Paris abgesetzt &#8211; was bei vielen Fans nicht gut ankam, gerade auch mit Blick auf die schwere Verletzung von Jamal Musiala.<\/p>\n<p class=\"css-1cmglxz\">So schrieb ein User: &#8222;Jamal hat sich das Bein gebrochen, M\u00fcller hat sein letztes Spiel gespielt. Alle sind entt\u00e4uscht und du machst das.&#8220; Der Kommentar erhielt \u00fcber 1.000 Likes.<\/p>\n<p>Dieser Inhalt stammt von externen Anbietern wie Facebook, Instagram oder Youtube. Aktiviere bitte Personalisierte Anzeigen und Inhalte sowie Anbieter au\u00dferhalb des CMP Standards, um diese Inhalte anzuzeigen.Privatsph\u00e4re-Einstellungen<\/p>\n<p class=\"css-1cmglxz\">Andere Fans vermuteten eine Art Trotzreaktion von Aznou, nachdem er im Turnierverlauf von Trainer Vincent Kompany kaum ber\u00fccksichtigt worden war. &#8222;Wie kann man so empfindlich sein, nur weil man keine Spielzeit bei einem der besten Clubs der Welt bekommt?&#8220;, fragte ein User.<\/p>\n<p class=\"css-1cmglxz\">Laut &#8222;Bild&#8220; jedoch ging es bei dem Post ausschlie\u00dflich um die Freundschaft zwischen Aznou und Hakimi, die gemeinsam f\u00fcr die marokkanische Nationalmannschaft spielen. Der PSG-Star sei f\u00fcr Aznou nicht nur ein Freund, sondern auch ein Idol und ein F\u00f6rderer. Beide geh\u00f6ren zudem seit kurzem derselben Berateragentur an.<\/p>\n<p class=\"css-1cmglxz\">In Bezug auf Musiala habe sich Aznou pers\u00f6nlich beim DFB-Star erkundigt und ihm eine schnelle Genesung gew\u00fcnscht, berichtet das Blatt. Auf Instagram setzte er zudem eine Story mit \u00e4hnlichem Inhalt ab.<\/p>\n<p class=\"css-1cmglxz\">Offen ist dennoch, wie es mit Aznou bei den Bayern weitergeht. Zuletzt lie\u00df er seine Zukunft offen und forderte mehr Spielzeit.<\/p>\n<p>+++ 05. Juli, 18:23 Uhr: Eberl verr\u00e4t Details zum gescheiterten Williams-Poker +++<\/p>\n<p class=\"css-1cmglxz\">Nico Williams hat seinen Vertrag bei Athletic Bilbao \u00fcberraschend langfristig verl\u00e4ngert &#8211; damit geht auch der <a href=\"https:\/\/www.ran.de\/sports\/fussball\/fc-bayern-muenchen\" rel=\"nofollow noopener\" target=\"_blank\">FC Bayern<\/a> leer aus. Nun \u00e4u\u00dferte sich <a href=\"https:\/\/www.ran.de\/sports\/stars\/max-eberl\" rel=\"nofollow noopener\" target=\"_blank\">Max Eberl<\/a> erneut zu der Thematik.<\/p>\n<p class=\"css-1cmglxz\">Vor der Viertelfinal-Partie bei der <a href=\"https:\/\/www.ran.de\/sports\/fussball\/klub-wm\" rel=\"nofollow noopener\" target=\"_blank\">FIFA Klub-WM<\/a> gegen den amtierenden <a href=\"https:\/\/www.ran.de\/sports\/fussball\/champions-league\" rel=\"nofollow noopener\" target=\"_blank\">Champions-League<\/a>-Sieger Paris Saint-Germain verriet der Sportvorstand bei &#8222;DAZN&#8220;: &#8222;Nat\u00fcrlich haben wir gepr\u00fcft, ob es m\u00f6glich ist, einen Spieler wie Nico Williams zu verpflichten.&#8220;<\/p>\n<p class=\"css-1cmglxz\">Am Ende sei es aber an den monet\u00e4ren Forderungen des Spielers gescheitert, wie Eberl erkl\u00e4rt: &#8222;Bei den Gehaltsforderungen, die wir geh\u00f6rt haben, nur um mit dem Spieler zu sprechen, haben wir als FC Bayern schnell einen R\u00fcckzieher gemacht und gesagt, wir machen das nicht.&#8220;<\/p>\n<p class=\"css-1cmglxz\"><a href=\"https:\/\/www.ran.de\/sports\/fussball\/primera-division-la-liga\/news\/fc-bayern-muenchen-mega-wende-bei-nico-williams-so-viel-verdient-er-nach-dem-deal-556650\" rel=\"nofollow noopener\" target=\"_blank\">Laut Fabrizio Romano soll Williams zuk\u00fcnftig zehn Millionen Euro netto im Baskenland verdienen<\/a>. Zudem sollen in dem neuen Vertrag mehrere Boni enthalten sein. Geld, das ihm die Bayern wohl nicht zahlen wollten &#8211; auch der <a href=\"https:\/\/www.ran.de\/sports\/fussball\/fc-barcelona\" rel=\"nofollow noopener\" target=\"_blank\">FC Barcelona<\/a> geht im Poker leer aus.<\/p>\n<p class=\"css-1cmglxz\"><a data-li-document-ref=\"557219\" href=\"https:\/\/www.ran.de\/sports\/fussball\/klub-wm\/news\/fc-bayern-jamal-musiala-verletzt-sich-schwer-verein-gibt-wichtiges-update-557219\" rel=\"nofollow noopener\" target=\"_blank\">FC Bayern: Jamal Musiala wohl schwer verletzt<\/a><\/p>\n<p>+++ 05. Juli, 09:25 Uhr: Absage an Bayern: Williams-Verl\u00e4ngerung &#8222;ist ein Statement&#8220; +++<\/p>\n<p class=\"css-1cmglxz\">Nico Williams hat seinen Vertrag bei Athletic Bilbao verl\u00e4ngert und damit vor allem den FC Barcelona, aber auch den FC Bayern d\u00fcpiert. Denn die M\u00fcnchner hatten bekanntlich auch Interesse an dem Fl\u00fcgelst\u00fcrmer. Jetzt hat sich der Rekordmeister zu der Williams-Entscheidung ge\u00e4u\u00dfert.<\/p>\n<p class=\"css-1cmglxz\">&#8222;Ich habe die Verl\u00e4ngerung zur Kenntnis genommen. Eine Zehnjahres-Laufzeit ist ein Statement&#8220;, sagte Vorstandschef Jan-Christian Dreesen bei der Klub-WM.<\/p>\n<p class=\"css-1cmglxz\">Als Bayern-Niederlage wollte Dreesen die Entwicklung bei Williams nicht verstanden wissen, denn er habe gelesen, dass &#8222;der Spieler ja eh schon nicht mehr bei uns in der Diskussion&#8220; war, sondern &#8222;praktisch bei Barcelona. Von daher ist das eher eine Frage f\u00fcr Barcelona und nicht f\u00fcr uns.&#8220;<\/p>\n<p class=\"css-1cmglxz\">Dreesen zeigte aber durchaus Verst\u00e4ndnis f\u00fcr die Unterschrift in Bilbao. &#8222;Man darf nicht vergessen, dass Nico Williams Baske ist und Bilbao ausschlie\u00dflich mit baskischen Spielern spielt. Die haben also dort auch ihre eigenen Gesetze&#8220;, so Dreesen. Und dass Williams\u2018 Bruder bei Bilbao spiele, &#8222;hat sicherlich einen Ausschlag gegeben.&#8220;<\/p>\n<p>+++ 04. Juli, 10:50 Uhr: Absage an Bayern und Barca! Williams verl\u00e4ngert bei Bilbao +++<\/p>\n<p class=\"css-1cmglxz\">Das ist eine gro\u00dfe \u00dcberraschung!<\/p>\n<p class=\"css-1cmglxz\">Nico Williams sagt sowohl dem FC Bayern als auch dem FC Barcelona ab und verl\u00e4ngert seinen Vertrag bei Athletic Bilbao &#8211; bis 2035!<\/p>\n<p class=\"css-1cmglxz\">Demnach hat Williams eine neue Ausstiegsklausel in seinem Vertrag, die Bilbao mehr als 50 Prozent als die vorherige einbringen w\u00fcrde. Berichten zufolge soll diese zuletzt bei 63 Millionen Euro gelegen haben.<\/p>\n<p class=\"css-1cmglxz\">&#8222;Wenn es darum geht, Entscheidungen zu treffen, ist f\u00fcr mich das Wichtigste, auf sein Herz zu h\u00f6ren. Ich bin dort, wo ich sein will &#8211; bei meinen Menschen, das hier ist mein Zuhause. Aupa Athletic!&#8220;, sagte Williams in einem Video, das der Klub \u00fcber seine Social-Media-Kan\u00e4le ver\u00f6ffentlicht hat.<\/p>\n<p>FC Bayern M\u00fcnchen: Die aktuellsten Transfers<\/p>\n","protected":false},"excerpt":{"rendered":"Alle Transfer-News und Ger\u00fcchte zum\u00a0FC Bayern M\u00fcnchen im \u00dcberblick. Welche Stars wechseln? Welche gehen? Alle Informationen zum deutschen&hellip;\n","protected":false},"author":2,"featured_media":261308,"comment_status":"","ping_status":"","sticky":false,"template":"","format":"standard","meta":{"footnotes":""},"categories":[1827],"tags":[5114,772,50574,57007,29,458,954,30,22045,4445,73410,79304,1268,15],"class_list":{"0":"post-261307","1":"post","2":"type-post","3":"status-publish","4":"format-standard","5":"has-post-thumbnail","7":"category-muenchen","8":"tag-angebot","9":"tag-bayern","10":"tag-brest","11":"tag-daniel-peretz","12":"tag-deutschland","13":"tag-fc-bayern-muenchen","14":"tag-fc-liverpool","15":"tag-germany","16":"tag-geruechte","17":"tag-ligue-1","18":"tag-luis-diaz","19":"tag-metz","20":"tag-muenchen","21":"tag-news"},"share_on_mastodon":{"url":"https:\/\/pubeurope.com\/@de\/114837710649147300","error":""},"_links":{"self":[{"href":"https:\/\/www.europesays.com\/de\/wp-json\/wp\/v2\/posts\/261307","targetHints":{"allow":["GET"]}}],"collection":[{"href":"https:\/\/www.europesays.com\/de\/wp-json\/wp\/v2\/posts"}],"about":[{"href":"https:\/\/www.europesays.com\/de\/wp-json\/wp\/v2\/types\/post"}],"author":[{"embeddable":true,"href":"https:\/\/www.europesays.com\/de\/wp-json\/wp\/v2\/users\/2"}],"replies":[{"embeddable":true,"href":"https:\/\/www.europesays.com\/de\/wp-json\/wp\/v2\/comments?post=261307"}],"version-history":[{"count":0,"href":"https:\/\/www.europesays.com\/de\/wp-json\/wp\/v2\/posts\/261307\/revisions"}],"wp:featuredmedia":[{"embeddable":true,"href":"https:\/\/www.europesays.com\/de\/wp-json\/wp\/v2\/media\/261308"}],"wp:attachment":[{"href":"https:\/\/www.europesays.com\/de\/wp-json\/wp\/v2\/media?parent=261307"}],"wp:term":[{"taxonomy":"category","embeddable":true,"href":"https:\/\/www.europesays.com\/de\/wp-json\/wp\/v2\/categories?post=261307"},{"taxonomy":"post_tag","embeddable":true,"href":"https:\/\/www.europesays.com\/de\/wp-json\/wp\/v2\/tags?post=261307"}],"curies":[{"name":"wp","href":"https:\/\/api.w.org\/{rel}","templated":true}]}}