{"id":261311,"date":"2025-07-12T01:40:39","date_gmt":"2025-07-12T01:40:39","guid":{"rendered":"https:\/\/www.europesays.com\/de\/261311\/"},"modified":"2025-07-12T01:40:39","modified_gmt":"2025-07-12T01:40:39","slug":"schaeden-an-bruecke-entdeckt-a7-am-horster-dreieck-gesperrt","status":"publish","type":"post","link":"https:\/\/www.europesays.com\/de\/261311\/","title":{"rendered":"Sch\u00e4den an Br\u00fccke entdeckt: A7 am Horster Dreieck gesperrt"},"content":{"rendered":"<p>\n            Stand: 11.07.2025 18:14 Uhr<\/p>\n<p class=\"preface\">Seit Donnerstagnachmittag ist die A7 im Bereich des Horster Dreiecks bei Seevetal (Landkreis Harburg) einseitig gesperrt. Der ADAC Hamburg rechnet mit massiven Staus am Wochenende.<\/p>\n<p class=\"\">\nAutofahrerinnen und Autofahrer werden wegen der Sperrung von der A7 \u00fcber die A1 in Richtung Maschener Kreuz umgeleitet, sagte Veronika Boge, Sprecherin der Autobahn GmbH. Von dort aus f\u00fchrt die Umleitung dann \u00fcber die A39 wieder auf die A7. Lkw-Fahrer m\u00fcssen ab Walsrode (Landkreis Heidekreis) ihre Genehmigung \u00fcberpr\u00fcfen lassen. Der Verkehr in Richtung S\u00fcden ist laut Autobahn-Gesellschaft nicht betroffen.<\/p>\n<p>    Staugefahr am Wochenende<\/p>\n<p>                    <a href=\"https:\/\/www.europesays.com\/de\/wp-content\/uploads\/2025\/07\/autobahnbruecke-112.webp\" class=\"zoomimage\" title=\"Bild vergr\u00f6\u00dfern\"><\/p>\n<p>        <img decoding=\"async\" src=\"https:\/\/www.europesays.com\/de\/wp-content\/uploads\/2025\/07\/autobahnbruecke-112.webp\" alt=\"Betonteile, die bei der Sanierung einer maroden Autobahnbr\u00fccke angefallen sind.\" title=\"An der Br\u00fccke wurden Betonsch\u00e4den festgestellt. | NEWS5\" class=\"responsive\" loading=\"lazy\"\/><\/p>\n<p>                    <\/a><\/p>\n<p>                    An der Br\u00fccke wurden Betonsch\u00e4den festgestellt.<\/p>\n<p class=\"\">\nDer ADAC Hamburg \u00e4u\u00dferte am Freitag Kritik. Die Br\u00fccken seien kaputtgespart worden, sagte Sprecher Christoph Tietgen dem NDR Niedersachsen. Nun m\u00fcssten die Autofahrer das ausbaden. Mehr Zeit m\u00fcssen Verkehrsteilnehmende am Freitag auch auf der A31 einplanen: In H\u00f6he Wietmarschen (Landkreis Grafschaft Bentheim) <a href=\"https:\/\/www.ndr.de\/nachrichten\/niedersachsen\/osnabrueck_emsland\/ferienbeginn-in-nrw-polizei-kontrolliert-auf-a31-droht-stau,sommerferien-108.html\" title=\"Ferienbeginn in NRW, Polizei kontrolliert: Auf A31 droht Stau\" rel=\"nofollow noopener\" target=\"_blank\">kontrolliert die Polizei<\/a> vor allem Urlauber mit vollgepackten Autos, die m\u00f6glicherweise \u00fcberladen oder falsch gesichert sind.<\/p>\n<p>    Strecke bis n\u00e4chste Woche gesperrt<\/p>\n<p class=\"\">\nAuf der A7 waren w\u00e4hrend Sanierungsarbeiten an einer Br\u00fccke Betonsch\u00e4den festgestellt worden. Das hatte die zust\u00e4ndige Autobahn-Gesellschaft am Donnerstag mitgeteilt. Am Horster Dreieck f\u00fchrt die\u00a0A7\u00a0\u00fcber die A1. Der betroffene Abschnitt in Fahrtrichtung Hamburg sei den Angaben zufolge sofort <a href=\"https:\/\/www.ndr.de\/nachrichten\/verkehr\/index.html\" title=\"Verkehrsmeldungen f\u00fcr Norddeutschland\" rel=\"nofollow noopener\" target=\"_blank\">gesperrt<\/a> worden, um die Br\u00fccke zu entlasten. Weiterf\u00fchrende Untersuchungen seien umgehend eingeleitet worden. Aktuell untersuche ein Statiker die Sch\u00e4den an der Br\u00fccke. Wie die Autobahn GmbH am Freitag mitteilte, bleibe die Sperrung so lange erhalten, bis die Ergebnisse der Untersuchungen vorliegen w\u00fcrden und weitere Ma\u00dfnahmen beschlossen werden k\u00f6nnen. Zuvor war von einer Sperrung bis Mitte kommender Woche die Rede.<\/p>\n<p>        <img decoding=\"async\" src=\"https:\/\/www.europesays.com\/de\/wp-content\/uploads\/2025\/06\/stau1656.webp\" alt=\"Stau auf der Autobahn 1 in Schleswig-Holstein Richtung Hamburg.\" title=\"Stau auf der Autobahn 1 in Schleswig-Holstein Richtung Hamburg. | dpa - picture alliance, Markus Scholz\" class=\"responsive\" loading=\"lazy\"\/><\/p>\n<p>Staus, Baustellen und Gefahren: Meldungen zum Verkehr f\u00fcr Hamburg, Niedersachsen, Schleswig-Holstein und Mecklenburg-Vorpommern.<\/p>\n<p>        <img decoding=\"async\" src=\"https:\/\/www.europesays.com\/de\/wp-content\/uploads\/2025\/07\/stau-194.webp\" alt=\"Autos stehen auf einer Autobahn im Stau. (Themenbild)\" title=\"Autos stehen auf einer Autobahn im Stau. (Themenbild) | dpa, Marijan Murat\" class=\"responsive\" loading=\"lazy\"\/><\/p>\n<p>Die Polizei \u00fcberpr\u00fcft heute Fahrzeuge: Sind sie richtig beladen und gesichert? Autofahrer brauchen voraussichtlich Geduld.<\/p>\n<p>        <img decoding=\"async\" src=\"https:\/\/www.europesays.com\/de\/wp-content\/uploads\/2025\/07\/uelzen-100.webp\" alt=\"Zahlreiche Menschen sitzen w\u00e4hrend einer Streckensperrung in Uelzen fest.\" title=\"Zahlreiche Menschen sitzen w\u00e4hrend einer Streckensperrung in Uelzen fest. | privat\" class=\"responsive\" loading=\"lazy\"\/><\/p>\n<p>Ein Abschnitt zwischen Hamburg und Hannover war mehrere Stunden komplett gesperrt. Hunderte Fahrg\u00e4ste mussten warten.<\/p>\n<p>        <img decoding=\"async\" src=\"https:\/\/www.europesays.com\/de\/wp-content\/uploads\/2025\/07\/regionallg100.webp\" alt=\"Ein alter Kran im L\u00fcneburger Hafenviertel.\" title=\"Ein alter Kran im L\u00fcneburger Hafenviertel. | NDR, Julius Matuschik\" class=\"responsive\" loading=\"lazy\"\/><\/p>\n<p>\n                                    8 Min<\/p>\n<p>Was in Ihrer Region wichtig ist, h\u00f6ren Sie in dem Mitschnitt der 15:00 Uhr Regional-Nachrichten auf NDR 1 Niedersachsen.<\/p>\n<p>Dieses Thema im Programm:<\/p>\n<p>                NDR 1 Niedersachsen | Aktuell | 11.07.2025 | 12:00 Uhr<\/p>\n","protected":false},"excerpt":{"rendered":"Stand: 11.07.2025 18:14 Uhr Seit Donnerstagnachmittag ist die A7 im Bereich des Horster Dreiecks bei Seevetal (Landkreis Harburg)&hellip;\n","protected":false},"author":2,"featured_media":259288,"comment_status":"","ping_status":"","sticky":false,"template":"","format":"standard","meta":{"footnotes":""},"categories":[1826],"tags":[51106,5260,4074,5543,9930,78950,35920,29,30,692,78949,56894,2224,4073,601],"class_list":{"0":"post-261311","1":"post","2":"type-post","3":"status-publish","4":"format-standard","5":"has-post-thumbnail","7":"category-hamburg","8":"tag-a39","9":"tag-a7","10":"tag-adac","11":"tag-autobahn","12":"tag-beton","13":"tag-betonschaeden","14":"tag-brueckenschaden","15":"tag-deutschland","16":"tag-germany","17":"tag-hamburg","18":"tag-horster-dreieck","19":"tag-seevetal","20":"tag-sperrung","21":"tag-umleitung","22":"tag-verkehr"},"share_on_mastodon":{"url":"https:\/\/pubeurope.com\/@de\/114837718710164469","error":""},"_links":{"self":[{"href":"https:\/\/www.europesays.com\/de\/wp-json\/wp\/v2\/posts\/261311","targetHints":{"allow":["GET"]}}],"collection":[{"href":"https:\/\/www.europesays.com\/de\/wp-json\/wp\/v2\/posts"}],"about":[{"href":"https:\/\/www.europesays.com\/de\/wp-json\/wp\/v2\/types\/post"}],"author":[{"embeddable":true,"href":"https:\/\/www.europesays.com\/de\/wp-json\/wp\/v2\/users\/2"}],"replies":[{"embeddable":true,"href":"https:\/\/www.europesays.com\/de\/wp-json\/wp\/v2\/comments?post=261311"}],"version-history":[{"count":0,"href":"https:\/\/www.europesays.com\/de\/wp-json\/wp\/v2\/posts\/261311\/revisions"}],"wp:featuredmedia":[{"embeddable":true,"href":"https:\/\/www.europesays.com\/de\/wp-json\/wp\/v2\/media\/259288"}],"wp:attachment":[{"href":"https:\/\/www.europesays.com\/de\/wp-json\/wp\/v2\/media?parent=261311"}],"wp:term":[{"taxonomy":"category","embeddable":true,"href":"https:\/\/www.europesays.com\/de\/wp-json\/wp\/v2\/categories?post=261311"},{"taxonomy":"post_tag","embeddable":true,"href":"https:\/\/www.europesays.com\/de\/wp-json\/wp\/v2\/tags?post=261311"}],"curies":[{"name":"wp","href":"https:\/\/api.w.org\/{rel}","templated":true}]}}