{"id":261315,"date":"2025-07-12T01:43:27","date_gmt":"2025-07-12T01:43:27","guid":{"rendered":"https:\/\/www.europesays.com\/de\/261315\/"},"modified":"2025-07-12T01:43:27","modified_gmt":"2025-07-12T01:43:27","slug":"zahl-der-abschiebungen-aus-berlin-wieder-gestiegen","status":"publish","type":"post","link":"https:\/\/www.europesays.com\/de\/261315\/","title":{"rendered":"Zahl der Abschiebungen aus Berlin wieder gestiegen"},"content":{"rendered":"<p class=\"tspAMht tspAMhu\">Die Zahl der Abschiebungen aus Berlin ist wieder gestiegen. So wurden nach Angaben der Senatsinnenverwaltung im ersten Halbjahr 2025 804 Menschen abgeschoben. Im ersten Halbjahr 2024 waren es 515 \u2013 und damit deutlich weniger. Zuvor hatte der <a href=\"https:\/\/www.rbb24.de\/politik\/beitrag\/2025\/07\/berlin-mehr-abschiebungen-erstes-halbjahr-2025.html\" target=\"_blank\" rel=\"noopener\" class=\"link link--external\" data-gtm-class=\"article-text-link\" data-gtm-val=\"external\" aria-describedby=\"message-target-blank\">RBB <\/a>\u00fcber das Thema berichtet.\u00a0<\/p>\n<p class=\"tspAMht\">Nach den Daten der Innenverwaltung stammten allein 307 der zuletzt Abgeschobenen aus Moldau. Das war mit weitem Abstand die gr\u00f6\u00dfte Gruppe, gefolgt von Menschen aus Georgien mit 154. Nach Serbien gab es 47 Abschiebungen, in die T\u00fcrkei 39.\u00a0<\/p>\n<p class=\"tspAMht\">In der Statistik stehen fast 50 L\u00e4nder von Albanien bis Vietnam. In viele davon gab es Abschiebungen nur im einstelligen Bereich. 548 Menschen wurden im Rahmen von Charterfl\u00fcgen abgeschoben. In 2024 gab es 1290 Abschiebungen ausreisepflichtiger Menschen aus Berlin. Im Jahr davor waren es 1370, 2022 nur 897.<\/p>\n<p> Die CDU will noch mehr abschieben <\/p>\n<p class=\"tspAMht\">CDU-Fraktionschef Dirk Stettner sagte dem RBB, die Koalition sei auf dem richtigen Weg. Die steigenden Zahlen seien erfreulich. \u201eWeitere Ma\u00dfnahmen werden dazu beitragen, dass wir noch effizienter werden.\u201c\u00a0<\/p>\n<p class=\"tspAMht\">Der migrationspolitische Sprecher der SPD-Fraktion, Orkan \u00d6zdemir, bewertete die Entwicklung anders: \u201eIch feiere nicht, dass wir so viele Menschen abschieben.\u201c Hinter jedem Fall stehe ein Schicksal.<\/p>\n<p> Mehr zum Thema <a href=\"https:\/\/www.tagesspiegel.de\/berlin\/missbrauch-von-vertraulichen-informationen-berliner-cdu-will-fluchtlingsaktivisten-bestrafen-die-abschiebungen-verraten-13973525.html?icid=topic-list_14010335___\" data-gtm-class=\"article-mzt-link\" class=\"tspBJk9\" target=\"_blank\" rel=\"noopener\">\u201eMissbrauch von vertraulichen Informationen\u201c Berliner CDU will Fl\u00fcchtlingsaktivisten bestrafen, die Abschiebungen verraten <\/a><a href=\"https:\/\/www.tagesspiegel.de\/berlin\/deutschlands-grosste-gefluchtetenunterkunft-berliner-senat-will-standort-in-tegel-auch-nach-2025-erhalten-13657345.html?icid=topic-list_14010335___\" data-gtm-class=\"article-mzt-link\" class=\"tspBJk9\" target=\"_blank\" rel=\"noopener\">Deutschlands gr\u00f6\u00dfte Gefl\u00fcchtetenunterkunft Berliner Senat will Standort in Tegel auch nach 2025 erhalten  <\/a><a href=\"https:\/\/www.tagesspiegel.de\/berlin\/nach-gewaltsamer-besetzung-des-fu-prasidiums-verwaltungsgericht-stoppt-abschiebung-von-palastina-aktivistin-nach-irland-13652602.html?icid=topic-list_14010335___\" data-gtm-class=\"article-mzt-link\" class=\"tspBJk9\" target=\"_blank\" rel=\"noopener\">Nach gewaltsamer Besetzung des FU-Pr\u00e4sidiums Verwaltungsgericht stoppt Abschiebung von Pal\u00e4stina-Aktivistin nach Irland <\/a><\/p>\n<p class=\"tspAMht\">Kritisch sieht \u00d6zdemir Vorschl\u00e4ge der Berliner CDU-Fraktion f\u00fcr eine Gesetzes\u00e4nderung, nach der Fl\u00fcchtlingsaktivisten sich strafbar machen sollen, <a href=\"https:\/\/www.tagesspiegel.de\/berlin\/missbrauch-von-vertraulichen-informationen-berliner-cdu-will-fluchtlingsaktivisten-bestrafen-die-abschiebungen-verraten-13973525.html?icid=in-text-link_14010335\" class=\"link link--internal\" data-gtm-class=\"article-text-link\" data-gtm-val=\"internal\" target=\"_blank\" rel=\"noopener\">wenn sie Informationen \u00fcber geplante Abschiebungen weitergebe<\/a>n. Die CDU dramatisiere ein Problem, das gar nicht existiere, sagte \u00d6zdemir dem RBB und nannte das \u201erechtspopulistisch\u201c.\u00a0<\/p>\n<p class=\"tspAMht\">Stettner betonte dagegen, an der Forderung festzuhalten. Zun\u00e4chst denke er an eine Bundesratsinitiative \u00fcber den schwarz-roten Senat. \u201eWenn die SPD da nicht mitziehen will, weil sie aus mir unverst\u00e4ndlichen Gr\u00fcnden verhindern m\u00f6chte, dass abgeschoben wird, dann wird es eben \u00fcber den Bundestag gemacht.\u201c (dpa)<\/p>\n","protected":false},"excerpt":{"rendered":"Die Zahl der Abschiebungen aus Berlin ist wieder gestiegen. So wurden nach Angaben der Senatsinnenverwaltung im ersten Halbjahr&hellip;\n","protected":false},"author":2,"featured_media":261316,"comment_status":"","ping_status":"","sticky":false,"template":"","format":"standard","meta":{"footnotes":""},"categories":[1825],"tags":[534,2765,296,31,29,13538,30,2239,5157,184,143],"class_list":{"0":"post-261315","1":"post","2":"type-post","3":"status-publish","4":"format-standard","5":"has-post-thumbnail","7":"category-berlin","8":"tag-asylrecht","9":"tag-auslaenderpolitik","10":"tag-berlin","11":"tag-cdu","12":"tag-deutschland","13":"tag-georgien","14":"tag-germany","15":"tag-rbb","16":"tag-serbien","17":"tag-spd","18":"tag-tuerkei"},"share_on_mastodon":{"url":"https:\/\/pubeurope.com\/@de\/114837730607265166","error":""},"_links":{"self":[{"href":"https:\/\/www.europesays.com\/de\/wp-json\/wp\/v2\/posts\/261315","targetHints":{"allow":["GET"]}}],"collection":[{"href":"https:\/\/www.europesays.com\/de\/wp-json\/wp\/v2\/posts"}],"about":[{"href":"https:\/\/www.europesays.com\/de\/wp-json\/wp\/v2\/types\/post"}],"author":[{"embeddable":true,"href":"https:\/\/www.europesays.com\/de\/wp-json\/wp\/v2\/users\/2"}],"replies":[{"embeddable":true,"href":"https:\/\/www.europesays.com\/de\/wp-json\/wp\/v2\/comments?post=261315"}],"version-history":[{"count":0,"href":"https:\/\/www.europesays.com\/de\/wp-json\/wp\/v2\/posts\/261315\/revisions"}],"wp:featuredmedia":[{"embeddable":true,"href":"https:\/\/www.europesays.com\/de\/wp-json\/wp\/v2\/media\/261316"}],"wp:attachment":[{"href":"https:\/\/www.europesays.com\/de\/wp-json\/wp\/v2\/media?parent=261315"}],"wp:term":[{"taxonomy":"category","embeddable":true,"href":"https:\/\/www.europesays.com\/de\/wp-json\/wp\/v2\/categories?post=261315"},{"taxonomy":"post_tag","embeddable":true,"href":"https:\/\/www.europesays.com\/de\/wp-json\/wp\/v2\/tags?post=261315"}],"curies":[{"name":"wp","href":"https:\/\/api.w.org\/{rel}","templated":true}]}}