{"id":26132,"date":"2025-04-12T13:43:15","date_gmt":"2025-04-12T13:43:15","guid":{"rendered":"https:\/\/www.europesays.com\/de\/26132\/"},"modified":"2025-04-12T13:43:15","modified_gmt":"2025-04-12T13:43:15","slug":"1069-radio-gong-dein-heimvorteil-live-aus-6","status":"publish","type":"post","link":"https:\/\/www.europesays.com\/de\/26132\/","title":{"rendered":"106,9 Radio Gong &#8211; Dein Heimvorteil live aus\u2026"},"content":{"rendered":"<p>Feste<\/p>\n<p><strong>Kitzinger Fr\u00fchlingsfest<\/strong><\/p>\n<p>Autoscooter, Kinderkarussell und andere Fahr- und Spielgesch\u00e4fte kfindet ihr heute auf dem Kitzinger Fr\u00fchlingsfest!<\/p>\n<ul>\n<li>Wann? Samstag, 12. April bis einschlie\u00dflich Ostermontag, 14 bis 21 Uhr (Karfreitag geschlossen)<\/li>\n<li>Wo? Bleichwasen, Etwashausen<\/li>\n<\/ul>\n<p><strong>Nordheimer Jungweinpr\u00e4sentation<\/strong><\/p>\n<p>15\u20ac zahlen und \u00fcber 100 Weine testen &#8211; das k\u00f6nnt ihr heute vor dem Ratahus in Nordheim!<\/p>\n<ul>\n<li>Wann? 14 bis 17 Uhr<\/li>\n<li>Wo? Rathaus Nordheim<\/li>\n<\/ul>\n<p>Osterm\u00e4rkte<\/p>\n<p><strong>Ostermarkt in Karlstadt<\/strong><br \/>Bunter Markt &amp; Flohmarkt f\u00fcr die ganze Family.<\/p>\n<ul>\n<li>Wann? ab 10 Uhr<\/li>\n<li>Wo? Karlstadt<\/li>\n<\/ul>\n<p><strong>Ostermarkt in Acholshausen<\/strong><\/p>\n<p>Rund 30 Hobby-K\u00fcnstler und Kunsthandwerker erwarten Sie in der Dorfmitte und den umliegenden H\u00f6fen.<\/p>\n<ul>\n<li>Wann? 11 bis 17 Uhr<\/li>\n<li>Wo? Acholshausen<\/li>\n<\/ul>\n<p><strong>Fr\u00fchjahrsmarkt in Gem\u00fcnden<\/strong><\/p>\n<p>Bunter Flohmarkt an der Stadtmauer<\/p>\n<ul>\n<li>Wann? 12 bis 27 Uhr<\/li>\n<li>Wo? Gem\u00fcnden<\/li>\n<\/ul>\n<p>Kinder- und Spielzeugmarkt<\/p>\n<p>St\u00f6bern und findet Schn\u00e4ppchen f\u00fcr eure Kids!<\/p>\n<ul>\n<li>Wann? 14 bis 16 Uhr<\/li>\n<li>Wo? Gethsemanekirche, Strassburger Ring 127 in W\u00fcrzburg<\/li>\n<\/ul>\n<p>W\u00fcrzburger Fr\u00fchjahrsvolksfest<\/p>\n<p>Ein letztes Mal warten das gro\u00dfe Festzelt, zahlreiche Fahrgesch\u00e4fte f\u00fcr Klein und Gro\u00df sowie viele Essbuden auf euch!<\/p>\n<p>Heute von 14 bis 19 Uhr mit Ballontieren f\u00fcr Kids und Baumkraxeln!<\/p>\n<p>Ab 17.30 Uhr spielen die Hettstadter Musikanten!<\/p>\n<ul>\n<li>Wann? Mo bis Do 14 bis 23 Uhr<br \/>Fr und Sa 14 bis 0 Uhr<br \/>So 12 bis 22.30 Uhr<\/li>\n<li>Wo? Talavera W\u00fcrzburg<\/li>\n<\/ul>\n<p>H\u00e4felesmess in W\u00fcrzburg<\/p>\n<p>Parallel zum Volksfest laden die Marktkaufleute wieder zur traditionellen Verkaufsmesse ein!<\/p>\n<ul>\n<li><strong>Wo?<\/strong> Oberer und Unterer Markt W\u00fcrzburg<\/li>\n<li><strong>Wann?<\/strong> Mo bis Sa 9.30 bis 18.30, So 11 bis 18 Uhr<\/li>\n<\/ul>\n<p>Ab in den Biergarten!<\/p>\n<p>Den Fr\u00fchlingsanfang k\u00f6nnt ihr heute in der Sonne genie\u00dfen.<\/p>\n<p><strong>Waldsch\u00e4nke Dornheim<\/strong><br \/>Endlich hat auch wieder der Biergarten am Dornheim ge\u00f6ffnet!<\/p>\n<ul>\n<li>Wann? ab 12 Uhr<\/li>\n<li>Wo? Talavera<\/li>\n<\/ul>\n<p><strong>Sch\u00fctzenhof W\u00fcrzburg<\/strong><\/p>\n<ul>\n<li>\u00d6ffnungszeiten: Montag bis Freitag 11 bis 23 Uhr, Samstag und Sonntag 11 bis 21 Uhr<\/li>\n<li>Wo? Mainleitenweg 48, W\u00fcrzburg<\/li>\n<\/ul>\n<p><strong>Wirtshaus am Postkutscherl<\/strong><\/p>\n<ul>\n<li>\u00d6ffnungszeiten: Di bis Fr ab 17 Uhr, Sa&amp; So ab 12 Uhr<\/li>\n<li>Wo? Waldkugelweg 5, W\u00fcrzburg<\/li>\n<\/ul>\n<p>Weitere Bierg\u00e4rten, die schon ge\u00f6ffnet haben, findet ihr in unserer <a href=\"https:\/\/www.radiogong.com\/aktuelles\/diese-bierg%C3%A4rten-haben-schon-ge%C3%B6ffnet\" target=\"_blank\" rel=\"noreferrer noopener nofollow\">\u00dcbersicht<\/a>.<\/p>\n<p>11. Iph\u00f6fer Weinfreundschaften und verkaufsoffener Sonntag<\/p>\n<p>Vinothek, Winzer, Wirte und Einzelh\u00e4ndler laden ein zum zwanglosen Sch\u00f6ppeln, St\u00f6bern, Plaudern und Genie\u00dfen &#8211; drinnen und drau\u00dfen und dabei den Sonntag zum Shoppen nutzen!<\/p>\n<ul>\n<li>Wann? 11 bis 18 Uhr<\/li>\n<li>Wo? Alte Reichstra\u00dfe, Iphofen<\/li>\n<\/ul>\n<p>Schifffahrt rund um die Volkacher Mainschleife<\/p>\n<p>Der entspannte Sonntag auf dem Main<\/p>\n<ul>\n<li><strong>Wann? <\/strong>14 bis 15.30 Uhr<\/li>\n<li><strong>Wo?<\/strong> Volkach<\/li>\n<\/ul>\n<p>Kinoprogramm in Cineworld in Dettelbach<\/p>\n<p><strong>Mein erster Kinobesuch: Die H\u00e4schenschule &#8211; Jagd nach dem goldenen Ei<\/strong><\/p>\n<p>Animationsabenteuer nach dem gleichnamigen Kinderbuch um einen kleinkriminellen Hasen, der zu einem wackeren Osterhasen wird.<\/p>\n<p>Um 14:00 Uhr<\/p>\n<p><strong>Au\u00dferdem:<\/strong><\/p>\n<p><strong>Ein Minecraft Film<\/strong><br \/>Live-Action-Verfilmung zum gleichnamigen Videospiel mit Jason Momoa und Jack Black in den Hauptrollen&#8230;<br \/>Insgesamt acht Mal, beispielsweise um 13:45 Uhr, 16:25 Uhr (3D), 19:00 Uhr und 20:45 Uhr (3D).<\/p>\n<p><strong>The Amateur<\/strong><br \/>Actionthriller nach Buchvorlage mit Rami Malek und Laurence Fishburne.<br \/>Um 17:55 Uhr, 20:20 Uhr und 20:30 Uhr.<\/p>\n<p><strong>Voila, Papa! &#8211; Der fast perfekte Schwiegersohn<\/strong><br \/>Kom\u00f6die um Psychoanalytiker Olivier (Christian Clavier), der \u2013 ein Jahr nachdem er Damien, seinen nervigsten Patienten, gl\u00fccklich losgeworden ist \u2013 diesen als Verlobten seiner Tochter Alice in seinem Haus empfangen muss.<br \/>Um 18:15 Uhr und 20:30 Uhr.<\/p>\n<p><strong>Dog Man: Wau gegen Miau<\/strong><br \/>Kinderbuchverfilmung rund um den Polizisten Dog Man und den Schurken Petey the Cat.<br \/>Um 11:00, 13:00 Uhr , 15:45 Uhr und 18:05 Uhr.<\/p>\n<p><a href=\"https:\/\/www.cineplex.de\/programm\/dettelbach\/\" rel=\"nofollow noopener\" target=\"_blank\"><strong>Hier<\/strong><\/a> geht&#8217;s zur vollst\u00e4ndigen Programm\u00fcbersicht und den Tickets.<\/p>\n<p>Hallenb\u00e4der<\/p>\n<p><strong>DaySpa W\u00fcrzburg<\/strong><\/p>\n<ul>\n<li>Di, Mi, Fr &amp; Sa von 10 bis 19 Uhr<\/li>\n<li>Entspannung pur! Ob Spa, Sauna, Kosmetik, Bodyforming oder Massage. Hier bekommt ihr alles!<\/li>\n<li>Mehr Infos <a href=\"https:\/\/day-spa-wuerzburg.de\/\" rel=\"nofollow noopener\" target=\"_blank\">hier.<\/a><\/li>\n<\/ul>\n<p><strong>Nautiland W\u00fcrzburg<\/strong><\/p>\n<ul>\n<li>T\u00e4glich von 9-22 Uhr + Mi &amp; Fr: 6-8 Uhr<\/li>\n<li>Ihr k\u00f6nnt im Nautiland in der Zellerau planschen, rutschen und Turm springen. Auch die Sauna Landschaft hat ge\u00f6ffnet.<\/li>\n<li>Mehr Infos <a href=\"https:\/\/www.wvv.de\/baeder\/nautiland\/wuerzburg.html\" target=\"_blank\" rel=\"noreferrer noopener nofollow\">hier<\/a>.<\/li>\n<\/ul>\n<p><strong>AquaSole Kitzingen<\/strong><\/p>\n<ul>\n<li>Mo &#8211; Do 11-22 Uhr &amp; Fr &#8211; So: 9-22 Uhr (auch Feiertags)<\/li>\n<li>Schwimmen mit der Familie bis Saunabesuche &#8211; Bade- und Saunalandschaft in Kiztingen direkt am Main.<\/li>\n<li>Mehr Infos <a href=\"https:\/\/www.aqua-sole.de\/\" target=\"_blank\" rel=\"noreferrer noopener nofollow\">hier.<\/a><\/li>\n<\/ul>\n<p><strong>KissSalis Therme Bad Kissingen<\/strong><\/p>\n<ul>\n<li>T\u00e4glich von 9-22 Uhr (Fr&amp;Sa: bis 24 Uhr)<\/li>\n<li>Thermenlandschaft und Saunapark<\/li>\n<li>Fr\u00fchschwimmer: Mo-Do bis 12 Uhr &#8211; eine Zusatzstunde gratis<\/li>\n<li>Abendtarif: Mo-Do ab 17 Uhr &#8211; eine Zusatzstunde gratis<\/li>\n<li>Mehr Infos <a href=\"https:\/\/www.kisssalis.de\/aktuelles\/auszeit-vom-alltag?gclid=CjwKCAjwoIqhBhAGEiwArXT7Kwv4rXM_l9AG4jFmgW-JEhY55lUqjKFnE4lA6xX4zEetGuUiDoOwfhoCvk8QAvD_BwE\" rel=\"nofollow noopener\" target=\"_blank\">hier<\/a>.<\/li>\n<\/ul>\n<p><strong>Frankentherme Bad Windsheim<\/strong><\/p>\n<ul>\n<li>T\u00e4glich von 9-22 Uhr<\/li>\n<li>Thermalbad, Saunalandschaft und Wellness Bereich<\/li>\n<li>Mehr Infos <a href=\"https:\/\/franken-therme.net\/info-service\/oeffnungszeiten-preise\" rel=\"nofollow noopener\" target=\"_blank\">hier<\/a>.<\/li>\n<\/ul>\n<p>Indoor-Spa\u00df<\/p>\n<p><strong>Lasertag W\u00fcrzburg<\/strong><\/p>\n<p>Das Lasertag W\u00fcrzburg bietet eine ca. 600qm gro\u00dfe Lasertag-Arena. Die Spielfl\u00e4che ist mit speziellem Schwarzlicht, coolen Hindernissen und zus\u00e4tzlichen Basen ausgestattet. Das Gaming-Erlebnis wird durch passende Musik und verschiedenen Lichtelementen verst\u00e4rkt.<\/p>\n<ul>\n<li>T\u00e4glich von 10-24 Uhr<\/li>\n<li>unterschiedliche Spielmodi<\/li>\n<li>Wo? Bahnhofplatz 2, 97070 W\u00fcrzburg<\/li>\n<li>Mehr Infos gibt&#8217;s <a href=\"https:\/\/www.lasertag-wuerzburg.com\/\" target=\"_blank\" rel=\"noreferrer noopener nofollow\">hier<\/a><\/li>\n<\/ul>\n<p><strong>Schwarzlichtfabrik<\/strong><\/p>\n<p>Die Schwarzlichtfabrik bietet Spiele und Aktivit\u00e4en f\u00fcr alle Altersgruppen.<\/p>\n<ul>\n<li>3D-Minigolf, Poolball, Kreativraum, Gamer uvm.<\/li>\n<li>Di-Fr: 14-20 Uhr, Sa: 11-22 Uhr &amp; So: 11-20 Uhr ge\u00f6ffnet<\/li>\n<li>Wo? Bahnhofplatz 2A, 97070 W\u00fcrzburg<\/li>\n<li>Mehr Infos gibt&#8217;s <a href=\"https:\/\/www.schwarzlichtfabrik-wuerzburg.de\/\" rel=\"nofollow noopener\" target=\"_blank\">hier<\/a><\/li>\n<\/ul>\n<p><strong>Rage Axe<\/strong><\/p>\n<p>Axt &#8211; und Messerwerfen sowie Bogenschie\u00dfen im rustikalen Ambiente und unter professioneller Anleitung.<\/p>\n<ul>\n<li>Di-Do: 17-22 Uhr, Freitag: 15-23 Uhr, Sa\/So: 12-22 Uhr, vorherige Terminvereinbarung immer erforderlich<\/li>\n<li>Wo? Bahnhofsplatz 2, 97072 W\u00fcrzburg<\/li>\n<li>Mehr Infos gibts <a href=\"https:\/\/rageaxe.de\/wuerzburg\/\" target=\"_blank\" rel=\"noreferrer noopener nofollow\">hier<\/a><\/li>\n<\/ul>\n<p><strong>Sky and Sand &#8211; Trampolinhalle<br \/><\/strong><\/p>\n<p>Willkommen in W\u00fcrzburgs erster Trampolinhalle! SkyandSand bietet satten Sprungspa\u00df f\u00fcr kleine und gro\u00dfe H\u00fcpfer auf \u00fcber 2.000 m2. Zahlreiche Attraktionen \u2013 vom High Jump \u00fcber Trapez und Dodgeball, Aeroball bis zum Ninja-Warrior-Parcours \u2013 ein extra Kleinkindbereich f\u00fcr Mini-H\u00fcpfer.<\/p>\n<ul>\n<li>Mi&amp;Do: 10-19 Uhr, Fr: 14-20 Uhr + Sa: 10-20 Uhr, So: 10-19 Uhr<\/li>\n<li>Tickets ab 12,50 Euro<\/li>\n<li>Wo? Delpstra\u00dfe 4, 97084 W\u00fcrzburg<\/li>\n<li>Weitere Infos gibts <a href=\"https:\/\/skyandsand-wuerzburg.de\/\" target=\"_blank\" rel=\"noreferrer noopener nofollow\">hier<\/a><\/li>\n<\/ul>\n<p><strong>e-Kart-Bahn Mainfranken Motordrom<\/strong><\/p>\n<p>Schneller und leiser als mit herk\u00f6mmlichen Go-Karts flitzt Ihr mit Eurem Elektro-Kart gekonnt um die Kurven. Hier hei\u00dft es n\u00e4mlich \u201eRennen im Blut statt Benzin in der Nase\u201c. Tretet auf\u00b4s Gaspedal und brettert \u00fcber die 330 Meter lange Rennstrecke.<\/p>\n<ul>\n<li>Di-Fr: 13-21 Uhr; Sa&amp;So: 11-21 Uhr<\/li>\n<li>Wo? Wilhelm-Wien-Stra\u00dfe 9, 97080 W\u00fcrzburg<\/li>\n<li>Weitere Infos gibts <a href=\"https:\/\/www.ekart-center.de\/\" target=\"_blank\" rel=\"noreferrer noopener nofollow\">hier<\/a><\/li>\n<\/ul>\n<p><strong>Bambini Kinderwelt<\/strong><\/p>\n<p>Bayerns gr\u00f6\u00dfter Indoor-Spielplatz<\/p>\n<ul>\n<li>Di-Fr: 13-19 Uhr; Sa&amp;So: 11-19 Uhr<\/li>\n<li>Wo? Mainfrankenpark 45, 97337 Dettelbach<\/li>\n<li>Mehr Infos gibts <a href=\"https:\/\/www.bambini-wuerzburg.de\/home\/willkommen\" target=\"_blank\" rel=\"noreferrer noopener nofollow\">hier<\/a><\/li>\n<\/ul>\n<p><strong>Bowling<\/strong><\/p>\n<ul>\n<li>Bowling am Heuchelhof<\/li>\n<li>Extreme Bowling Arena Mainfrankenpark<\/li>\n<li>Maschys Midnight Bowling Center<\/li>\n<li>Bowling Center Rottendorf<\/li>\n<\/ul>\n","protected":false},"excerpt":{"rendered":"Feste Kitzinger Fr\u00fchlingsfest Autoscooter, Kinderkarussell und andere Fahr- und Spielgesch\u00e4fte kfindet ihr heute auf dem Kitzinger Fr\u00fchlingsfest! Wann?&hellip;\n","protected":false},"author":2,"featured_media":9960,"comment_status":"","ping_status":"","sticky":false,"template":"","format":"standard","meta":{"footnotes":""},"categories":[1772],"tags":[29,214,30,1779,810,2506,215],"class_list":{"0":"post-26132","1":"post","2":"type-post","3":"status-publish","4":"format-standard","5":"has-post-thumbnail","7":"category-musik","8":"tag-deutschland","9":"tag-entertainment","10":"tag-germany","11":"tag-music","12":"tag-musik","13":"tag-radio-radio-gong-wuerzburg-heimvorteil-musik","14":"tag-unterhaltung"},"share_on_mastodon":{"url":"https:\/\/pubeurope.com\/@de\/114325291735903797","error":""},"_links":{"self":[{"href":"https:\/\/www.europesays.com\/de\/wp-json\/wp\/v2\/posts\/26132","targetHints":{"allow":["GET"]}}],"collection":[{"href":"https:\/\/www.europesays.com\/de\/wp-json\/wp\/v2\/posts"}],"about":[{"href":"https:\/\/www.europesays.com\/de\/wp-json\/wp\/v2\/types\/post"}],"author":[{"embeddable":true,"href":"https:\/\/www.europesays.com\/de\/wp-json\/wp\/v2\/users\/2"}],"replies":[{"embeddable":true,"href":"https:\/\/www.europesays.com\/de\/wp-json\/wp\/v2\/comments?post=26132"}],"version-history":[{"count":0,"href":"https:\/\/www.europesays.com\/de\/wp-json\/wp\/v2\/posts\/26132\/revisions"}],"wp:featuredmedia":[{"embeddable":true,"href":"https:\/\/www.europesays.com\/de\/wp-json\/wp\/v2\/media\/9960"}],"wp:attachment":[{"href":"https:\/\/www.europesays.com\/de\/wp-json\/wp\/v2\/media?parent=26132"}],"wp:term":[{"taxonomy":"category","embeddable":true,"href":"https:\/\/www.europesays.com\/de\/wp-json\/wp\/v2\/categories?post=26132"},{"taxonomy":"post_tag","embeddable":true,"href":"https:\/\/www.europesays.com\/de\/wp-json\/wp\/v2\/tags?post=26132"}],"curies":[{"name":"wp","href":"https:\/\/api.w.org\/{rel}","templated":true}]}}