{"id":261332,"date":"2025-07-12T01:53:26","date_gmt":"2025-07-12T01:53:26","guid":{"rendered":"https:\/\/www.europesays.com\/de\/261332\/"},"modified":"2025-07-12T01:53:26","modified_gmt":"2025-07-12T01:53:26","slug":"operationen-im-sommer-haben-viele-vorteile-nh24-de","status":"publish","type":"post","link":"https:\/\/www.europesays.com\/de\/261332\/","title":{"rendered":"Operationen im Sommer haben viele Vorteile \u2013 nh24.de"},"content":{"rendered":"<p><img decoding=\"async\" class=\"wp-worthy-pixel-img skip-lazy \" src=\"https:\/\/www.europesays.com\/de\/wp-content\/uploads\/2025\/07\/93387883a7c54e4f83a7fa45f099606d.gif\" loading=\"eager\" data-no-lazy=\"1\" data-skip-lazy=\"1\" height=\"1\" width=\"1\" alt=\"\"\/><\/p>\n<p><strong>ANZEIGE<\/strong><br \/><strong>KASSEL<\/strong>. \u201eSonne macht uns schneller fit\u201c, wissen Orthop\u00e4den, aber offensichtlich viele Patient\/-innen nicht. Denn obwohl Operationen in den Sommermonaten zahlreiche Vorteile haben, planen viele Menschen solche Eingriffe lieber nicht in den Sommermonaten.<\/p>\n<p>Gerade in der Orthop\u00e4die sind viele Operationen planbar. Zu den Klassikern unter diesen sogenannten \u201eelektiven Eingriffen\u201c geh\u00f6ren k\u00fcnstliche Gelenke an Knie und H\u00fcfte oder auch Operationen an der Schulter. Doch diese Auswahlm\u00f6glichkeit ist manchmal t\u00fcckisch. Denn viele Patienten\/-innen machen ihren OP-Termin von den Urlaubspl\u00e4nen der Familie, der Erntesaison im Garten oder der Aussicht auf einen ohnehin tr\u00fcben, an H\u00f6hepunkten armen Winter ab \u2013 und w\u00fcnschen sich deshalb meistens eine OP in den Herbst- und Wintermonaten. \u201eEinerseits ist das nat\u00fcrlich sehr verst\u00e4ndlich\u201c, sagt Prof. Dr. Guido Heers, \u00c4rztlicher Direktor der Vitos Orthop\u00e4dischen Klinik Kassel, \u201eaber betrachtet man die Sache aus medizinischer Sicht, dann gibt es sehr viele gute Gr\u00fcnde, die f\u00fcr eine OP im Sommer sprechen\u201c.<\/p>\n<p><strong>Der Winter birgt Wetter-Risiken<\/strong><\/p>\n<p>Eine wichtige Rolle spielt beispielsweise das Wetter. Prof. Guido Heers: \u201eHier birgt der Winter einfach sehr viele Risiken, die wir im Sommer nicht haben.\u201c Schnee, Glatteis und nasses Laub geh\u00f6rten zu den schlimmsten Unfallverursachern: \u201eSchnell ist es geschehen, und ein Sturz gef\u00e4hrdet das frisch eingesetzte Kunstgelenk\u201c, so der Chefarzt f\u00fcr Orthop\u00e4die und Endprothetik in der Fachklink in Wilhelmsh\u00f6he. Auch steige die Gefahr, dass durch das erh\u00f6hte Notfallgeschehen ein geplanter Termin verschoben werden m\u00fcsse.<\/p>\n<p><strong>Schneller und leichter mobil<\/strong><\/p>\n<p>Auch aus Sicht der Physiotherapieabteilung sticht der Sommer den Winter aus. \u201eUnsere Patientinnen und Patienten k\u00f6nnen in den warmen Monaten leichtere Kleidung tragen\u201c, sagt Christian V\u00f6lker, Leiter des Physio-Teams. Das ist sowohl w\u00e4hrend des Aufenthalts in der Klinik aber auch gleich danach von Vorteil: Man ist mobiler, muss sich nicht gro\u00df an- und umziehen und wird einfach schneller aktiv, weil man sich drau\u00dfen bis in den Abend bewegen kann. \u201eGenerell kann man feststellen: In den warmen und hellen Monaten sind unsere Patienten einfach schneller wieder auf den Beinen\u201c, erkl\u00e4rt V\u00f6lker. Und: Auch eine Reha macht immer Sommer einfach viel mehr Spa\u00df als im Winter.<\/p>\n<p><a href=\"https:\/\/i0.wp.com\/nh24.de\/wp-content\/uploads\/2025\/07\/2024-06-Sommer-OP-Voelker-Heers-6.jpg?ssl=1\" data-rel=\"penci-gallery-image-content\" target=\"_blank\" rel=\"noopener\"><img loading=\"lazy\" data-recalc-dims=\"1\" decoding=\"async\" width=\"1067\" height=\"800\" data-id=\"288504\" src=\"https:\/\/www.europesays.com\/de\/wp-content\/uploads\/2025\/07\/2024-06-Sommer-OP-Voelker-Heers-6.jpg\" alt=\"\" class=\"wp-image-288504\"  \/><\/a>\u00a9Foto: Vitos OKK | nh<\/p>\n<p><a href=\"https:\/\/i0.wp.com\/nh24.de\/wp-content\/uploads\/2025\/07\/2024-06-Sommer-OP-Voelker-Heers-8.jpg?ssl=1\" data-rel=\"penci-gallery-image-content\" target=\"_blank\" rel=\"noopener\"><img loading=\"lazy\" data-recalc-dims=\"1\" decoding=\"async\" width=\"1170\" height=\"780\" data-id=\"288505\" src=\"https:\/\/www.europesays.com\/de\/wp-content\/uploads\/2025\/07\/2024-06-Sommer-OP-Voelker-Heers-8.jpg\" alt=\"\" class=\"wp-image-288505\"  \/><\/a>\u00a9Foto: Vitos OKK | nh<\/p>\n<p><a href=\"https:\/\/i0.wp.com\/nh24.de\/wp-content\/uploads\/2025\/07\/2024-06-Sommer-OP-Voelker-Heers-10.jpg?ssl=1\" data-rel=\"penci-gallery-image-content\" target=\"_blank\" rel=\"noopener\"><img data-recalc-dims=\"1\" loading=\"lazy\" decoding=\"async\" width=\"1170\" height=\"780\" data-id=\"288506\" src=\"https:\/\/www.europesays.com\/de\/wp-content\/uploads\/2025\/07\/2024-06-Sommer-OP-Voelker-Heers-10.jpg\" alt=\"\" class=\"wp-image-288506\"  \/><\/a>\u00a9Foto: Vitos OKK | nh<\/p>\n<p><a href=\"https:\/\/i0.wp.com\/nh24.de\/wp-content\/uploads\/2025\/07\/Guido_Prof-Dr-5_klein.jpg?ssl=1\" data-rel=\"penci-gallery-image-content\" target=\"_blank\" rel=\"noopener\"><img data-recalc-dims=\"1\" loading=\"lazy\" decoding=\"async\" width=\"823\" height=\"800\" data-id=\"288507\" src=\"https:\/\/www.europesays.com\/de\/wp-content\/uploads\/2025\/07\/Guido_Prof-Dr-5_klein.jpg\" alt=\"\" class=\"wp-image-288507\"  \/><\/a>Prof. Dr. Guido Heers \u00a9Foto: Vitos OKK | nh<\/p>\n<p><strong>Starke Knochen, weniger Atemwegserkrankungen<\/strong><\/p>\n<p>Dr. Claudia Bader, Chef\u00e4rztin f\u00fcr An\u00e4sthesie, Intensiv- und Notfallmedizin in der Vitos Orthop\u00e4dischen Klinik Kassel z\u00e4hlt einen weiteren Vorteil auf: \u201eSonnenlicht steigert unseren Vitamin D-Spiegel. Und der ist f\u00fcr die Knochenmineralisierung wichtig. Ein hoher Vitamin D-Spiegel sorgt also f\u00fcr starke Knochen.\u201c Zudem wirke sich Vitamin D g\u00fcnstig auf unser Immunsystem aus. Nicht zuletzt deshalb gibt es im Sommer viel weniger F\u00e4lle von Erk\u00e4ltung und Grippe. Hingegen m\u00fcssten im Herbst und Winter Eingriffe manchmal sogar verschoben werden, weil eine OP mit Fieber, Bronchitis oder Nasennebenh\u00f6hlenentz\u00fcndung nicht stattfinden darf. Und nat\u00fcrlich steigt in den k\u00e4lteren Monaten auch das Risiko, dass eine Grippewelle die Verf\u00fcgbarkeit des medizinischen Personals beeintr\u00e4chtigt. \u201eNat\u00fcrlich erhalten unsere Patientinnen und Patienten im Sommer wie im Winter eine hervorragende Behandlung. Wer sich aber schon lange mit starken Schmerzen qu\u00e4lt und die medizinische Empfehlung f\u00fcr ein neues Kunstgelenk hat, der sollte die Entscheidung nicht zu lange hinausz\u00f6gern. Schon gar nicht, weil der Garten noch nicht winterfit ist\u201c, schmunzelt Prof. Guido Heers.<\/p>\n<p><strong>Weniger Patienten, mehr Personal<\/strong><\/p>\n<p>Weil gerade Kliniken mit vielen planbaren Eingriffen von Mai bis September tendenziell weniger belegt sind, profitiert der einzelne Patient in dieser Zeit: \u201eDas f\u00e4ngt schon damit an, dass die Wartezeit auf einen OP-Termin im Sommer k\u00fcrzer ist\u201c, erkl\u00e4rt Prof. Heers. So sinke die durchschnittliche Wartezeit im Sommer auf etwa eine Woche, w\u00e4hrend sie in den k\u00e4lteren Monaten vier Wochen und mehr betragen k\u00f6nne. Und nat\u00fcrlich profitierten die Patienten auch davon, dass generell in den Sommermonaten etwas weniger Patienten in den Kliniken w\u00e4ren.<\/p>\n<p><strong>Vitos Orthop\u00e4dische Klinik Kassel<\/strong><br \/>Die Vitos Orthop\u00e4dische Klinik Kassel ist eine der gro\u00dfen Fachkliniken f\u00fcr operative und konservative Behandlungen des Haltungs- und Bewegungsapparates sowie f\u00fcr Schmerzmedizin, Manuelle Therapie und Naturheilverfahren. Sie deckt das gesamte Spektrum der orthop\u00e4dischen und schmerzmedizinischen Therapie ab. Seit 2013 ist die OKK als EndoProthetikZentrum der Maximalversorgung und damit als Zentrum der h\u00f6chsten Versorgungsstufe f\u00fcr k\u00fcnstliche H\u00fcft- und Kniegelenke zertifiziert. <strong>(ANZEIGE)<\/strong><\/p>\n","protected":false},"excerpt":{"rendered":"ANZEIGEKASSEL. \u201eSonne macht uns schneller fit\u201c, wissen Orthop\u00e4den, aber offensichtlich viele Patient\/-innen nicht. Denn obwohl Operationen in den&hellip;\n","protected":false},"author":2,"featured_media":261333,"comment_status":"","ping_status":"","sticky":false,"template":"","format":"standard","meta":{"footnotes":""},"categories":[137],"tags":[29,52302,985,30,141,232,2052,7739,14,121,64054,71370,15103,1284],"class_list":{"0":"post-261332","1":"post","2":"type-post","3":"status-publish","4":"format-standard","5":"has-post-thumbnail","7":"category-gesundheit","8":"tag-deutschland","9":"tag-eder","10":"tag-feuerwehr","11":"tag-germany","12":"tag-gesundheit","13":"tag-health","14":"tag-hessen","15":"tag-kreis","16":"tag-nachrichten","17":"tag-polizei","18":"tag-schwalm","19":"tag-schwalmstadt","20":"tag-sek","21":"tag-unfall"},"share_on_mastodon":{"url":"https:\/\/pubeurope.com\/@de\/114837769874850998","error":""},"_links":{"self":[{"href":"https:\/\/www.europesays.com\/de\/wp-json\/wp\/v2\/posts\/261332","targetHints":{"allow":["GET"]}}],"collection":[{"href":"https:\/\/www.europesays.com\/de\/wp-json\/wp\/v2\/posts"}],"about":[{"href":"https:\/\/www.europesays.com\/de\/wp-json\/wp\/v2\/types\/post"}],"author":[{"embeddable":true,"href":"https:\/\/www.europesays.com\/de\/wp-json\/wp\/v2\/users\/2"}],"replies":[{"embeddable":true,"href":"https:\/\/www.europesays.com\/de\/wp-json\/wp\/v2\/comments?post=261332"}],"version-history":[{"count":0,"href":"https:\/\/www.europesays.com\/de\/wp-json\/wp\/v2\/posts\/261332\/revisions"}],"wp:featuredmedia":[{"embeddable":true,"href":"https:\/\/www.europesays.com\/de\/wp-json\/wp\/v2\/media\/261333"}],"wp:attachment":[{"href":"https:\/\/www.europesays.com\/de\/wp-json\/wp\/v2\/media?parent=261332"}],"wp:term":[{"taxonomy":"category","embeddable":true,"href":"https:\/\/www.europesays.com\/de\/wp-json\/wp\/v2\/categories?post=261332"},{"taxonomy":"post_tag","embeddable":true,"href":"https:\/\/www.europesays.com\/de\/wp-json\/wp\/v2\/tags?post=261332"}],"curies":[{"name":"wp","href":"https:\/\/api.w.org\/{rel}","templated":true}]}}