{"id":261346,"date":"2025-07-12T02:00:24","date_gmt":"2025-07-12T02:00:24","guid":{"rendered":"https:\/\/www.europesays.com\/de\/261346\/"},"modified":"2025-07-12T02:00:24","modified_gmt":"2025-07-12T02:00:24","slug":"nuklearer-abfall-am-meeresgrund-forscher-finden-beschaedigte-atommuell-faesser-im-atlantik","status":"publish","type":"post","link":"https:\/\/www.europesays.com\/de\/261346\/","title":{"rendered":"Nuklearer Abfall am Meeresgrund: Forscher finden besch\u00e4digte Atomm\u00fcll-F\u00e4sser im Atlantik"},"content":{"rendered":"<p>                    Nuklearer Abfall am Meeresgrund<br \/>\n                Forscher finden besch\u00e4digte Atomm\u00fcll-F\u00e4sser im Atlantik<\/p>\n<p>\t\t\t\t              11.07.2025, 17:46 Uhr<\/p>\n<p>\t\t\t\t\t       Artikel anh\u00f6ren<\/p>\n<p>\t\t\t\t\t\t\tDiese Audioversion wurde k\u00fcnstlich generiert. <a href=\"https:\/\/www.n-tv.de\/23249898\" target=\"_blank\" rel=\"noopener\">Mehr Infos<\/a><\/p>\n<p><strong>Bis in die 80er Jahre entsorgen viele Staaten ihre nuklearen Abf\u00e4lle im Atlantik. W\u00e4hrend einer vierw\u00f6chigen Expedition sp\u00fcren Wissenschaftler tausende F\u00e4sser mit radioaktiven Altlasten auf. Einige der Beh\u00e4ltnisse verformt oder aufgerissen.  <\/strong><\/p>\n<p>Vor Jahrzehnten entsorgte Atomm\u00fcll-F\u00e4sser im Nordostatlantik sind nach vorl\u00e4ufigen Ergebnissen von Forschenden teils kaputt. Bei einigen F\u00e4ssern sei nach einer ersten Sichtung von Fotos unbekanntes Material ausgetreten, wahrscheinlich das Bindemittel Bitumen, teilte die franz\u00f6sische <a href=\"https:\/\/miti.cnrs.fr\/radiocean\/\" rel=\"Follow noopener\" target=\"_blank\">Forschungsorganisation CNRS<\/a> mit. Das internationale Team ist von einer Suchmission nach Atomm\u00fcll-F\u00e4ssern zur\u00fcckgekehrt. Erh\u00f6hte Radioaktivit\u00e4tswerte stellte die Gruppe bisher aber nicht fest.<\/p>\n<p>Insgesamt verortete das Team des Projekts NODSSUM (Nuclear Ocean Dump Site Survey Monitoring) den Angaben zufolge um die 3350 F\u00e4sser auf einer Fl\u00e4che von 163 Quadratkilometern. Daf\u00fcr setzte es auch einen Tauchroboter mit dem Namen Ulyx ein, der unter anderem \u00fcber eine Kamera f\u00fcr 3D-Bilder und ein Sonarsystem zur Ortung von Gegenst\u00e4nden mit Schall verf\u00fcgt. Die Wissenschaftlerinnen und Wissenschaftler analysierten zudem etwa 50 fotografierte F\u00e4sser und entnahmen etliche Proben von Wasser, Boden und Tieren.<\/p>\n<p>Einige Oberfl\u00e4chen der untersuchten F\u00e4sser seien gerostet und mit Anemonen besiedelt, hei\u00dft es in der Mitteilung. Der Zustand der Beh\u00e4ltnisse sei unterschiedlich &#8211; intakt, verformt oder aufgerissen.<\/p>\n<p>Vier Wochen auf hoher See<\/p>\n<p>Die Messinstrumente f\u00fcr Strahlung h\u00e4tten Werte auf dem Niveau des nat\u00fcrlichen Umgebungs-Hintergrundrauschens gezeigt, f\u00fchrt der CNRS weiter aus. &#8222;Feine Radioaktivit\u00e4tsmessungen im Labor an Sedimenten, Wasser und Fischen werden mehrere Monate Arbeit erfordern&#8220;, teilte die Forschungsorganisation mit. Zwischen den 1950er und 1980er Jahren entsorgten etliche Staaten nuklearen Abfall im Ozean. Mindestens 200.000 F\u00e4sser werden alleine im Nordostatlantik vermutet &#8211; in 3000 bis 5000 Metern Tiefe.<\/p>\n<p>Die Gruppe aus 21 Forschenden war vier Wochen lang mit ihrem Schiff &#8222;L&#8217;Atalante&#8220; in einem Areal im Westeurop\u00e4ischen Becken des Atlantiks unterwegs. In dem Gebiet soll wohl die H\u00e4lfte der Abf\u00e4lle gelandet sein. Die Expertinnen und Experten untersuchten, wo die F\u00e4sser liegen und welchen Einfluss sie auf das \u00f6rtliche \u00d6kosystem haben. Mit dabei war auch ein Forscher vom Th\u00fcnen-Institut f\u00fcr Fischerei\u00f6kologie in Bremerhaven.<\/p>\n<p>Der Projektleiter Patrick Chardon geht davon aus, dass bei den allermeisten nuklearen Abf\u00e4llen im Nordatlantik die Radioaktivit\u00e4t nach etwa 300 bis 400 Jahren quasi verschwunden sein d\u00fcrfte. Jedoch seien die F\u00e4sser damals so konzipiert worden, dass sie dem Druck der Tiefe standhalten, nicht aber so, dass sie die Radioaktivit\u00e4t wirklich einschlie\u00dfen. Schon seit l\u00e4ngerem k\u00f6nnte Radioaktivit\u00e4t aus den Beh\u00e4ltern entweichen, vermutet der Atomphysiker.<\/p>\n","protected":false},"excerpt":{"rendered":"Nuklearer Abfall am Meeresgrund Forscher finden besch\u00e4digte Atomm\u00fcll-F\u00e4sser im Atlantik 11.07.2025, 17:46 Uhr Artikel anh\u00f6ren Diese Audioversion wurde&hellip;\n","protected":false},"author":2,"featured_media":261347,"comment_status":"","ping_status":"","sticky":false,"template":"","format":"standard","meta":{"footnotes":""},"categories":[5],"tags":[5523,752,13,14,15,24024,12,10,8,9,11],"class_list":{"0":"post-261346","1":"post","2":"type-post","3":"status-publish","4":"format-standard","5":"has-post-thumbnail","7":"category-nachrichten","8":"tag-atommuell","9":"tag-bildung","10":"tag-headlines","11":"tag-nachrichten","12":"tag-news","13":"tag-ozeane","14":"tag-schlagzeilen","15":"tag-top-news","16":"tag-top-meldungen","17":"tag-topmeldungen","18":"tag-topnews"},"share_on_mastodon":{"url":"https:\/\/pubeurope.com\/@de\/114837797103554170","error":""},"_links":{"self":[{"href":"https:\/\/www.europesays.com\/de\/wp-json\/wp\/v2\/posts\/261346","targetHints":{"allow":["GET"]}}],"collection":[{"href":"https:\/\/www.europesays.com\/de\/wp-json\/wp\/v2\/posts"}],"about":[{"href":"https:\/\/www.europesays.com\/de\/wp-json\/wp\/v2\/types\/post"}],"author":[{"embeddable":true,"href":"https:\/\/www.europesays.com\/de\/wp-json\/wp\/v2\/users\/2"}],"replies":[{"embeddable":true,"href":"https:\/\/www.europesays.com\/de\/wp-json\/wp\/v2\/comments?post=261346"}],"version-history":[{"count":0,"href":"https:\/\/www.europesays.com\/de\/wp-json\/wp\/v2\/posts\/261346\/revisions"}],"wp:featuredmedia":[{"embeddable":true,"href":"https:\/\/www.europesays.com\/de\/wp-json\/wp\/v2\/media\/261347"}],"wp:attachment":[{"href":"https:\/\/www.europesays.com\/de\/wp-json\/wp\/v2\/media?parent=261346"}],"wp:term":[{"taxonomy":"category","embeddable":true,"href":"https:\/\/www.europesays.com\/de\/wp-json\/wp\/v2\/categories?post=261346"},{"taxonomy":"post_tag","embeddable":true,"href":"https:\/\/www.europesays.com\/de\/wp-json\/wp\/v2\/tags?post=261346"}],"curies":[{"name":"wp","href":"https:\/\/api.w.org\/{rel}","templated":true}]}}