{"id":261348,"date":"2025-07-12T02:01:35","date_gmt":"2025-07-12T02:01:35","guid":{"rendered":"https:\/\/www.europesays.com\/de\/261348\/"},"modified":"2025-07-12T02:01:35","modified_gmt":"2025-07-12T02:01:35","slug":"halle-19-internationales-saaleschwimmen-radio-saw","status":"publish","type":"post","link":"https:\/\/www.europesays.com\/de\/261348\/","title":{"rendered":"Halle: 19. Internationales Saaleschwimmen | radio SAW"},"content":{"rendered":"<p>Morgen Mittag findet wieder das traditionelle Internationale Saaleschwimmen statt.\u00a0<\/p>\n<p>Wagemutige Flussschwimmer k\u00f6nnen sich ab 12 Uhr an der Emil-Eichhorn-Stra\u00dfe anmelden und teilnehmen. Die Strecke ist eineinhalb Kilometer lang. Start ist an der Ziegelwiese von dort geht es mit der Str\u00f6mung bis zu den Klausbergen. Das Ganze ist kein Wettbewerb, der Spa\u00df steht im Vordergrund. So kalt ist die Saale auch gar nicht &#8211; die Wassertemperatur d\u00fcrften morgen ungef\u00e4hr so hoch sein, wie die Temperatur der Luft.\u00a0<\/p>\n<p>Am Nachmittag gibt\u2019s f\u00fcr alle Teilnehmer dann gem\u00fctlich Kaffee und Kuchen.\u00a0<\/p>\n<p>\u00a0<\/p>\n","protected":false},"excerpt":{"rendered":"Morgen Mittag findet wieder das traditionelle Internationale Saaleschwimmen statt.\u00a0 Wagemutige Flussschwimmer k\u00f6nnen sich ab 12 Uhr an der&hellip;\n","protected":false},"author":2,"featured_media":261349,"comment_status":"","ping_status":"","sticky":false,"template":"","format":"standard","meta":{"footnotes":""},"categories":[1860],"tags":[3364,29,548,663,3934,30,4062,17332,13,14,15,17331,860,12],"class_list":{"0":"post-261348","1":"post","2":"type-post","3":"status-publish","4":"format-standard","5":"has-post-thumbnail","7":"category-halle-saale","8":"tag-de","9":"tag-deutschland","10":"tag-eu","11":"tag-europa","12":"tag-europe","13":"tag-germany","14":"tag-halle","15":"tag-halle-saale","16":"tag-headlines","17":"tag-nachrichten","18":"tag-news","19":"tag-saale","20":"tag-sachsen-anhalt","21":"tag-schlagzeilen"},"share_on_mastodon":{"url":"https:\/\/pubeurope.com\/@de\/114837801105530639","error":""},"_links":{"self":[{"href":"https:\/\/www.europesays.com\/de\/wp-json\/wp\/v2\/posts\/261348","targetHints":{"allow":["GET"]}}],"collection":[{"href":"https:\/\/www.europesays.com\/de\/wp-json\/wp\/v2\/posts"}],"about":[{"href":"https:\/\/www.europesays.com\/de\/wp-json\/wp\/v2\/types\/post"}],"author":[{"embeddable":true,"href":"https:\/\/www.europesays.com\/de\/wp-json\/wp\/v2\/users\/2"}],"replies":[{"embeddable":true,"href":"https:\/\/www.europesays.com\/de\/wp-json\/wp\/v2\/comments?post=261348"}],"version-history":[{"count":0,"href":"https:\/\/www.europesays.com\/de\/wp-json\/wp\/v2\/posts\/261348\/revisions"}],"wp:featuredmedia":[{"embeddable":true,"href":"https:\/\/www.europesays.com\/de\/wp-json\/wp\/v2\/media\/261349"}],"wp:attachment":[{"href":"https:\/\/www.europesays.com\/de\/wp-json\/wp\/v2\/media?parent=261348"}],"wp:term":[{"taxonomy":"category","embeddable":true,"href":"https:\/\/www.europesays.com\/de\/wp-json\/wp\/v2\/categories?post=261348"},{"taxonomy":"post_tag","embeddable":true,"href":"https:\/\/www.europesays.com\/de\/wp-json\/wp\/v2\/tags?post=261348"}],"curies":[{"name":"wp","href":"https:\/\/api.w.org\/{rel}","templated":true}]}}