{"id":261363,"date":"2025-07-12T02:09:17","date_gmt":"2025-07-12T02:09:17","guid":{"rendered":"https:\/\/www.europesays.com\/de\/261363\/"},"modified":"2025-07-12T02:09:17","modified_gmt":"2025-07-12T02:09:17","slug":"klimainsel-eroeffnet-ohne-hitze-die-augsburger-zeitung","status":"publish","type":"post","link":"https:\/\/www.europesays.com\/de\/261363\/","title":{"rendered":"Klimainsel er\u00f6ffnet ohne Hitze | Die Augsburger Zeitung"},"content":{"rendered":"<p>  <a href=\"https:\/\/www.daz-augsburg.de\/klimainsel-eroeffnet-ohne-hitze\/\" rel=\"nofollow noopener\" target=\"_blank\">Klimainsel er\u00f6ffnet ohne Hitze<\/a><\/p>\n<p style=\"text-align: left;\"><strong>Meteorologen und andere Experten haben gestern ihre Prognosen ge\u00e4ndert: Die Hitzewelle in Deutschland ist abgesagt. Oberb\u00fcrgermeisterin Eva Weber wird also am Montag, den 14. Juli, die \u201eKlimainsel\u201c am Martin-Luther-Platz ohne Hitze er\u00f6ffnen.<\/strong><\/p>\n<p>Von Bruno Stubenrauch<\/p>\n<p><img fetchpriority=\"high\" decoding=\"async\" width=\"994\" height=\"336\" class=\"alignleft size-full wp-image-97469\" src=\"data:image\/svg+xml,%3Csvg%20xmlns=\" http:=\"\" alt=\"\" data-lazy- data-lazy- data-lazy-src=\"https:\/\/www.die-augsburger-zeitung.de\/wp-content\/uploads\/2025\/07\/PSX_20250711_134651.jpg\"\/><\/p>\n<p>Prognose von wetter.com<\/p>\n<p>Offizieller Start ist um 11.30 Uhr. Die Experten von wetter.com, daswetter.com, wetter.de, wetteronline.de und vom BR erwarten dazu 21 bis 26\u00b0C, viel oder wenig Sonne, leichten Regen oder auch nicht, ein m\u00f6gliches Gewitter und Wind von 12 bis 49 km\/h. Auf jeden Fall keine Hitze. Nach der Er\u00f6ffnung geht es f\u00fcr Eva Weber und Umweltreferent Reiner Erben dann weiter in den Umweltausschuss, wo ab 14.30 Uhr der Augsburger Hitzeaktionsplan vorgestellt und beschlossen werden soll.<\/p>\n<p><img loading=\"lazy\" decoding=\"async\" width=\"980\" height=\"204\" class=\"alignleft size-full wp-image-97470\" src=\"data:image\/svg+xml,%3Csvg%20xmlns=\" http:=\"\" alt=\"\" data-lazy- data-lazy- data-lazy-src=\"https:\/\/www.europesays.com\/de\/wp-content\/uploads\/2025\/07\/PSX_20250711_134753.jpg\"\/><\/p>\n<p>Prognose von daswetter.com<\/p>\n<p><strong>Ruhepol in der Innenstadt<\/strong><\/p>\n<p>Die Klimainsel als Pilotprojekt ist Teil des Aktionsplans. Sie soll die Auswirkungen von Hitze in der versiegelten Innenstadt abmildern, Klimaanpassungs-Ma\u00dfnahmen erlebbar machen und ein Ruhepol zum Verweilen sein. Mobiles Stadtgr\u00fcn, das im Botanischen Garten gezogen wurde, und weitere Sitzb\u00e4nke verwachsen mit den vorhandenen Sitzgelegenheiten und Platanen zu einer gestalterischen Einheit. Die Klimainsel wird auch \u00fcber Klimaanpassung informieren und soll in Zukunft f\u00fcr \u00e4hnliche Projekte wiederverwendet werden.<\/p>\n<p><img loading=\"lazy\" decoding=\"async\" width=\"3824\" height=\"2903\" class=\"alignleft size-full wp-image-97475\" src=\"data:image\/svg+xml,%3Csvg%20xmlns=\" http:=\"\" alt=\"\" data-lazy- data-lazy- data-lazy-src=\"https:\/\/www.europesays.com\/de\/wp-content\/uploads\/2025\/07\/PSX_20250711_152854.jpg\"\/><\/p>\n<p>Ungewohntes Ambiente: der Martin-Luther-Platz mit Klimainsel<\/p>\n<p>    Artikel vom<br \/>\n    <a href=\"https:\/\/www.daz-augsburg.de\/?m=20250712\" rel=\"nofollow noopener\" target=\"_blank\"><br \/>\n      12.07.2025    <\/a><br \/>\n    | Autor: Bruno Stubenrauch<br \/>Rubrik: <a href=\"https:\/\/www.daz-augsburg.de\/rubrik\/gesundheit\/\" rel=\"category tag nofollow noopener\" target=\"_blank\">Gesundheit<\/a>, <a href=\"https:\/\/www.daz-augsburg.de\/rubrik\/politik\/buergernaehe\/\" rel=\"category tag nofollow noopener\" target=\"_blank\">B\u00fcrgern\u00e4he<\/a>, <a href=\"https:\/\/www.daz-augsburg.de\/rubrik\/kurznachrichten\/\" rel=\"category tag nofollow noopener\" target=\"_blank\">Kurznachrichten<\/a>, <a href=\"https:\/\/www.daz-augsburg.de\/rubrik\/vermischtes\/lifestyle\/\" rel=\"category tag nofollow noopener\" target=\"_blank\">Lifestyle<\/a>, <a href=\"https:\/\/www.daz-augsburg.de\/rubrik\/politik\/staedtebau\/\" rel=\"category tag nofollow noopener\" target=\"_blank\">St\u00e4dtebau<\/a>, <a href=\"https:\/\/www.daz-augsburg.de\/rubrik\/politik\/umwelt\/\" rel=\"category tag nofollow noopener\" target=\"_blank\">Umwelt<\/a>  <\/p>\n","protected":false},"excerpt":{"rendered":"Klimainsel er\u00f6ffnet ohne Hitze Meteorologen und andere Experten haben gestern ihre Prognosen ge\u00e4ndert: Die Hitzewelle in Deutschland ist&hellip;\n","protected":false},"author":2,"featured_media":261364,"comment_status":"","ping_status":"","sticky":false,"template":"","format":"standard","meta":{"footnotes":""},"categories":[1846],"tags":[680,772,3364,29,548,663,3934,30,13,14,15,12],"class_list":{"0":"post-261363","1":"post","2":"type-post","3":"status-publish","4":"format-standard","5":"has-post-thumbnail","7":"category-augsburg","8":"tag-augsburg","9":"tag-bayern","10":"tag-de","11":"tag-deutschland","12":"tag-eu","13":"tag-europa","14":"tag-europe","15":"tag-germany","16":"tag-headlines","17":"tag-nachrichten","18":"tag-news","19":"tag-schlagzeilen"},"share_on_mastodon":{"url":"https:\/\/pubeurope.com\/@de\/114837832682568290","error":""},"_links":{"self":[{"href":"https:\/\/www.europesays.com\/de\/wp-json\/wp\/v2\/posts\/261363","targetHints":{"allow":["GET"]}}],"collection":[{"href":"https:\/\/www.europesays.com\/de\/wp-json\/wp\/v2\/posts"}],"about":[{"href":"https:\/\/www.europesays.com\/de\/wp-json\/wp\/v2\/types\/post"}],"author":[{"embeddable":true,"href":"https:\/\/www.europesays.com\/de\/wp-json\/wp\/v2\/users\/2"}],"replies":[{"embeddable":true,"href":"https:\/\/www.europesays.com\/de\/wp-json\/wp\/v2\/comments?post=261363"}],"version-history":[{"count":0,"href":"https:\/\/www.europesays.com\/de\/wp-json\/wp\/v2\/posts\/261363\/revisions"}],"wp:featuredmedia":[{"embeddable":true,"href":"https:\/\/www.europesays.com\/de\/wp-json\/wp\/v2\/media\/261364"}],"wp:attachment":[{"href":"https:\/\/www.europesays.com\/de\/wp-json\/wp\/v2\/media?parent=261363"}],"wp:term":[{"taxonomy":"category","embeddable":true,"href":"https:\/\/www.europesays.com\/de\/wp-json\/wp\/v2\/categories?post=261363"},{"taxonomy":"post_tag","embeddable":true,"href":"https:\/\/www.europesays.com\/de\/wp-json\/wp\/v2\/tags?post=261363"}],"curies":[{"name":"wp","href":"https:\/\/api.w.org\/{rel}","templated":true}]}}