{"id":261377,"date":"2025-07-12T02:16:24","date_gmt":"2025-07-12T02:16:24","guid":{"rendered":"https:\/\/www.europesays.com\/de\/261377\/"},"modified":"2025-07-12T02:16:24","modified_gmt":"2025-07-12T02:16:24","slug":"pol-bi-gemeinsame-presseerklaerung-der-staatsanwaltschaft-bielefeld-und-der-polizei-3","status":"publish","type":"post","link":"https:\/\/www.europesays.com\/de\/261377\/","title":{"rendered":"POL-BI: Gemeinsame Presseerkl\u00e4rung der Staatsanwaltschaft Bielefeld und der Polizei &#8230;"},"content":{"rendered":"<p class=\"date\">11.07.2025 \u2013 14:19<\/p>\n<p class=\"customer\">\n                        <a class=\"story-customer\" title=\"weiter zum newsroom von Polizei Bielefeld\" href=\"https:\/\/www.presseportal.de\/blaulicht\/nr\/12522\" rel=\"nofollow noopener\" target=\"_blank\">Polizei Bielefeld<\/a>\n                    <\/p>\n<p><a class=\"glightbox event-trigger\" href=\"https:\/\/cache.pressmailing.net\/thumbnail\/story_hires\/3a190cab-31d1-4db2-860f-80d61af2983e\/Symbolbild.jpg.jpg\" data-description=\"Symbolbild\" data-category=\"medialightbox\" data-action=\"click\" data-label=\"single\" data-value=\"68710148270000fd2cefbec2\" rel=\"nofollow noopener\" target=\"_blank\"><img decoding=\"async\" height=\"540\" with=\"720\" src=\"https:\/\/www.europesays.com\/de\/wp-content\/uploads\/2025\/07\/pol-bi-gemeinsame-presseerkl-rung-der-staatsanwaltschaft-bielefeld-und-der-polizei-bielefeld-festnah.jpeg\"   alt=\"POL-BI: Gemeinsame Presseerkl\u00e4rung der Staatsanwaltschaft Bielefeld und der Polizei Bielefeld: Festnahmen im Verfahren aus Bereich der organisierten Kriminalit\u00e4t: Cannabisplantage in Freizeitzentrum\" class=\"single\"\/><\/a><\/p>\n<p><a data-category=\"citylink-story-view\" data-action=\"click\" data-label=\"Citylink in Meldungsansicht\" class=\"story-city event-trigger\" href=\"https:\/\/www.presseportal.de\/regional\/Bielefeld\" title=\"News aus Bielefeld \" rel=\"nofollow noopener\" target=\"_blank\">Bielefeld<\/a> (ots)<\/p>\n<p> HC\/Bielefeld- Minden-L\u00fcbbecke- Bad Oeynhausen- Niedersachsen- Hameln-Pyrmont- Lauenstein- Hessen- <\/p>\n<p> Durch die Kriminalpolizei Bielefeld erfolgten gemeinsam mit Spezialeinheiten der Polizei NRW, Niedersachsen und Hessen mehrere Festnahmen im Bereich der organisierten Kriminalit\u00e4t. <\/p>\n<p> Der Dienststelle zur Bek\u00e4mpfung der organisierten Kriminalit\u00e4t des Polizeipr\u00e4sidiums Bielefeld gelang es, unter Federf\u00fchrung der Staatsanwaltschaft Bielefeld, in Bad Oeynhausen, Minden und Lauenstein, sechs Beschuldigte festzunehmen, die gemeinsam zwei professionelle Indoor Cannabisplantagen betrieben haben sollen. Dem Einsatz waren umfangreiche Ermittlungen vorausgegangen. <\/p>\n<p> Fr\u00fch am Morgen des Dienstags, 08.07.2025, erfolgte der Zugriff durch die Ermittler unter Beteiligung von Spezialeinheiten aus Nordrhein-Westfalen, Niedersachsen und Hessen, welcher u.a. zur Auffindung der zwei gro\u00dfen Indoor Cannabisplantagen f\u00fchrte, die f\u00fcr die Aufzucht von insgesamt circa 4200 Pflanzen angelegt worden waren. Vor Ort waren ebenfalls Mitarbeiter des LKA Niedersachsen sowie des THW eingesetzt. Die bei dem Einsatz festgenommenen Personen sind albanischer Herkunft im Alter von 22, 26, 27, 29, 33 und 54 Jahren. Gegen alle sechs Beschuldigte wurde durch das Amtsgericht Bielefeld die Untersuchungshaft angeordnet. <\/p>\n<p> Es konnten zudem, neben den Plantagen, noch mehrere Kilogramm verkaufsfertiges Cannabis, eine f\u00fcnfstellige Summe Bargeld, ein PKW sowie diverse Speichermedien sichergestellt werden. <\/p>\n<p> Eine der Plantagen befand sich im Keller eines Freizeitzentrums in Bad Oeynhausen. <\/p>\n<p> Die zweite Plantage wurde in einem leerstehenden Fachwerkhaus in Niedersachsen entdeckt. <\/p>\n<p> Die Ermittlungen dauern weiter an. <\/p>\n<p class=\"contact-headline\">R\u00fcckfragen von Journalisten bitte an:<\/p>\n<p class=\"contact-text\">Polizeipr\u00e4sidium Bielefeld<br \/>Leitungsstab\/ Presse- und \u00d6ffentlichkeitsarbeit<br \/>Kurt-Schumacher-Stra\u00dfe 46<br \/>33615 Bielefeld<\/p>\n<p>Sonja Rehmert (SR), Tel. 0521\/545-3020<br \/>Katja K\u00fcster (KK), Tel. 0521\/545-3195<br \/>Sarah Siedschlag (SI), Tel. 0521\/545-3021<br \/>Michael K\u00f6tter (MK), Tel. 0521\/545-3022<br \/>Hella Christoph (HC), Tel. 0521\/545-3023<br \/>Fabian Rickel (FR), Tel. 0521\/545-3024<br \/>Caroline Steffen (CS), Tel. 0521\/545-3026<br \/>Lukas Reker (LR), Tel. 0521\/545-3222<br \/>Jan Grote (JG), Tel. 0521\/545-3235<\/p>\n<p>E-Mail: <a href=\"https:\/\/www.presseportal.de\/blaulicht\/pm\/12522\/mailto: pressestelle.bielefeld@polizei.nrw.de\" class=\"uri-mailto\" rel=\"nofollow noopener\" target=\"_blank\"> pressestelle.bielefeld@polizei.nrw.de<\/a><br \/><a target=\"_blank\" class=\"uri-ext outbound\" rel=\"noopener nofollow\" href=\"https:\/\/bielefeld.polizei.nrw\/\">https:\/\/bielefeld.polizei.nrw\/<\/a><\/p>\n<p>Au\u00dferhalb der B\u00fcrodienstzeit: Leitstelle, Tel. 0521\/545-0<\/p>\n<p class=\"originator\">Original-Content von: Polizei Bielefeld, \u00fcbermittelt durch news aktuell<\/p>\n","protected":false},"excerpt":{"rendered":"11.07.2025 \u2013 14:19 Polizei Bielefeld Bielefeld (ots) HC\/Bielefeld- Minden-L\u00fcbbecke- Bad Oeynhausen- Niedersachsen- Hameln-Pyrmont- Lauenstein- Hessen- Durch die Kriminalpolizei&hellip;\n","protected":false},"author":2,"featured_media":261378,"comment_status":"","ping_status":"","sticky":false,"template":"","format":"standard","meta":{"footnotes":""},"categories":[1841],"tags":[1605,3364,29,30,177,1209,176,121,178,180,179,181],"class_list":{"0":"post-261377","1":"post","2":"type-post","3":"status-publish","4":"format-standard","5":"has-post-thumbnail","7":"category-bielefeld","8":"tag-bielefeld","9":"tag-de","10":"tag-deutschland","11":"tag-germany","12":"tag-kriminalitt","13":"tag-nordrhein-westfalen","14":"tag-nrw","15":"tag-polizei","16":"tag-presse","17":"tag-pressemeldung","18":"tag-pressemitteilung","19":"tag-pressemitteilungen"},"share_on_mastodon":{"url":"https:\/\/pubeurope.com\/@de\/114837860141159590","error":""},"_links":{"self":[{"href":"https:\/\/www.europesays.com\/de\/wp-json\/wp\/v2\/posts\/261377","targetHints":{"allow":["GET"]}}],"collection":[{"href":"https:\/\/www.europesays.com\/de\/wp-json\/wp\/v2\/posts"}],"about":[{"href":"https:\/\/www.europesays.com\/de\/wp-json\/wp\/v2\/types\/post"}],"author":[{"embeddable":true,"href":"https:\/\/www.europesays.com\/de\/wp-json\/wp\/v2\/users\/2"}],"replies":[{"embeddable":true,"href":"https:\/\/www.europesays.com\/de\/wp-json\/wp\/v2\/comments?post=261377"}],"version-history":[{"count":0,"href":"https:\/\/www.europesays.com\/de\/wp-json\/wp\/v2\/posts\/261377\/revisions"}],"wp:featuredmedia":[{"embeddable":true,"href":"https:\/\/www.europesays.com\/de\/wp-json\/wp\/v2\/media\/261378"}],"wp:attachment":[{"href":"https:\/\/www.europesays.com\/de\/wp-json\/wp\/v2\/media?parent=261377"}],"wp:term":[{"taxonomy":"category","embeddable":true,"href":"https:\/\/www.europesays.com\/de\/wp-json\/wp\/v2\/categories?post=261377"},{"taxonomy":"post_tag","embeddable":true,"href":"https:\/\/www.europesays.com\/de\/wp-json\/wp\/v2\/tags?post=261377"}],"curies":[{"name":"wp","href":"https:\/\/api.w.org\/{rel}","templated":true}]}}