{"id":261388,"date":"2025-07-12T02:22:13","date_gmt":"2025-07-12T02:22:13","guid":{"rendered":"https:\/\/www.europesays.com\/de\/261388\/"},"modified":"2025-07-12T02:22:13","modified_gmt":"2025-07-12T02:22:13","slug":"krieg-usa-wollen-waffen-ueber-die-nato-liefern","status":"publish","type":"post","link":"https:\/\/www.europesays.com\/de\/261388\/","title":{"rendered":"Krieg &#8211; USA wollen Waffen \u00fcber die NATO liefern"},"content":{"rendered":"<p>                    <img decoding=\"async\" loading=\"lazy\" class=\"internal-image\" title=\"Donald Trump mit Aktenmappe unter dem Arm auf dem roten teppich in einem Korridor des Wei\u00dfen Hauses\" alt=\"Donald Trump mit Aktenmappe unter dem Arm auf dem roten teppich in einem Korridor des Wei\u00dfen Hauses\" src=\"https:\/\/www.europesays.com\/de\/wp-content\/uploads\/2025\/07\/donald-trump-white-house-100-1920x1080.jpg\" \/><\/p>\n<p>                  US-Pr\u00e4sident Trump (imago \/ UPI Photo \/ Ken Cedeno)<\/p>\n<p>US-Pr\u00e4sident Trump sagte dem Sender NBC News, die NATO werde die vollen Kosten f\u00fcr diese Waffen erstatten. Um der Ukraine R\u00fcstungsg\u00fcter zu liefern, will Trump offenbar eine besondere pr\u00e4sidentielle Vollmacht nutzen, wie die Nachrichtenagentur Reuters meldet. Diese erlaube es dem Pr\u00e4sidenten, auf Best\u00e4nde des US-Milit\u00e4rs zur\u00fcckzugreifen. Das Paket k\u00f6nnte Patriot-Abwehrraketen sowie Mittelstreckenraketen umfassen.<\/p>\n<p>Zugleich k\u00fcndigte Trump an, Anfang n\u00e4chster Woche ein &#8222;bedeutendes Statement&#8220; zu Russland abzugeben. Zuletzt hatte er sich frustriert \u00fcber den russischen Pr\u00e4sidenten Putin ge\u00e4u\u00dfert.<\/p>\n<p>                Wiederaufbau-Konferenz sichert langfristige Hilfe zu<\/p>\n<p>Bundeskanzler Merz gab gestern bei einer internationalen Wiederaufbau-Konferenz in Rom bekannt, dass Deutschland der Ukraine weitere Milit\u00e4rhilfen f\u00fcr die Verteidigung gegen den russischen Angriffskrieg zur Verf\u00fcgung stellt. Man wolle daf\u00fcr Flugverteidigungssysteme vom Typ Patriot von den USA kaufen.<\/p>\n<p>Auf der Konferenz wurde der Ukraine langfristige Hilfe beim Wiederaufbau zugesichert. Die Europ\u00e4ische Union k\u00fcndigte ein neues Finanzpaket f\u00fcr die Ukraine in H\u00f6he von 2,3 Milliarden Euro an. An dem Fonds soll sich auch die Privatwirtschaft beteiligen. An der Konferenz nahmen auch hunderte Firmen teil. Ziel des Treffens war, Wege f\u00fcr eine umfassende Unterst\u00fctzung durch \u00f6ffentliches und privates Kapital zu finden. Die Weltbank sch\u00e4tzt die bisherigen Kriegssch\u00e4den in der Ukraine auf mehr als 500 Milliarden Euro.<\/p>\n<p>Diese Nachricht wurde am 11.07.2025 im Programm Deutschlandfunk gesendet.<\/p>\n","protected":false},"excerpt":{"rendered":"US-Pr\u00e4sident Trump (imago \/ UPI Photo \/ Ken Cedeno) US-Pr\u00e4sident Trump sagte dem Sender NBC News, die NATO&hellip;\n","protected":false},"author":2,"featured_media":261389,"comment_status":"","ping_status":"","sticky":false,"template":"","format":"standard","meta":{"footnotes":""},"categories":[4012],"tags":[331,332,13,14,15,12,317],"class_list":{"0":"post-261388","1":"post","2":"type-post","3":"status-publish","4":"format-standard","5":"has-post-thumbnail","7":"category-ukraine","8":"tag-aktuelle-nachrichten","9":"tag-aktuelle-news","10":"tag-headlines","11":"tag-nachrichten","12":"tag-news","13":"tag-schlagzeilen","14":"tag-ukraine"},"share_on_mastodon":{"url":"https:\/\/pubeurope.com\/@de\/114837884120666865","error":""},"_links":{"self":[{"href":"https:\/\/www.europesays.com\/de\/wp-json\/wp\/v2\/posts\/261388","targetHints":{"allow":["GET"]}}],"collection":[{"href":"https:\/\/www.europesays.com\/de\/wp-json\/wp\/v2\/posts"}],"about":[{"href":"https:\/\/www.europesays.com\/de\/wp-json\/wp\/v2\/types\/post"}],"author":[{"embeddable":true,"href":"https:\/\/www.europesays.com\/de\/wp-json\/wp\/v2\/users\/2"}],"replies":[{"embeddable":true,"href":"https:\/\/www.europesays.com\/de\/wp-json\/wp\/v2\/comments?post=261388"}],"version-history":[{"count":0,"href":"https:\/\/www.europesays.com\/de\/wp-json\/wp\/v2\/posts\/261388\/revisions"}],"wp:featuredmedia":[{"embeddable":true,"href":"https:\/\/www.europesays.com\/de\/wp-json\/wp\/v2\/media\/261389"}],"wp:attachment":[{"href":"https:\/\/www.europesays.com\/de\/wp-json\/wp\/v2\/media?parent=261388"}],"wp:term":[{"taxonomy":"category","embeddable":true,"href":"https:\/\/www.europesays.com\/de\/wp-json\/wp\/v2\/categories?post=261388"},{"taxonomy":"post_tag","embeddable":true,"href":"https:\/\/www.europesays.com\/de\/wp-json\/wp\/v2\/tags?post=261388"}],"curies":[{"name":"wp","href":"https:\/\/api.w.org\/{rel}","templated":true}]}}