{"id":261411,"date":"2025-07-12T02:35:15","date_gmt":"2025-07-12T02:35:15","guid":{"rendered":"https:\/\/www.europesays.com\/de\/261411\/"},"modified":"2025-07-12T02:35:15","modified_gmt":"2025-07-12T02:35:15","slug":"huendin-hummel-sucht-erneut-neues-zuhause","status":"publish","type":"post","link":"https:\/\/www.europesays.com\/de\/261411\/","title":{"rendered":"H\u00fcndin Hummel sucht erneut neues Zuhause"},"content":{"rendered":"<p>                                &#8211;                                Sie ist erst ein Jahr alt, dennoch sucht das Tierheim in N\u00fcrnberg wieder ein neues Zuhause f\u00fcr die H\u00fcndin namens Hummel. Dass sie erneut ins Tierheim kam, war wohl nicht ihr Fehler &#8211; zumindest nicht offensichtlich.<\/p>\n<p>                Im N\u00fcrnberger Tierheim sucht ein weiterer Hund sein Zuhause. Die Pflegerinnen und Pfleger posteten am Freitagabend einen Aufruf, der einer jungen H\u00fcndin gilt. Demnach wurde die einj\u00e4hrige H\u00fcndin der Rasse Labrador-Schnauzer-Mix als Welpe vermittelt, nach einigen Monaten aber wieder zur\u00fcckgebracht, da sich offenbar der Ersthund der entsprechenden Familie nicht an sie gew\u00f6hnen konnte.<\/p>\n<p>Die junge H\u00fcndin ist laut Angaben des Tierheims N\u00fcrnberg genau so, wie ihr Name vermuten l\u00e4sst: \u201eSie hat sprichw\u00f6rtlich Hummeln im Hintern. Sie m\u00f6chte \u00fcberall dabei sein und ist noch sehr st\u00fcrmisch. Ruhe muss sie erst noch lernen\u201c, hei\u00dft es in einem Beitrag auf Facebook.<\/p>\n<p>Gegen\u00fcber fremden Menschen ist der junge Hund noch unsicher, dennoch taue sie schnell auf. Hummel kennt dem Tierheim zufolge die Grundkommandos, klare Regeln und Grenzen m\u00fcssen ihr aber noch beigebracht werden. Mit anderen Hunden kommt sie zurecht und spielt gerne. Auch Kinder sind grunds\u00e4tzlich kein Problem, allerdings sollten diese im Idealfall bereits Erfahrungen mit Hunden haben, da Hummel \u2013 vor allem aufgrund ihres Alters \u2013 noch sehr st\u00fcrmisch ist.<\/p>\n<p>Auch deshalb braucht sie Besitzerinnen und Besitzer mit Durchsetzungsverm\u00f6gen. Hummel hat sich aber auch bereits als schlaue H\u00fcndin bewiesen, beispielsweise dadurch, dass sie selbst T\u00fcren \u00f6ffnen kann.<\/p>\n<p>Dennoch sollten potenzielle Besitzerinnen und Besitzer wissen, dass Hummels Vater Epileptiker war und dadurch auch nicht g\u00e4nzlich ausgeschlossen werden kann, dass die H\u00fcndin die Krankheit vererbt und ebenfalls darunter leiden k\u00f6nnte.<\/p><\/p>\n","protected":false},"excerpt":{"rendered":"&#8211; Sie ist erst ein Jahr alt, dennoch sucht das Tierheim in N\u00fcrnberg wieder ein neues Zuhause f\u00fcr&hellip;\n","protected":false},"author":2,"featured_media":261412,"comment_status":"","ping_status":"","sticky":false,"template":"","format":"standard","meta":{"footnotes":""},"categories":[1837],"tags":[772,3364,29,30,3783],"class_list":{"0":"post-261411","1":"post","2":"type-post","3":"status-publish","4":"format-standard","5":"has-post-thumbnail","7":"category-nuernberg","8":"tag-bayern","9":"tag-de","10":"tag-deutschland","11":"tag-germany","12":"tag-nuernberg"},"share_on_mastodon":{"url":"https:\/\/pubeurope.com\/@de\/114837934835579155","error":""},"_links":{"self":[{"href":"https:\/\/www.europesays.com\/de\/wp-json\/wp\/v2\/posts\/261411","targetHints":{"allow":["GET"]}}],"collection":[{"href":"https:\/\/www.europesays.com\/de\/wp-json\/wp\/v2\/posts"}],"about":[{"href":"https:\/\/www.europesays.com\/de\/wp-json\/wp\/v2\/types\/post"}],"author":[{"embeddable":true,"href":"https:\/\/www.europesays.com\/de\/wp-json\/wp\/v2\/users\/2"}],"replies":[{"embeddable":true,"href":"https:\/\/www.europesays.com\/de\/wp-json\/wp\/v2\/comments?post=261411"}],"version-history":[{"count":0,"href":"https:\/\/www.europesays.com\/de\/wp-json\/wp\/v2\/posts\/261411\/revisions"}],"wp:featuredmedia":[{"embeddable":true,"href":"https:\/\/www.europesays.com\/de\/wp-json\/wp\/v2\/media\/261412"}],"wp:attachment":[{"href":"https:\/\/www.europesays.com\/de\/wp-json\/wp\/v2\/media?parent=261411"}],"wp:term":[{"taxonomy":"category","embeddable":true,"href":"https:\/\/www.europesays.com\/de\/wp-json\/wp\/v2\/categories?post=261411"},{"taxonomy":"post_tag","embeddable":true,"href":"https:\/\/www.europesays.com\/de\/wp-json\/wp\/v2\/tags?post=261411"}],"curies":[{"name":"wp","href":"https:\/\/api.w.org\/{rel}","templated":true}]}}