{"id":261413,"date":"2025-07-12T02:36:16","date_gmt":"2025-07-12T02:36:16","guid":{"rendered":"https:\/\/www.europesays.com\/de\/261413\/"},"modified":"2025-07-12T02:36:16","modified_gmt":"2025-07-12T02:36:16","slug":"toter-mann-in-schwabach-mord-oder-gerangel-um-geliebte-bayern","status":"publish","type":"post","link":"https:\/\/www.europesays.com\/de\/261413\/","title":{"rendered":"Toter Mann in Schwabach: Mord &#8211; oder Gerangel um Geliebte? &#8211; Bayern"},"content":{"rendered":"<p data-manual=\"paragraph\" data-schema-org-speakable=\"true\" class=\"css-1ylqqlw\">Ein Mann kommt in <a href=\"https:\/\/www.sueddeutsche.de\/thema\/Schwabach\" rel=\"nofollow noopener\" target=\"_blank\">Schwabach<\/a> gewaltsam zu Tode, mitten in einem Wohngebiet. <a href=\"https:\/\/www.sueddeutsche.de\/bayern\/schwabach-toedlicher-messerangriff-festnahme-polizei-lux.FqsPGUouCV5KyYKrpSEnce\" rel=\"nofollow noopener\" target=\"_blank\">Die Polizei findet schnell einen Verd\u00e4chtigen,<\/a> die Staatsanwaltschaft klagt ihn wegen Mordes an. Doch der Angeklagte bleibt zum Auftakt seines Prozesses am Landgericht <a href=\"https:\/\/www.sueddeutsche.de\/thema\/N%C3%BCrnberg\" rel=\"nofollow noopener\" target=\"_blank\">N\u00fcrnberg<\/a>-F\u00fcrth bei seiner eigenen Version, die er von seiner Verteidigerin vortragen l\u00e4sst und weist jede Schuld von sich: Nicht er, sondern das Opfer, habe das Tatwerkzeug in der Hand gehabt, es habe zun\u00e4chst eine verbale Auseinandersetzung gegeben, sp\u00e4ter ein Gerangel, in dessen Verlauf es irgendwie zu Verletzungen auf beiden Seiten gekommen sein soll.<\/p>\n<p data-manual=\"paragraph\" data-schema-org-speakable=\"true\" class=\"css-1ylqqlw\">Die Staatsanwaltschaft geht hingegen davon aus, dass der 59 Jahre alte Mann auf den Ehemann seiner langj\u00e4hrigen Geliebten bewusst eingestochen und ihn mit zwei Stichen in die linke Brust t\u00f6dlich verletzt hat. Er sei davon ausgegangen, dass die Frau von ihrem Ehemann nicht gut behandelt worden sei. Er hatte die Frau schon Jahre vorher kennengelernt, als sie als Aushilfe in seinem Schreibwarenladen in N\u00fcrnberg anfing.<\/p>\n<p><a href=\"https:\/\/www.sueddeutsche.de\/bayern\/bayern-whatsapp-kanal-sueddeutsche-zeitung-anmeldung-abonniere-lux.53Kn45a8k7kuCphD9cvyfg\" aria-label=\"Artikelverlinkung:\" data-track-szde=\"{&quot;event&quot;:&quot;teaser_clicked&quot;,&quot;teaser_clicked&quot;:{&quot;article_title&quot;:&quot;nachrichten_aus_der_bayern_redaktion_jetzt_auf_whatsapp_abonnieren&quot;,&quot;doctype&quot;:&quot;&quot;,&quot;label&quot;:&quot;&quot;,&quot;main_topic&quot;:&quot;bayern&quot;,&quot;object_id&quot;:&quot;lux.53Kn45a8k7kuCphD9cvyfg&quot;,&quot;pcat&quot;:&quot;metered&quot;,&quot;section&quot;:&quot;bayern&quot;,&quot;teaser_type&quot;:&quot;article_teaser_top&quot;}}\" data-manual=\"teaser-url\" data-tb-link=\"\" aria-labelledby=\"teaser-httpswwwsueddeutschedebayernbayern-whatsapp-kanal-sueddeutsche-zeitung-anmeldung-abonniere-lux53Kn45a8k7kuCphD9cvyfg\" class=\"css-14tg8sh\" rel=\"nofollow noopener\" target=\"_blank\"><img decoding=\"async\" src=\"https:\/\/www.europesays.com\/de\/wp-content\/uploads\/2025\/07\/1752287776_168_9eb3992c-8ccd-422c-b33d-55d59e50937d.jpeg\"   alt=\"\" loading=\"lazy\" class=\"css-8atqhb\"\/><\/p>\n<p>SZ Bayern auf Whatsapp<\/p>\n<p>:Nachrichten aus der Bayern-Redaktion \u2013 jetzt auf Whatsapp abonnieren<\/p>\n<p class=\"css-a6ecqs\" data-manual=\"teaser-text\" data-tb-description=\"\" data-schema-org-speakable=\"true\">Von Aschaffenburg bis Berchtesgaden: Das Bayern-Team der SZ ist im gesamten Freistaat f\u00fcr Sie unterwegs. Hier entlang, wenn Sie Geschichten, News und Hintergr\u00fcnde direkt aufs Handy bekommen m\u00f6chten.<\/p>\n<p data-manual=\"paragraph\" data-schema-org-speakable=\"true\" class=\"css-1ylqqlw\">\u00dcber Jahre unterhielten beide neben der Ehe der Frau ein sexuelles Verh\u00e4ltnis, wie er auch selbst in seiner Erkl\u00e4rung angab.Nach Darstellung der Staatsanwaltschaft hatte der Angeklagte den Ehemann am fr\u00fchen Morgen abgepasst, als dieser gerade mit seinem Auto zur Arbeit fahren wollte. Er selbst macht geltend, er habe dem Mann nur ins Gewissen reden wollen, seine Frau besser zu behandeln.<\/p>\n<p data-manual=\"paragraph\" data-schema-org-speakable=\"true\" class=\"css-1ylqqlw\">Die Frau hatte der Anklage zufolge noch versucht, bei der Auseinandersetzung auf dem Parkplatz vor ihrer Wohnung dazwischenzugehen und dabei selbst Verletzungen erlitten. Zu Beginn des Prozesses sagten im Zeugenstand zahlreiche Polizeibeamte aus und schilderten den Fortgang der Ermittlungen. Der Fall hatte Aufsehen erregt, weil er sich im August vergangenen Jahres mitten in einem Wohngebiet in der mittelfr\u00e4nkischen Stadt abgespielt hatte.<\/p>\n<p data-manual=\"paragraph\" data-schema-org-speakable=\"true\" class=\"css-1ylqqlw\">Nachbarn waren durch Schreie auf die Tat aufmerksam geworden und hatten die Polizei verst\u00e4ndigt. Der Angeklagte war wenige Tage sp\u00e4ter festgenommen worden und in Untersuchungshaft gekommen. Die 5. Strafkammer unter Vorsitz von Richter Markus Bader hat f\u00fcr den Prozess insgesamt elf Verhandlungstage angesetzt. Ein Urteil k\u00f6nnte Anfang August gesprochen werden.<\/p>\n","protected":false},"excerpt":{"rendered":"Ein Mann kommt in Schwabach gewaltsam zu Tode, mitten in einem Wohngebiet. Die Polizei findet schnell einen Verd\u00e4chtigen,&hellip;\n","protected":false},"author":2,"featured_media":261414,"comment_status":"","ping_status":"","sticky":false,"template":"","format":"standard","meta":{"footnotes":""},"categories":[1837],"tags":[772,3364,29,22882,30,4156,3783,37226,149],"class_list":{"0":"post-261413","1":"post","2":"type-post","3":"status-publish","4":"format-standard","5":"has-post-thumbnail","7":"category-nuernberg","8":"tag-bayern","9":"tag-de","10":"tag-deutschland","11":"tag-gerichtsprozesse-in-bayern","12":"tag-germany","13":"tag-mittelfranken","14":"tag-nuernberg","15":"tag-schwabach","16":"tag-sueddeutsche-zeitung"},"share_on_mastodon":{"url":"https:\/\/pubeurope.com\/@de\/114837938731257104","error":""},"_links":{"self":[{"href":"https:\/\/www.europesays.com\/de\/wp-json\/wp\/v2\/posts\/261413","targetHints":{"allow":["GET"]}}],"collection":[{"href":"https:\/\/www.europesays.com\/de\/wp-json\/wp\/v2\/posts"}],"about":[{"href":"https:\/\/www.europesays.com\/de\/wp-json\/wp\/v2\/types\/post"}],"author":[{"embeddable":true,"href":"https:\/\/www.europesays.com\/de\/wp-json\/wp\/v2\/users\/2"}],"replies":[{"embeddable":true,"href":"https:\/\/www.europesays.com\/de\/wp-json\/wp\/v2\/comments?post=261413"}],"version-history":[{"count":0,"href":"https:\/\/www.europesays.com\/de\/wp-json\/wp\/v2\/posts\/261413\/revisions"}],"wp:featuredmedia":[{"embeddable":true,"href":"https:\/\/www.europesays.com\/de\/wp-json\/wp\/v2\/media\/261414"}],"wp:attachment":[{"href":"https:\/\/www.europesays.com\/de\/wp-json\/wp\/v2\/media?parent=261413"}],"wp:term":[{"taxonomy":"category","embeddable":true,"href":"https:\/\/www.europesays.com\/de\/wp-json\/wp\/v2\/categories?post=261413"},{"taxonomy":"post_tag","embeddable":true,"href":"https:\/\/www.europesays.com\/de\/wp-json\/wp\/v2\/tags?post=261413"}],"curies":[{"name":"wp","href":"https:\/\/api.w.org\/{rel}","templated":true}]}}