{"id":261419,"date":"2025-07-12T02:39:25","date_gmt":"2025-07-12T02:39:25","guid":{"rendered":"https:\/\/www.europesays.com\/de\/261419\/"},"modified":"2025-07-12T02:39:25","modified_gmt":"2025-07-12T02:39:25","slug":"falscher-polizist-raubt-prada-tasche-und-iphone-notorischer-straftaeter-endlich-verurteilt-regional","status":"publish","type":"post","link":"https:\/\/www.europesays.com\/de\/261419\/","title":{"rendered":"Falscher Polizist raubt Prada-Tasche und iPhone: Notorischer Straft\u00e4ter endlich verurteilt | Regional"},"content":{"rendered":"<p>Dresden \u2013 <b>Pascal D. (36) hat 20 Eintr\u00e4ge im Vorstrafenregister. \u00dcber die H\u00e4lfte der Verfahren endete mit Freispr\u00fcchen oder Einstellungen. Jetzt stand er wegen r\u00e4uberischer Erpressung und Freiheitsberaubung vor dem Landgericht.<\/b><\/p>\n<p>Am 15. August 2024 soll Pascal D. bei einer Nachbarin an die Wohnungst\u00fcr geh\u00e4mmert und laut \u201ePolizei\u201c gerufen haben. Als die chinesische Studentin Lili G. (25) die T\u00fcr \u00f6ffnete, st\u00fcrmte er die Wohnung zusammen mit seiner Freundin und einem Hund.<\/p>\n<p>\u00dcberfall auf eine chinesische Studentin<\/p>\n<p>\u201eEr dr\u00fcckte die T\u00fcr mit Gewalt auf. Ich versuchte aus der Wohnung zu kommen, er versperrte mir immer wieder den Weg\u201c, sagt die Studentin, bricht in Tr\u00e4nen aus. \u201eEr sagte, er hat eine Pistole. Ich hatte Todesangst\u201c, sagt Lili G. \u201eDann wollte er meine Tasche, ich habe erwidert, er kann alles nehmen.\u201c<\/p>\n<p><img decoding=\"async\" width=\"992\" height=\"1178\" alt=\"Die gestohlene Prada-Tasche fand die Polizei sp\u00e4ter unter einem Treppenabsatz versteckt\" src=\"https:\/\/www.europesays.com\/de\/wp-content\/uploads\/2025\/07\/ec27801263414c3a36fb812140612f19,866d35e9\"   class=\"portrait\" loading=\"lazy\"\/><\/p>\n<p class=\"fig__caption__text\">Die gestohlene Prada-Tasche fand die Polizei sp\u00e4ter unter einem Treppenabsatz versteckt<\/p>\n<p>Foto: Dirk Sukow<\/p>\n<p>Kurz darauf soll D. mit der Prada-Tasche (Neupreis: rund 2700 Euro), einem iPhone, Kopfh\u00f6rern und einer Computer-Maus verschwunden sein. Im Prozess erkl\u00e4rte Pascal D.: \u201eDas war doch geschenkt, ich habe nicht geklaut.\u201c  Bei seiner Festnahme habe er die Polizei erst mal nach einer Zigarette gefragt. \u201eEr trat sehr kumpelhaft auf\u201c, so ein Beamter.<\/p>\n<p>Der Angeklagte liebt die Polizei<\/p>\n<p>Pascal D.: \u201eIch mag die <a href=\"https:\/\/www.bild.de\/regional\/aktuelles\/polizei\/polizeieinsatz-alle-infos-76681760.bild.html\" class=\"text-link\" target=\"_blank\" rel=\"noopener\">Polizei<\/a>. Sie sind wie Familie.\u201c Der Vorsitzende Richter Joachim Kubista (61) kontert: \u201eKein Wunder, wenn seit 2017 alle Verfahren eingestellt werden, da kann man machen, was man will und nichts passiert.\u201c<\/p>\n<p>Pascal D. wurde 2017 und 2018 zweimal freigesprochen, weil er aufgrund einer durch Drogen verursachten Psychose schuldunf\u00e4hig galt. Trotz massiver Vorw\u00fcrfe wie gef\u00e4hrlicher K\u00f6rperverletzung, r\u00e4uberischem Diebstahl und Einbruchs. In den letzten f\u00fcnf Jahren wurden weitere 10 Verfahren eingestellt, darunter gef\u00e4hrliche K\u00f6rperverletzung und Diebst\u00e4hle.<\/p>\n<p><img decoding=\"async\" width=\"992\" height=\"558\" alt=\"Pascal D. im Gespr\u00e4ch mit seinem Anwalt. Dem Gericht bot er an, eine Therapie zu machen, wenn man ihn wieder frei l\u00e4sst\" src=\"https:\/\/www.europesays.com\/de\/wp-content\/uploads\/2025\/07\/9828029d19d78360a441d3a4b11409e4,3cde2862\"   class=\"landscape\" loading=\"lazy\"\/><\/p>\n<p class=\"fig__caption__text\">Pascal D. im Gespr\u00e4ch mit seinem Anwalt. Dem Gericht bot er an, eine Therapie zu machen, wenn man ihn wieder freil\u00e4sst<\/p>\n<p>Foto: Dirk Sukow<\/p>\n<p>Gutachter sieht keine Schuldunf\u00e4higkeit mehr<\/p>\n<p>Neben dem \u00dcberfall auf die Studentin in <a href=\"https:\/\/www.bild.de\/regional\/dresden\/dresden-regional\/home-16327670.bild.html\" class=\"text-link\" target=\"_blank\" rel=\"noopener\">Dresden<\/a> klagte die Staatsanwaltschaft noch sieben weitere Taten an, darunter Diebst\u00e4hle und das F\u00fchren einer Schreckschusspistole in der \u00d6ffentlichkeit. Ein neues Gutachten sieht bei dem Intensivt\u00e4ter nun keine Schuldunf\u00e4higkeit mehr, sondern nur noch eine verminderte Steuerungsf\u00e4higkeit.<\/p>\n<p>Lesen Sie auch<\/p>\n<p>Das <a href=\"https:\/\/www.bild.de\/themen\/ereignisse\/prozess\/news-fotos-videos-17024714.bild.html\" class=\"text-link\" target=\"_blank\" rel=\"noopener\">Landgericht<\/a> verurteilte Pascal D. zu 3 Jahren und 6 Monaten <a href=\"https:\/\/www.bild.de\/themen\/specials\/gefaengnis\/news-fotos-videos-31693380.bild.html\" class=\"text-link\" target=\"_blank\" rel=\"noopener\">Haft<\/a>, wies ihn aber vorerst wegen seiner Drogensucht und gelegentlichen Wahnvorstellungen wieder in die Psychiatrie ein. Richter Kubista: \u201eSie sind eine Gefahr f\u00fcr die \u00d6ffentlichkeit und nicht schuldunf\u00e4hig. M\u00f6glicherweise h\u00e4tte man die letzten Verfahren gar nicht einstellen m\u00fcssen.\u201c<\/p>\n","protected":false},"excerpt":{"rendered":"Dresden \u2013 Pascal D. (36) hat 20 Eintr\u00e4ge im Vorstrafenregister. \u00dcber die H\u00e4lfte der Verfahren endete mit Freispr\u00fcchen&hellip;\n","protected":false},"author":2,"featured_media":261420,"comment_status":"","ping_status":"","sticky":false,"template":"","format":"standard","meta":{"footnotes":""},"categories":[1835],"tags":[3364,29,1686,2386,30,17975,121,19168,352,1269,5309,859,4982,45],"class_list":{"0":"post-261419","1":"post","2":"type-post","3":"status-publish","4":"format-standard","5":"has-post-thumbnail","7":"category-dresden","8":"tag-de","9":"tag-deutschland","10":"tag-diebstahl","11":"tag-dresden","12":"tag-germany","13":"tag-landgericht-dresden","14":"tag-polizei","15":"tag-polizist","16":"tag-prada","17":"tag-prozess","18":"tag-raubueberfall","19":"tag-sachsen","20":"tag-schilz-bernhard","21":"tag-texttospeech"},"share_on_mastodon":{"url":"https:\/\/pubeurope.com\/@de\/114837950585612642","error":""},"_links":{"self":[{"href":"https:\/\/www.europesays.com\/de\/wp-json\/wp\/v2\/posts\/261419","targetHints":{"allow":["GET"]}}],"collection":[{"href":"https:\/\/www.europesays.com\/de\/wp-json\/wp\/v2\/posts"}],"about":[{"href":"https:\/\/www.europesays.com\/de\/wp-json\/wp\/v2\/types\/post"}],"author":[{"embeddable":true,"href":"https:\/\/www.europesays.com\/de\/wp-json\/wp\/v2\/users\/2"}],"replies":[{"embeddable":true,"href":"https:\/\/www.europesays.com\/de\/wp-json\/wp\/v2\/comments?post=261419"}],"version-history":[{"count":0,"href":"https:\/\/www.europesays.com\/de\/wp-json\/wp\/v2\/posts\/261419\/revisions"}],"wp:featuredmedia":[{"embeddable":true,"href":"https:\/\/www.europesays.com\/de\/wp-json\/wp\/v2\/media\/261420"}],"wp:attachment":[{"href":"https:\/\/www.europesays.com\/de\/wp-json\/wp\/v2\/media?parent=261419"}],"wp:term":[{"taxonomy":"category","embeddable":true,"href":"https:\/\/www.europesays.com\/de\/wp-json\/wp\/v2\/categories?post=261419"},{"taxonomy":"post_tag","embeddable":true,"href":"https:\/\/www.europesays.com\/de\/wp-json\/wp\/v2\/tags?post=261419"}],"curies":[{"name":"wp","href":"https:\/\/api.w.org\/{rel}","templated":true}]}}