{"id":261424,"date":"2025-07-12T02:42:11","date_gmt":"2025-07-12T02:42:11","guid":{"rendered":"https:\/\/www.europesays.com\/de\/261424\/"},"modified":"2025-07-12T02:42:11","modified_gmt":"2025-07-12T02:42:11","slug":"niedersachsen-bremen-haftbefehl-nach-fund-von-cannabis-plantage","status":"publish","type":"post","link":"https:\/\/www.europesays.com\/de\/261424\/","title":{"rendered":"Niedersachsen &#038; Bremen: Haftbefehl nach Fund von Cannabis-Plantage"},"content":{"rendered":"<p>                    Niedersachsen &amp; Bremen<br \/>\n                Haftbefehl nach Fund von Cannabis-Plantage<\/p>\n<p>\t\t\t\t              11.07.2025, 14:22 Uhr<\/p>\n<p><strong>In der Anlage befanden sich mehr als 2.000 Pflanzen. Die Zahl der verd\u00e4chtigen Betreiber ist inzwischen gestiegen.<\/strong><\/p>\n<p>Sch\u00fcttorf (dpa\/lni) &#8211; Nach dem Fund einer illegalen Cannabis-Plantage ist gegen einen Verd\u00e4chtigen ein Haftbefehl erlassen worden. Bei der Durchsuchung der Plantage nahmen Polizisten drei Verd\u00e4chtige &#8211; mutma\u00dfliche Betreiber &#8211; zwischen 33 und 39 Jahren vorl\u00e4ufig fest, wie die Beamten am Donnerstag mitteilten. Gegen einen 38-J\u00e4hrigen wurde inzwischen ein Haftbefehl erlassen, wie die Polizei jetzt mitteilte.<\/p>\n<p>Beamte hatten die professionelle Anlage mit mehr als 2.000 Pflanzen in einer Halle in Sch\u00fcttorf bei Bad Bentheim entdeckt. Die Polizei sprach von einer der gr\u00f6\u00dften Cannabis-Plantagen, die in den vergangenen Jahren in Niedersachsen entdeckt wurden.<\/p>\n<p>Durch weitere Ermittlungen stie\u00df die Polizei zudem auf einen weiteren 44 Jahre alten Verd\u00e4chtigen. Er soll ebenfalls am Betrieb der Plantage beteiligt gewesen sein. Seine Wohnr\u00e4ume wurden zwischenzeitlich ebenfalls durchsucht.<\/p>\n","protected":false},"excerpt":{"rendered":"Niedersachsen &amp; Bremen Haftbefehl nach Fund von Cannabis-Plantage 11.07.2025, 14:22 Uhr In der Anlage befanden sich mehr als&hellip;\n","protected":false},"author":2,"featured_media":261425,"comment_status":"","ping_status":"","sticky":false,"template":"","format":"standard","meta":{"footnotes":""},"categories":[1824],"tags":[76678,2420,3364,29,9909,30,503,1411],"class_list":{"0":"post-261424","1":"post","2":"type-post","3":"status-publish","4":"format-standard","5":"has-post-thumbnail","7":"category-bremen","8":"tag-cannabis-plantage","9":"tag-bremen","10":"tag-de","11":"tag-deutschland","12":"tag-fund","13":"tag-germany","14":"tag-haftbefehl","15":"tag-niedersachsen"},"share_on_mastodon":{"url":"https:\/\/pubeurope.com\/@de\/114837962357842984","error":""},"_links":{"self":[{"href":"https:\/\/www.europesays.com\/de\/wp-json\/wp\/v2\/posts\/261424","targetHints":{"allow":["GET"]}}],"collection":[{"href":"https:\/\/www.europesays.com\/de\/wp-json\/wp\/v2\/posts"}],"about":[{"href":"https:\/\/www.europesays.com\/de\/wp-json\/wp\/v2\/types\/post"}],"author":[{"embeddable":true,"href":"https:\/\/www.europesays.com\/de\/wp-json\/wp\/v2\/users\/2"}],"replies":[{"embeddable":true,"href":"https:\/\/www.europesays.com\/de\/wp-json\/wp\/v2\/comments?post=261424"}],"version-history":[{"count":0,"href":"https:\/\/www.europesays.com\/de\/wp-json\/wp\/v2\/posts\/261424\/revisions"}],"wp:featuredmedia":[{"embeddable":true,"href":"https:\/\/www.europesays.com\/de\/wp-json\/wp\/v2\/media\/261425"}],"wp:attachment":[{"href":"https:\/\/www.europesays.com\/de\/wp-json\/wp\/v2\/media?parent=261424"}],"wp:term":[{"taxonomy":"category","embeddable":true,"href":"https:\/\/www.europesays.com\/de\/wp-json\/wp\/v2\/categories?post=261424"},{"taxonomy":"post_tag","embeddable":true,"href":"https:\/\/www.europesays.com\/de\/wp-json\/wp\/v2\/tags?post=261424"}],"curies":[{"name":"wp","href":"https:\/\/api.w.org\/{rel}","templated":true}]}}