{"id":261454,"date":"2025-07-12T03:00:40","date_gmt":"2025-07-12T03:00:40","guid":{"rendered":"https:\/\/www.europesays.com\/de\/261454\/"},"modified":"2025-07-12T03:00:40","modified_gmt":"2025-07-12T03:00:40","slug":"kunstwerke-kunstwerke-im-freien-wo-hamburg-ein-open-air-museum-ist","status":"publish","type":"post","link":"https:\/\/www.europesays.com\/de\/261454\/","title":{"rendered":"Kunstwerke: Kunstwerke im Freien: Wo Hamburg ein Open-Air-Museum ist"},"content":{"rendered":"<p>                            &#8222;Die Liegende&#8220; von Edgar Augustin (1936\u20131996) wurde 1976 am Stephansplatz am Zugang zu Planten un Blomen aufgestellt.            \u00a9\u00a0[M] Marcelo Hernandez\/\u200bFunke\/\u200bimago images<\/p>\n<p class=\"paragraph article__item\">In <a class=\"rtr-entity\" href=\"https:\/\/www.zeit.de\/thema\/hamburg\" rel=\"nofollow noopener\" target=\"_blank\">Hamburg<\/a> kann man etliche Kunstwerke zu jeder Tageszeit besuchen, und das v\u00f6llig kostenlos. Teils stammen sie von ber\u00fchmten K\u00fcnstlerinnen und K\u00fcnstlern, teils haben sie selbst Kulturgeschichte geschrieben \u2013 dennoch bleiben sie h\u00e4ufig unbemerkt. Denn sie befinden sich nicht in einem Museum, sondern drau\u00dfen, im \u00f6ffentlichen Raum.\n<\/p>\n<p class=\"paragraph article__item\">Um diese <a class=\"rtr-entity\" href=\"https:\/\/www.zeit.de\/thema\/kunstwerk\" rel=\"nofollow noopener\" target=\"_blank\">Kunstwerke<\/a> bekannter zu machen, hat die Stadt Hamburg das Amt des Stadtkurators erfunden. Aktuell wird es von Joanna Warsza bekleidet, einer renommierten polnischen Kuratorin. F\u00fcnf Jahre lang soll sie nun die Diskussionen um Kunst im \u00f6ffentlichen Raum beleben. Ende 2024 trat Warsza ihr Amt an, in diesen Tagen ist ihre erste Ausstellung zu sehen:\u00a0From the Cosmos to the Commons\u00a0(deutsch:\u00a0Vom All zum Allgemeingut) im Stadtpark.\n<\/p>\n<p class=\"paragraph article__item\">In der neuen Folge des Hamburg-Podcasts Elbvertiefung spricht der Host <a href=\"https:\/\/www.zeit.de\/autoren\/Z\/Florian_Zinnecker\/index\" target=\"_blank\" rel=\"nofollow noopener\">Florian Zinnecker<\/a> mit <a href=\"https:\/\/www.zeit.de\/autoren\/P\/Oskar_Piegsa\/index.xml\" target=\"_blank\" rel=\"nofollow noopener\">Oskar Piegsa <\/a>\u00fcber die <a href=\"https:\/\/www.zeit.de\/2025\/23\/joanna-warsza-stadtkuratorin-hamburg-kunst\" target=\"_blank\" rel=\"nofollow noopener\">Arbeit der Stadtkuratorin<\/a>, \u00fcber die Geschichte der Kunst im \u00f6ffentlichen Raum, bei der Hamburg mehr als einmal wegweisend war \u2013 und nat\u00fcrlich geht es auch um die Kunstwerke, die man im Hamburg au\u00dferhalb der Museen entdecken kann, wie die\u00a0<a href=\"https:\/\/www.zeit.de\/2023\/09\/bismarck-denkmal-hamburg-kolonialismus-geschichte\" target=\"_blank\" rel=\"nofollow noopener\">Bismarck-Statue im Alten Elbpark<\/a> und die <a href=\"https:\/\/www.zeit.de\/2017\/10\/boran-burchhardt-veddel-kunst-fassade-vergoldet\" target=\"_blank\" rel=\"nofollow noopener\">Goldwand in der Veddel<\/a>.\u00a0\n<\/p>\n<p>                            Die Podcasthosts Florian Zinnecker und Maria Rossbauer.            \u00a9\u00a0Florian Thoss\/\u200bZEIT ONLINE<\/p>\n<p class=\"paragraph article__item\">Der Podcast Elbvertiefung erscheint einmal pro Woche. <a href=\"https:\/\/www.zeit.de\/autoren\/R\/Maria_Rossbauer\/index\" target=\"_blank\" rel=\"nofollow noopener\">Maria Rossbauer<\/a> und <a href=\"https:\/\/www.zeit.de\/autoren\/Z\/Florian_Zinnecker\/index\" target=\"_blank\" rel=\"nofollow noopener\">Florian Zinnecker<\/a>, die gemeinsam das Hamburg-Ressort der ZEIT leiten, sprechen im w\u00f6chentlichen Wechsel mit Kolleginnen und Kollegen aus dem Team \u00fcber ein Thema, das die Menschen in der zweitgr\u00f6\u00dften Stadt Deutschlands bewegt. Immer pers\u00f6nlich, pr\u00e4gnant und pointiert \u2013 und nur selten l\u00e4nger als eine halbe Stunde.\n<\/p>\n<p class=\"paragraph article__item\">F\u00fcr Lob, Kritik oder Anregungen schreiben Sie gern an <a href=\"https:\/\/www.zeit.de\/hamburg\/2025-07\/mailto:hamburg@zeit.de\" target=\"_blank\" rel=\"nofollow noopener\">hamburg@zeit.de<\/a>.<\/p>\n","protected":false},"excerpt":{"rendered":"&#8222;Die Liegende&#8220; von Edgar Augustin (1936\u20131996) wurde 1976 am Stephansplatz am Zugang zu Planten un Blomen aufgestellt. \u00a9\u00a0[M]&hellip;\n","protected":false},"author":2,"featured_media":261455,"comment_status":"","ping_status":"","sticky":false,"template":"","format":"standard","meta":{"footnotes":""},"categories":[1826],"tags":[29,30,2989,692,2075,14117,4818],"class_list":{"0":"post-261454","1":"post","2":"type-post","3":"status-publish","4":"format-standard","5":"has-post-thumbnail","7":"category-hamburg","8":"tag-deutschland","9":"tag-germany","10":"tag-geschichte","11":"tag-hamburg","12":"tag-kunst","13":"tag-kunstwerk","14":"tag-kunstwerke"},"share_on_mastodon":{"url":"https:\/\/pubeurope.com\/@de\/114838033034196479","error":""},"_links":{"self":[{"href":"https:\/\/www.europesays.com\/de\/wp-json\/wp\/v2\/posts\/261454","targetHints":{"allow":["GET"]}}],"collection":[{"href":"https:\/\/www.europesays.com\/de\/wp-json\/wp\/v2\/posts"}],"about":[{"href":"https:\/\/www.europesays.com\/de\/wp-json\/wp\/v2\/types\/post"}],"author":[{"embeddable":true,"href":"https:\/\/www.europesays.com\/de\/wp-json\/wp\/v2\/users\/2"}],"replies":[{"embeddable":true,"href":"https:\/\/www.europesays.com\/de\/wp-json\/wp\/v2\/comments?post=261454"}],"version-history":[{"count":0,"href":"https:\/\/www.europesays.com\/de\/wp-json\/wp\/v2\/posts\/261454\/revisions"}],"wp:featuredmedia":[{"embeddable":true,"href":"https:\/\/www.europesays.com\/de\/wp-json\/wp\/v2\/media\/261455"}],"wp:attachment":[{"href":"https:\/\/www.europesays.com\/de\/wp-json\/wp\/v2\/media?parent=261454"}],"wp:term":[{"taxonomy":"category","embeddable":true,"href":"https:\/\/www.europesays.com\/de\/wp-json\/wp\/v2\/categories?post=261454"},{"taxonomy":"post_tag","embeddable":true,"href":"https:\/\/www.europesays.com\/de\/wp-json\/wp\/v2\/tags?post=261454"}],"curies":[{"name":"wp","href":"https:\/\/api.w.org\/{rel}","templated":true}]}}