{"id":261466,"date":"2025-07-12T03:06:10","date_gmt":"2025-07-12T03:06:10","guid":{"rendered":"https:\/\/www.europesays.com\/de\/261466\/"},"modified":"2025-07-12T03:06:10","modified_gmt":"2025-07-12T03:06:10","slug":"berlin-brandenburg-tausende-besucher-bei-lollapalooza-festival-erwartet","status":"publish","type":"post","link":"https:\/\/www.europesays.com\/de\/261466\/","title":{"rendered":"Berlin &#038; Brandenburg: Tausende Besucher bei Lollapalooza-Festival erwartet"},"content":{"rendered":"<p>                    Berlin &amp; Brandenburg<br \/>\n                Tausende Besucher bei Lollapalooza-Festival erwartet<\/p>\n<p>\t\t\t\t              12.07.2025, 03:33 Uhr<\/p>\n<p><strong>Zehntausende Musikfans werden am Wochenende zum Lollapalooza-Festival im Olympiastadion erwartet. Bei regnerischem Wetter stehen prominente K\u00fcnstlerinnen und K\u00fcnstler auf dem Programm.<\/strong><\/p>\n<p>Berlin (dpa\/bb) &#8211; Zum zehnj\u00e4hrigen Jubil\u00e4um erwarten die Besucherinnen und Besucher des Lollapalooza-Festivals an diesem Wochenende (12. und 13. Juli) musikalische Top-Acts aus aller Welt in Berlin. W\u00e4hrend der zweit\u00e4gigen Veranstaltung auf dem Olympiagel\u00e4nde finden unter anderem Konzerte von Justin Timberlake (&#8222;Cry Me a River&#8220;), US-Popstar Gracie Abrams (&#8222;I Love You, I&#8217;m Sorry&#8220;) und der britischen S\u00e4ngerin Raye (&#8222;Escapism.&#8220;) statt.\u00a0<\/p>\n<p>Auch der s\u00fcdkoreanische Rapper J-Hope (&#8222;Killin&#8216; It Girl&#8220;), der neben seinen Soloauftritten auch Teil der Boygroup BTS ist, spielt am Sonntag zur Primetime &#8211; kurz nach US-Shootingstar Benson Boone (&#8222;Beautiful Things&#8220;).\u00a0<\/p>\n<p>Die Veranstalter erwarten an beiden Tagen jeweils mehr als 50.000 Festival-G\u00e4ste, wie eine Sprecherin der Deutschen Presse-Agentur sagte. Rund 50 musikalische Auftritte sind auf den Hauptb\u00fchnen geplant. Dazu gibt es Shows von K\u00fcnstlerinnen und K\u00fcnstlern und auch Talk-Formate. Auch Angebote f\u00fcr Kinder stehen auf dem Plan.<\/p>\n<p>Regencape einpacken<\/p>\n<p>Wer die musikalischen Top-Acts genie\u00dfen will, muss sich allerdings auch auf Regen vorbereiten. Laut Vorhersage des Deutschen Wetterdienstes (DWD) kann es am Samstag schauerartigen und starken Regen geben, teils mit Gewittern durchsetzt.<\/p>\n<p>Das Lollapalooza-Festival feierte vor zehn Jahren seine Berlin-Premiere auf dem Tempelhofer Feld. Seit 2018 findet es allj\u00e4hrlich auf dem Olympiagel\u00e4nde statt.<\/p>\n","protected":false},"excerpt":{"rendered":"Berlin &amp; Brandenburg Tausende Besucher bei Lollapalooza-Festival erwartet 12.07.2025, 03:33 Uhr Zehntausende Musikfans werden am Wochenende zum Lollapalooza-Festival&hellip;\n","protected":false},"author":2,"featured_media":261467,"comment_status":"","ping_status":"","sticky":false,"template":"","format":"standard","meta":{"footnotes":""},"categories":[1825],"tags":[296,6151,1890,29,30,79322,7903],"class_list":{"0":"post-261466","1":"post","2":"type-post","3":"status-publish","4":"format-standard","5":"has-post-thumbnail","7":"category-berlin","8":"tag-berlin","9":"tag-besucher","10":"tag-brandenburg","11":"tag-deutschland","12":"tag-germany","13":"tag-lollapalooza-festival","14":"tag-tausende"},"share_on_mastodon":{"url":"https:\/\/pubeurope.com\/@de\/114838056709426582","error":""},"_links":{"self":[{"href":"https:\/\/www.europesays.com\/de\/wp-json\/wp\/v2\/posts\/261466","targetHints":{"allow":["GET"]}}],"collection":[{"href":"https:\/\/www.europesays.com\/de\/wp-json\/wp\/v2\/posts"}],"about":[{"href":"https:\/\/www.europesays.com\/de\/wp-json\/wp\/v2\/types\/post"}],"author":[{"embeddable":true,"href":"https:\/\/www.europesays.com\/de\/wp-json\/wp\/v2\/users\/2"}],"replies":[{"embeddable":true,"href":"https:\/\/www.europesays.com\/de\/wp-json\/wp\/v2\/comments?post=261466"}],"version-history":[{"count":0,"href":"https:\/\/www.europesays.com\/de\/wp-json\/wp\/v2\/posts\/261466\/revisions"}],"wp:featuredmedia":[{"embeddable":true,"href":"https:\/\/www.europesays.com\/de\/wp-json\/wp\/v2\/media\/261467"}],"wp:attachment":[{"href":"https:\/\/www.europesays.com\/de\/wp-json\/wp\/v2\/media?parent=261466"}],"wp:term":[{"taxonomy":"category","embeddable":true,"href":"https:\/\/www.europesays.com\/de\/wp-json\/wp\/v2\/categories?post=261466"},{"taxonomy":"post_tag","embeddable":true,"href":"https:\/\/www.europesays.com\/de\/wp-json\/wp\/v2\/tags?post=261466"}],"curies":[{"name":"wp","href":"https:\/\/api.w.org\/{rel}","templated":true}]}}