{"id":261468,"date":"2025-07-12T03:07:15","date_gmt":"2025-07-12T03:07:15","guid":{"rendered":"https:\/\/www.europesays.com\/de\/261468\/"},"modified":"2025-07-12T03:07:15","modified_gmt":"2025-07-12T03:07:15","slug":"brigitte-macron-den-besten-look-des-staatsbesuchs-zeigt-sie-zum-schluss","status":"publish","type":"post","link":"https:\/\/www.europesays.com\/de\/261468\/","title":{"rendered":"Brigitte Macron: Den besten Look des Staatsbesuchs zeigt sie zum Schluss"},"content":{"rendered":"<p>Brigitte Macron<br \/>\nSie zelebriert den Abschluss ihrer Reise mit funkelndem Wow-Look<\/p>\n<p><img class=\"image image-element__image\"   src=\"https:\/\/www.europesays.com\/de\/wp-content\/uploads\/2025\/07\/brigitte-macron-teaser.jpg\" alt=\"Brigitte Macron\" decoding=\"async\" fetchpriority=\"high\" loading=\"eager\"\/><br \/>\n<a href=\"https:\/\/image.gala.de\/24416016\/t\/Er\/v5\/w2048\/r1.5\/-\/brigitte-macron-teaser.jpg#LUDOVIC%20MARIN%20%2F%20Getty%20Images\" class=\"image__magnifier\" aria-label=\"Vergr\u00f6\u00dfern\" rel=\"nofollow noopener\" target=\"_blank\"><\/p>\n<p>\u00a9 LUDOVIC MARIN \/ Getty Images<\/p>\n<p>\nWie hei\u00dft es so sch\u00f6n: Das Beste kommt zum Schluss. Und so ist es auch mit Brigitte Macrons Garderobe w\u00e4hrend ihres Staatsbesuchs in Gro\u00dfbritannien. Beim Staatsbankett in Guildhall zeigt sie ihren wohl glamour\u00f6sesten Look ihrer Reise. <\/p>\n<p class=\"text-element u-richtext u-typo u-typo--article-text article__text-element text-element--context-article\"> Am Dienstag, 8. Juli, sind Emmanuel, 47, und <a class=\"link--person\" data-target-type=\"article\" href=\"https:\/\/www.gala.de\/stars\/starportraets\/brigitte-macron-21448880.html\" rel=\"nofollow noopener\" target=\"_blank\">Brigitte Macron<\/a>, 72, auf dem RAF-Flugplatz Northolt in London gelandet. Es ist der Auftakt ihres dreit\u00e4gigen Staatsbesuchs in Gro\u00dfbritannien, bei dem die Premi\u00e8re dame von Frankreich keine modischen Experimente eingeht. Im wei\u00dfen Mantelkleid von Louis Vuitton mit G\u00fcrtel-Details an der Taille setzt sie auf altbew\u00e4hrte Stil-Elemente, mit denen sie stets elegant und angemessen gekleidet ist. Im Laufe der Tage gewinnt Brigitte Macron jedoch an Mut und wagt sich bei ihrem letzten Bankett-Look auf modisches Neuland.\u00a0<\/p>\n<p>Brigitte Macron zeigt ihre Glitzer- und Glamour-Seite beim Staatsbankett<\/p>\n<p class=\"text-element u-richtext u-typo u-typo--article-text article__text-element text-element--context-article\"> Normalerweise ist die Frau des franz\u00f6sischen Pr\u00e4sidenten f\u00fcr ihren reduzierten, wenig farbenfrohen Stil bekannt. Sie zeigt sich in Wei\u00df, Schwarz, Dunkelblau oder in gedeckten unifarbenen Looks. Auch bei Mustern h\u00e4lt sie sich normalerweise zur\u00fcck. Midi-M\u00e4ntel mit tailliertem Schnitt, Blazer oder Etuikleider sind daf\u00fcr ihr Geheimrezept, f\u00fcr stilvolle Auftritte. Ist man jedoch zum Staatsbankett geladen, muss sich auch Brigitte aus ihrer Komfortzone herausbewegen. F\u00fcr das erste Dinner mit den Royals w\u00e4hlt sie dennoch ein recht zur\u00fcckhaltendes Kleid von Louis Vuitton, das mit seinem Cape-Schnitt an Kleider von Herzogin Meghan, 43, erinnert.<\/p>\n<p><img class=\"image image-element__image\"   src=\"https:\/\/www.europesays.com\/de\/wp-content\/uploads\/2025\/07\/brigitte-macron-blaues-abendkleid.jpg\" alt=\"K\u00f6nigin Camilla, K\u00f6nig Charles, Emmanuel Macron und Brigitte Macron beim Staatsbankett im Schloss Windsor.\u00a0\" decoding=\"async\" fetchpriority=\"auto\" loading=\"lazy\"\/><br \/>\n<a href=\"https:\/\/image.gala.de\/24416152\/t\/K8\/v4\/w2048\/r0\/-\/brigitte-macron-blaues-abendkleid.jpg#CHRIS%20JACKSON%20%2F%20Getty%20Images\" class=\"image__magnifier\" aria-label=\"Vergr\u00f6\u00dfern\" rel=\"nofollow noopener\" target=\"_blank\"><\/p>\n<p>\u00a9 CHRIS JACKSON \/ Getty Images<\/p>\n<p><a href=\"https:\/\/www.gala.de\/beauty-fashion\/fashion\/brigitte-macron--hat-sie-sich-bei-ihrem-neuen-look-von-kate-inspirieren-lassen--21411552.html\" class=\"teaser__link teaser-multi-picture__link teaser__link--overlay\" rel=\"nofollow noopener\" target=\"_blank\">  <\/p>\n<p>Brigitte Macron<br \/>\nHat sie sich bei ihrem neuen Look von Kate inspirieren lassen? <\/p>\n<p>71<br \/>\nBilder  <\/p>\n<p><\/a><\/p>\n<p class=\"text-element u-richtext u-typo u-typo--article-text article__text-element text-element--context-article\"> Richtig \u00fcberraschend ist jedoch ihre Robe beim letzten Staatsbankett ihrer Reise mit dem Lord Mayor of the City London, Alastair King, 56. An der Seite von <a class=\"link--person\" data-target-type=\"article\" href=\"https:\/\/www.gala.de\/stars\/starportraets\/emmanuel-macron-21390096.html\" rel=\"nofollow noopener\" target=\"_blank\">Emmanuel Macron<\/a> erscheint die 72-J\u00e4hrige in einem schwarzen, enganliegenden Maxikleid, das sich sinnlich an ihre schmale Silhouette schmiegt.\u00a0<\/p>\n<p><img class=\"image image-element__image\"   src=\"https:\/\/www.europesays.com\/de\/wp-content\/uploads\/2025\/07\/brigitte-macron-epauletten-kleid.jpg\" alt=\"Brigitte Macron erscheint an der Seite ihres Mannes in einem schwarzen, enganliegenden Kleid mit Beinschlitz und silber-glitzernden Epauletten zum Staatsbankett.\u00a0\" decoding=\"async\" fetchpriority=\"auto\" loading=\"lazy\"\/><br \/>\n<a href=\"https:\/\/image.gala.de\/24416018\/t\/uc\/v4\/w2048\/r1\/-\/brigitte-macron-epauletten-kleid.jpg#JUSTIN%20TALLIS%20%2F%20Getty%20Images\" class=\"image__magnifier\" aria-label=\"Vergr\u00f6\u00dfern\" rel=\"nofollow noopener\" target=\"_blank\"><\/p>\n<p> <a href=\"https:\/\/www.gala.de\/stars\/starportraets\/brigitte-macron-21448880.html\" data-article-type=\"star-portrait\" rel=\"nofollow noopener\" target=\"_blank\">Brigitte Macron<\/a> erscheint an der Seite ihres Mannes in einem schwarzen, enganliegenden Kleid mit Beinschlitz und silber-glitzernden Epauletten zum Staatsbankett. <\/p>\n<p>\u00a9 JUSTIN TALLIS \/ Getty Images<\/p>\n<p class=\"text-element u-richtext u-typo u-typo--article-text article__text-element text-element--context-article\"> Im ersten Moment mag das Kleid vielleicht schlicht wirken, es hat aber zwei entscheidende Wow-Faktoren. Beim Laufen zeichnet sich zum einen ein gro\u00dfer Beinschlitz ab, der den Blick auf Brigittes Beine offenlegt, und an den Schultern der Franz\u00f6sin lassen die 80er-Jahre gr\u00fc\u00dfen. Aufgesetzte Schulter-Pads in Form von Epauletten glitzern hier dank zahlreicher Pailletten und Perlen mit den Diamant-Ohrringen der Premi\u00e8re dame um die Wette. Ein Mode-Statement, das man von ihr so nicht erwartet h\u00e4tte.\u00a0<\/p>\n<p>\nibo<br \/>\nGala\n<\/p>\n<p>#Themen<\/p>\n","protected":false},"excerpt":{"rendered":"Brigitte Macron Sie zelebriert den Abschluss ihrer Reise mit funkelndem Wow-Look \u00a9 LUDOVIC MARIN \/ Getty Images Wie&hellip;\n","protected":false},"author":2,"featured_media":261469,"comment_status":"","ping_status":"","sticky":false,"template":"","format":"standard","meta":{"footnotes":""},"categories":[1776],"tags":[1801,29,214,30,1802,215],"class_list":{"0":"post-261468","1":"post","2":"type-post","3":"status-publish","4":"format-standard","5":"has-post-thumbnail","7":"category-prominente","8":"tag-celebrities","9":"tag-deutschland","10":"tag-entertainment","11":"tag-germany","12":"tag-prominente","13":"tag-unterhaltung"},"share_on_mastodon":{"url":"https:\/\/pubeurope.com\/@de\/114838060684445288","error":""},"_links":{"self":[{"href":"https:\/\/www.europesays.com\/de\/wp-json\/wp\/v2\/posts\/261468","targetHints":{"allow":["GET"]}}],"collection":[{"href":"https:\/\/www.europesays.com\/de\/wp-json\/wp\/v2\/posts"}],"about":[{"href":"https:\/\/www.europesays.com\/de\/wp-json\/wp\/v2\/types\/post"}],"author":[{"embeddable":true,"href":"https:\/\/www.europesays.com\/de\/wp-json\/wp\/v2\/users\/2"}],"replies":[{"embeddable":true,"href":"https:\/\/www.europesays.com\/de\/wp-json\/wp\/v2\/comments?post=261468"}],"version-history":[{"count":0,"href":"https:\/\/www.europesays.com\/de\/wp-json\/wp\/v2\/posts\/261468\/revisions"}],"wp:featuredmedia":[{"embeddable":true,"href":"https:\/\/www.europesays.com\/de\/wp-json\/wp\/v2\/media\/261469"}],"wp:attachment":[{"href":"https:\/\/www.europesays.com\/de\/wp-json\/wp\/v2\/media?parent=261468"}],"wp:term":[{"taxonomy":"category","embeddable":true,"href":"https:\/\/www.europesays.com\/de\/wp-json\/wp\/v2\/categories?post=261468"},{"taxonomy":"post_tag","embeddable":true,"href":"https:\/\/www.europesays.com\/de\/wp-json\/wp\/v2\/tags?post=261468"}],"curies":[{"name":"wp","href":"https:\/\/api.w.org\/{rel}","templated":true}]}}