{"id":261474,"date":"2025-07-12T03:11:16","date_gmt":"2025-07-12T03:11:16","guid":{"rendered":"https:\/\/www.europesays.com\/de\/261474\/"},"modified":"2025-07-12T03:11:16","modified_gmt":"2025-07-12T03:11:16","slug":"kneecap-sind-die-rage-against-the-machine-von-heute","status":"publish","type":"post","link":"https:\/\/www.europesays.com\/de\/261474\/","title":{"rendered":"Kneecap sind die Rage Against The Machine von heute"},"content":{"rendered":"<p>Obwohl <a href=\"https:\/\/www.visions.de\/artist\/rage-against-the-machine\/\" rel=\"nofollow noopener\" target=\"_blank\">Rage Against The Machine<\/a> nicht mehr aktiv sind, verk\u00f6rpert <a href=\"https:\/\/www.visions.de\/artist\/tom-morello\/\" rel=\"nofollow noopener\" target=\"_blank\">Tom Morello<\/a> selbst weiterhin den Geist der Band und <a href=\"https:\/\/www.visions.de\/news\/musikwelt-reagiert-auf-proteste-in-los-angeles-tom-morello-verteidigt-l-a\/\" rel=\"nofollow noopener\" target=\"_blank\">engagiert sich regelm\u00e4\u00dfig lautstark f\u00fcr verschiedene gesellschaftliche Anliegen<\/a>.<\/p>\n<p>In einem Interview in der kanadischen Radioshow \u201cThe Strombo Show\u201d wurde der ehemalige Rage-Against-The-Machine-Gitarrist nun gefragt, ob es heute junge K\u00fcnstler:innen gibt, zu denen er eine \u00e4hnliche Verbindung sp\u00fcrt wie zu seiner legend\u00e4ren Band.<\/p>\n<\/p>\n<p>Dabei nannte er eine Band, die ihn aktuell besonders beeindruckt: \u201cIch habe vor kurzem ein HipHop-Duo aus San Diego eingeladen, das sich The Neighborhood Kids nennt. Die haben definitiv etwas von Rage in sich. Aber sie rappen \u00fcber eigene Erfahrungen und meinen es wirklich so, dass man denkt: \u2018Gott sei Dank hat jemand den Mut, das auszusprechen\u2019.\u201d<\/p>\n<p>Tom Morello \u00fcber Kneecap<\/p>\n<p>Moderator George Stroumboulopoulos brachte daraufhin die nordirische HipHop-Gruppe <a href=\"https:\/\/www.visions.de\/artist\/kneecap\/\" rel=\"nofollow noopener\" target=\"_blank\">Kneecap<\/a> ins Spiel, woraufhin Morello begeistert reagierte: \u201c[Sie sind] ganz oben auf der Liste. Ich meine, sie sind eindeutig die Rage Against The Machine von heute. Nach ihnen kommt erstmal eine gro\u00dfe L\u00fccke.\u201d<\/p>\n<p>Als\u00a0Stroumboulopoulos anmerkte, dass <a href=\"https:\/\/www.visions.de\/news\/mo-chara-von-kneecap-angeklagt-wegen-terrorismus\/\" rel=\"nofollow noopener\" target=\"_blank\">Kneecap in Gro\u00dfbritannien wegen Terrorismus angeklagt<\/a> sei, antwortete Morello:\u00a0\u201cWas sie mit ihrer Kunst machen, ist genau das, was viele im echten Leben \u00f6fter tun sollten: die Wahrheit sagen. Und Kneecap sind keine Terroristen. Was wirklich terroristisch ist, sind 20.000 tote pal\u00e4stinensische Kinder. Das ist die eigentliche Geschichte. Nicht ein paar irische Rapper, denen es nicht gef\u00e4llt, das so etwas passiert. [Das] sollte nicht die Story sein.\u201d<\/p>\n<p>Hintergrund dieser Kontroverse ist ein Vorfall bei einem Auftritt im November 2024, bei dem ein Mitglied von Kneecap offenbar eine Hisbollah-Flagge geschwenkt haben soll. Ihre Bezeichnung des andauernden Kriegs in Gaza als V\u00f6lkermord w\u00e4hrend des Coachella-Festivals im April 2025 brachte sie verst\u00e4rkt in den \u00f6ffentlichen Fokus und f\u00fchrte zum Abbruch der Zusammenarbeit mit ihrer US-Agentur und zu Konzertabsagen. <a href=\"https:\/\/www.visions.de\/news\/musikgroessen-setzten-sich-fuer-kneecap-ein-tom-morello-pulp-idles-fontaines-dc\/\" rel=\"nofollow noopener\" target=\"_blank\">In der Folge unterzeichneten zahlreiche Musikgr\u00f6\u00dfen wie Pulp, Idles, Fontaines D.C. und Tom Morello selbst einen offenen Brief<\/a>, in dem sie ihre Solidarit\u00e4t mit Kneecap bekundeten und sich f\u00fcr Meinungsfreiheit aussprachen.<\/p>\n<p>Relevanz von Rage Against The Machine heute<\/p>\n<p>Nach dem Austausch \u00fcber aktuelle K\u00fcnstler:innen wandte sich Morello dem Verm\u00e4chtnis von Rage Against The Machine zu. In Anlehnung an seine Rede bei der <a href=\"https:\/\/www.visions.de\/news\/rage-against-the-machine-rock-and-roll-hall-of-fame\/\" rel=\"nofollow noopener\" target=\"_blank\">Aufnahme in die Rock &amp; Roll Hall of Fame<\/a> sagte er: \u201cIch denke, die Musik von Rage Against The Machine erf\u00fcllt ihren Zweck auch heute noch. Ich h\u00f6re sie auf den Stra\u00dfen, ich sehe sie auf den Schildern und so weiter. Aber wenn man herumsitzt und auf Rage Against The Machine wartet, sollte man seine eigene Band gr\u00fcnden. Man muss selbst gegen die Maschine k\u00e4mpfen.\u201d Die Band selbst hat aktuell <a href=\"https:\/\/www.visions.de\/news\/coveranalyse-rage-against-the-machine-commerford-aufloesung-unklar\/\" rel=\"nofollow noopener\" target=\"_blank\">alle Aktivit\u00e4ten eingestellt<\/a>.<\/p>\n<p>Sex Pistols oder The Clash<\/p>\n<p>Zum Schluss fragte der Moderator, welche Bands ihm einst die T\u00fcr zur Verbindung von Musik und Politik ge\u00f6ffnet h\u00e4tten. Seine Antwort:\u00a0\u201cIch meine, die<a href=\"https:\/\/www.visions.de\/artist\/sex-pistols\/\" rel=\"nofollow noopener\" target=\"_blank\"> Pistols<\/a> brachten mich dazu, eine Gitarre in die Hand zu nehmen, aber <a href=\"https:\/\/www.visions.de\/artist\/the-clash\/\" rel=\"nofollow noopener\" target=\"_blank\">The Clash<\/a> waren es, die mich erkennen lie\u00dfen, dass es einen Weg gab \u2013 einen mir bis dahin unbekannten Weg \u2013 auf dem sich das, woran ich glaube, und die Musik, die ich liebe, \u00fcberschneiden konnten.\u201d<\/p>\n<p>Neue Musik Tom Morello<\/p>\n<p>Morello hat heute au\u00dferdem gestern einen neuen Solosong ver\u00f6ffentlicht: \u201cPretend You Remember Me\u201d, das mit einem politisch anmutendem Video daherkommt.<\/p><\/p>\n","protected":false},"excerpt":{"rendered":"Obwohl Rage Against The Machine nicht mehr aktiv sind, verk\u00f6rpert Tom Morello selbst weiterhin den Geist der Band&hellip;\n","protected":false},"author":2,"featured_media":261475,"comment_status":"","ping_status":"","sticky":false,"template":"","format":"standard","meta":{"footnotes":""},"categories":[1772],"tags":[29,214,30,1779,810,215],"class_list":{"0":"post-261474","1":"post","2":"type-post","3":"status-publish","4":"format-standard","5":"has-post-thumbnail","7":"category-musik","8":"tag-deutschland","9":"tag-entertainment","10":"tag-germany","11":"tag-music","12":"tag-musik","13":"tag-unterhaltung"},"share_on_mastodon":{"url":"https:\/\/pubeurope.com\/@de\/114838076333364157","error":""},"_links":{"self":[{"href":"https:\/\/www.europesays.com\/de\/wp-json\/wp\/v2\/posts\/261474","targetHints":{"allow":["GET"]}}],"collection":[{"href":"https:\/\/www.europesays.com\/de\/wp-json\/wp\/v2\/posts"}],"about":[{"href":"https:\/\/www.europesays.com\/de\/wp-json\/wp\/v2\/types\/post"}],"author":[{"embeddable":true,"href":"https:\/\/www.europesays.com\/de\/wp-json\/wp\/v2\/users\/2"}],"replies":[{"embeddable":true,"href":"https:\/\/www.europesays.com\/de\/wp-json\/wp\/v2\/comments?post=261474"}],"version-history":[{"count":0,"href":"https:\/\/www.europesays.com\/de\/wp-json\/wp\/v2\/posts\/261474\/revisions"}],"wp:featuredmedia":[{"embeddable":true,"href":"https:\/\/www.europesays.com\/de\/wp-json\/wp\/v2\/media\/261475"}],"wp:attachment":[{"href":"https:\/\/www.europesays.com\/de\/wp-json\/wp\/v2\/media?parent=261474"}],"wp:term":[{"taxonomy":"category","embeddable":true,"href":"https:\/\/www.europesays.com\/de\/wp-json\/wp\/v2\/categories?post=261474"},{"taxonomy":"post_tag","embeddable":true,"href":"https:\/\/www.europesays.com\/de\/wp-json\/wp\/v2\/tags?post=261474"}],"curies":[{"name":"wp","href":"https:\/\/api.w.org\/{rel}","templated":true}]}}