{"id":261488,"date":"2025-07-12T03:19:20","date_gmt":"2025-07-12T03:19:20","guid":{"rendered":"https:\/\/www.europesays.com\/de\/261488\/"},"modified":"2025-07-12T03:19:20","modified_gmt":"2025-07-12T03:19:20","slug":"dobrindt-will-kruzifix-urteil-fuer-schulen-in-bayern-nicht-akzeptieren","status":"publish","type":"post","link":"https:\/\/www.europesays.com\/de\/261488\/","title":{"rendered":"Dobrindt will Kruzifix-Urteil f\u00fcr Schulen in Bayern nicht akzeptieren"},"content":{"rendered":"<p class=\"tspAMht\">Scharfe Kritik vom Bundesinnenminister: Alexander Dobrindt will das <a href=\"https:\/\/www.tagesspiegel.de\/politik\/gericht-gibt-jungen-frauen-recht-kreuz-in-bayerischer-schule-verletzt-glaubensfreiheit--ministerium-pruft-folgen-13996028.html?icid=in-text-link_14006558\" class=\"link link--internal\" data-gtm-class=\"article-text-link\" data-gtm-val=\"internal\" target=\"_blank\" rel=\"noopener\">Kruzifix-Urteil des Bayerischen Verwaltungsgerichtshofs<\/a> so nicht hinnehmen. \u201eAllen denjenigen, die sagen, man soll die Kreuze abh\u00e4ngen, denen sagen wir: Wir wollen diese Kreuze aufh\u00e4ngen\u201c, sagte der CSU-Politiker am Freitag einem Vorabbericht zufolge beim Sender Welt TV.<\/p>\n<p>Der Morgenlage Newsletter<\/p>\n<p><img decoding=\"async\" src=\"https:\/\/www.europesays.com\/de\/wp-content\/uploads\/2025\/04\/1745846948_156_morgenlage-abendlage-icon-klein.png\" alt=\"\" class=\"tspAShw\"\/><\/p>\n<p class=\"tspASiu\"> Die wichtigsten Nachrichten des Tages \u2014 morgens direkt in Ihr E-Mail-Postfach. <\/p>\n<p class=\"tspAMht\">Die Richter in M\u00fcnchen hatten am Mittwoch entschieden, ein staatliches Gymnasium im Freistaat h\u00e4tte das Kruzifix auf Forderung zweier Sch\u00fclerinnen abnehmen m\u00fcssen. Gegen das Urteil wurde keine Revision zugelassen. Dagegen kann binnen eines Monats Beschwerde eingelegt werden.<\/p>\n<blockquote class=\"tspA4ju\">\n<p>Dann h\u00e4ngt das halt \u00fcber einen anderen Eingang.<\/p>\n<\/blockquote>\n<p class=\"tspA4jv\"><strong>Alexander Dobrindt<\/strong>, Bundesinnenminister (CSU) zum Kruzifix-Urteil in Bayern<\/p>\n<p class=\"tspAMht\"><a href=\"https:\/\/www.tagesspiegel.de\/politik\/knallhart-kurs-mit-unbekanntem-ausgang-so-riskant-ist-alexander-dobrindts-migrationspolitik-13745410.html?icid=in-text-link_14006558\" class=\"link link--internal\" data-gtm-class=\"article-text-link\" data-gtm-val=\"internal\" target=\"_blank\" rel=\"noopener\">Der Minister aus Bayern<\/a> erkl\u00e4rte zwar, dass er das Urteil (Az. 7 BV 21.336) noch nicht gelesen habe, riet aber zu einem pragmatischen Umgang damit, dass das Gericht das Kreuz \u00fcber dem Eingang der betreffenden Schule verboten hatte: \u201eDann h\u00e4ngt das halt \u00fcber einen anderen Eingang.\u201c<\/p>\n<p class=\"tspAMht\">Es gehe \u201eschlichtweg um das Grundverst\u00e4ndnis unseres Zusammenlebens\u201c, mahnte Dobrindt. Und weiter: Das Kreuz dr\u00fccke \u201emehr aus als den christlichen Glauben\u201c, n\u00e4mlich \u201eeine Wertehaltung dieser Gesellschaft\u201c. <\/p>\n<p class=\"tspAMht\">Er finde es richtig, dass viel von Toleranz gesprochen werde, gebe jedoch zu bedenken: \u201eDie Grundlage der Toleranz ist der christliche Glaube. Das k\u00f6nnte man ja auch mal mit einem Kreuz zur Darstellung bringen.\u201c<\/p>\n<p> Geklagt hatten ehemalige Sch\u00fclerinnen <\/p>\n<p class=\"tspAMht\">Der Verwaltungsgerichtshof sah im vorliegenden Fall die Konfrontation mit dem Kruzifix als \u201eEingriff in die verfassungsrechtlich verb\u00fcrgte negative Glaubensfreiheit\u201c. Diese meint die Freiheit, keinen bestimmten Glauben zu haben.<\/p>\n<p class=\"tspAMht\">\u201eDie Kl\u00e4gerinnen waren wegen der Schulpflicht zwangsweise und immer wiederkehrend sowie im Hinblick auf dessen Positionierung ohne (zumutbare) Ausweichm\u00f6glichkeit mit dem Kruzifix konfrontiert\u201c, hie\u00df es.<\/p>\n<p class=\"tspAMht\">Das Kruzifix in der Gr\u00f6\u00dfe von 1,50 Metern sei an einer sehr exponierten Stelle angebracht gewesen und habe den Leichnam Jesu Christi figurenhaft dargestellt. Eine bildliche Darstellung von Jesus Christus am Kreuz bezeichnet man als Kruzifix.<\/p>\n<p class=\"tspAMht\">Geklagt hatten ehemalige Sch\u00fclerinnen, die w\u00e4hrend ihrer Schulzeit beantragt hatten, das Objekt entfernen zu lassen. Die Schule war dem nicht nachgekommen, woraufhin die Kl\u00e4gerinnen sich zun\u00e4chst erfolglos an das Verwaltungsgericht M\u00fcnchen gewandt hatten.<\/p>\n<p class=\"tspAMht\">Die bayerischen Regierungsparteien CSU und Freie W\u00e4hler kritisierten das Urteil. Bayern sei christlich-abendl\u00e4ndisch gepr\u00e4gt, und das Kreuz stehe f\u00fcr Werte wie N\u00e4chstenliebe und Barmherzigkeit.<\/p>\n<p> Lesermeinungen zum Artikel <\/p>\n<p class=\"tspAMht\">\u201eDas muss man sich mal vorstellen: Der\u00a0<strong>Verfassungsminister\u00a0<\/strong>(!) dieses Landes ruft \u00f6ffentlich dazu auf,\u00a0<strong>Gerichtsurteile<\/strong>, die einem nicht passen,\u00a0<strong>einfach nicht umzusetzen<\/strong>.\u201c <strong>Diskutieren Sie \u00fcber folgenden Link mit Community-User <a href=\"https:\/\/www.tagesspiegel.de\/politik\/wir-wollen-diese-kreuze-aufhangen-dobrindt-will-kruzifix-urteil-fur-schulen-in-bayern-nicht-akzeptieren-14006558.html?commentId=2eb0ef2e-37cc-4de6-b944-0cbdd76ce0c3\" target=\"_blank\" rel=\"noopener\" class=\"link link--external\" data-gtm-class=\"article-text-link\" data-gtm-val=\"external\" aria-describedby=\"message-target-blank\">Schneti<\/a><\/strong><\/p>\n<p> Bayern pr\u00fcft Folgen f\u00fcr andere Schulen <\/p>\n<p class=\"tspAMht\">Im bayerischen Gesetz \u00fcber das Erziehungs- und Unterrichtswesen ist festgelegt, dass in Grund-, Mittel- und F\u00f6rderschulen in jedem Klassenzimmer ein Kreuz anzubringen ist. F\u00fcr Gymnasien gibt es eine solche Regelung nicht.<\/p>\n<p class=\"tspAMht\">Das Kultusministerium in M\u00fcnchen pr\u00fcft m\u00f6gliche Folgen f\u00fcr die Schullandschaft. Man setze sich intensiv mit der Urteilsbegr\u00fcndung auseinander, sagte Kultusministerin Anna Stolz (Freie W\u00e4hler) am Donnerstag auf Anfrage des Evangelischen Pressedienstes (epd).<\/p>\n<p class=\"tspAMht\">Es bleibe aber klar: \u201eDas Kreuz ist nicht nur ein religi\u00f6ses Symbol, sondern steht auch f\u00fcr die Achtung von Menschenw\u00fcrde, Toleranz und N\u00e4chstenliebe \u2013 Werte, die unser Zusammenleben und unseren Bildungsauftrag ma\u00dfgeblich pr\u00e4gen.\u201c<\/p>\n<p> Beliebt bei T+ <a href=\"https:\/\/www.tagesspiegel.de\/potsdam\/landeshauptstadt\/im-konservativen-gegenwind-potsdamer-professorin-kandidatin-fur-verfassungsgericht-13992356.html?icid=topic-list_14006558___\" data-gtm-class=\"article-mzt-link\" class=\"tspBJk9\" target=\"_blank\" rel=\"noopener\">Im Kreuzfeuer der Konservativen So tickt die Potsdamer Kandidatin f\u00fcrs Verfassungsgericht <\/a><a href=\"https:\/\/www.tagesspiegel.de\/kultur\/wenn-die-bucherregale-zu-voll-werden-man-kann-martin-walser-doch-nicht-einfach-weggeben-oder-13969211.html?icid=topic-list_14006558___\" data-gtm-class=\"article-mzt-link\" class=\"tspBJk9\" target=\"_blank\" rel=\"noopener\">Wenn die B\u00fccherregale zu voll werden Man kann Martin Walser doch nicht einfach weggeben, oder? <\/a><a href=\"https:\/\/www.tagesspiegel.de\/internationales\/amerika-partei-als-dritte-kraft-wie-musk-trump-wirklich-schaden-kann-13995812.html?icid=topic-list_14006558___\" data-gtm-class=\"article-mzt-link\" class=\"tspBJk9\" target=\"_blank\" rel=\"noopener\">Elon Musks \u201eAmerika-Partei\u201c als dritte Kraft? Wie der Tech-Milliard\u00e4r Donald Trump wirklich schaden kann <\/a><\/p>\n<p class=\"tspAMht\">Der bayerische evangelische Landesbischof Christian Kopp betonte demnach den Wert der Religionsfreiheit. Gerade in einem Staat, der die Religionsfreiheit sch\u00fctzt, sei es wichtig, dass R\u00e4ume wie staatliche Schulen weltanschaulich neutral seien, sagte er \u201eGlaube darf nie Zwang sein. Er lebt aus der Freiheit. Diese Freiheit zu wahren, ist ein hohes Gut, das wir als Kirche mitverantworten.\u201c<\/p>\n","protected":false},"excerpt":{"rendered":"Scharfe Kritik vom Bundesinnenminister: Alexander Dobrindt will das Kruzifix-Urteil des Bayerischen Verwaltungsgerichtshofs so nicht hinnehmen. \u201eAllen denjenigen, die&hellip;\n","protected":false},"author":2,"featured_media":261489,"comment_status":"","ping_status":"","sticky":false,"template":"","format":"standard","meta":{"footnotes":""},"categories":[2],"tags":[20,772,774,29,16950,30,13,24739,14,15,12,966,10,8,9,11],"class_list":{"0":"post-261488","1":"post","2":"type-post","3":"status-publish","4":"format-standard","5":"has-post-thumbnail","7":"category-deutschland","8":"tag-alexander-dobrindt","9":"tag-bayern","10":"tag-csu","11":"tag-deutschland","12":"tag-freie-waehler","13":"tag-germany","14":"tag-headlines","15":"tag-kirche-religion","16":"tag-nachrichten","17":"tag-news","18":"tag-schlagzeilen","19":"tag-schule","20":"tag-top-news","21":"tag-top-meldungen","22":"tag-topmeldungen","23":"tag-topnews"},"share_on_mastodon":{"url":"https:\/\/pubeurope.com\/@de\/114838108443486493","error":""},"_links":{"self":[{"href":"https:\/\/www.europesays.com\/de\/wp-json\/wp\/v2\/posts\/261488","targetHints":{"allow":["GET"]}}],"collection":[{"href":"https:\/\/www.europesays.com\/de\/wp-json\/wp\/v2\/posts"}],"about":[{"href":"https:\/\/www.europesays.com\/de\/wp-json\/wp\/v2\/types\/post"}],"author":[{"embeddable":true,"href":"https:\/\/www.europesays.com\/de\/wp-json\/wp\/v2\/users\/2"}],"replies":[{"embeddable":true,"href":"https:\/\/www.europesays.com\/de\/wp-json\/wp\/v2\/comments?post=261488"}],"version-history":[{"count":0,"href":"https:\/\/www.europesays.com\/de\/wp-json\/wp\/v2\/posts\/261488\/revisions"}],"wp:featuredmedia":[{"embeddable":true,"href":"https:\/\/www.europesays.com\/de\/wp-json\/wp\/v2\/media\/261489"}],"wp:attachment":[{"href":"https:\/\/www.europesays.com\/de\/wp-json\/wp\/v2\/media?parent=261488"}],"wp:term":[{"taxonomy":"category","embeddable":true,"href":"https:\/\/www.europesays.com\/de\/wp-json\/wp\/v2\/categories?post=261488"},{"taxonomy":"post_tag","embeddable":true,"href":"https:\/\/www.europesays.com\/de\/wp-json\/wp\/v2\/tags?post=261488"}],"curies":[{"name":"wp","href":"https:\/\/api.w.org\/{rel}","templated":true}]}}