{"id":261511,"date":"2025-07-12T03:31:36","date_gmt":"2025-07-12T03:31:36","guid":{"rendered":"https:\/\/www.europesays.com\/de\/261511\/"},"modified":"2025-07-12T03:31:36","modified_gmt":"2025-07-12T03:31:36","slug":"sanierte-kapelle-am-bergfriedhof-wurde-mit-einer-feierstunde-wiedereroeffnet","status":"publish","type":"post","link":"https:\/\/www.europesays.com\/de\/261511\/","title":{"rendered":"Sanierte Kapelle am Bergfriedhof wurde mit einer Feierstunde wiederer\u00f6ffnet"},"content":{"rendered":"<p>In einer Feierstunde zur Wiedereinweihung blickte Ortsvorsteherin Alexandra Ries auf die Umsetzung des Projekts zur\u00fcck, bei dem unter anderem Regierungspr\u00e4sidium, Denkmalamt und Stadt Karlsruhe mit verschiedenen Fach\u00e4mtern gemeinsam die Planungen umgesetzt haben. \u201eNach einer l\u00e4ngeren Zeit der Sanierung steht der Ort der Stille nun wieder zur Verf\u00fcgung.\u201c Es sei auch f\u00fcr die Kirchen ein besonderer Ort, an dem Trost und Kraft gespendet wird. B\u00fcrgermeisterin Bettina Lisbach erinnerte an die bewegte Geschichte des Baus, der im Stile des Historismus 1902 erbaut wurde \u2013 in einer Zeit, als der Alte Friedhof an seine Grenzen stie\u00df. Die Kapelle sei ein pr\u00e4gender Bau, ein Zeugnis der Baukunst.<\/p>\n<p>Doch der Zahn der Zeit nagte am Geb\u00e4ude, so Thomas Dueck, der als Architekt mit der Planung und Gestaltung st\u00e4dtischer Geb\u00e4ude befasst ist. Der Abteilungsleiter des Bereichs Hochbau und Geb\u00e4udewirtschaft beim Stadtamt Durlach blickte auf die Baugeschichte und die n\u00f6tigen erfolgten Ma\u00dfnahmen. In den 80er Jahren des vergangenen Jahrhunderts wurde zwar schon einmal die Kapelle saniert, doch mussten nun etliche Ma\u00dfnahmen dies korrigieren. Ob Risse, Schwamm oder die letztlich einsturzgef\u00e4hrdete Kapelle: \u201eEs war planerisch, baulich und auch finanziell ein Kraftakt\u201c, schlie\u00dflich sei mehr als eine Dachsanierung n\u00f6tig gewesen (siehe \u201eArtikel zum Thema\u201c). Gelder daf\u00fcr kamen durch Zuwendungen des Landesamtes f\u00fcr Denkmalpflege im Regierungspr\u00e4sidium Stuttgart, der Denkmalstiftung Baden-W\u00fcrttemberg sowie durch Zuwendungen aus Nachl\u00e4ssen von vier B\u00fcrgerinnen und B\u00fcrgern. Auch wenn die Sanierungsma\u00dfnahmen l\u00e4nger als geplant gedauert haben, die Kapelle sei nun wieder in ihrer einstigen Sch\u00f6nheit und Funktion.<\/p>\n<p>Die Veranstaltung, der auch zahlreiche Ortschaftsr\u00e4te und Gemeinder\u00e4te beiwohnten, wurde durch eine \u00f6kumenische Andacht sowie musikalische Beitr\u00e4ge von Kantor Johannes Blomenkamp mit Chor und Orgel umrahmt.<\/p>\n","protected":false},"excerpt":{"rendered":"In einer Feierstunde zur Wiedereinweihung blickte Ortsvorsteherin Alexandra Ries auf die Umsetzung des Projekts zur\u00fcck, bei dem unter&hellip;\n","protected":false},"author":2,"featured_media":261512,"comment_status":"","ping_status":"","sticky":false,"template":"","format":"standard","meta":{"footnotes":""},"categories":[1844],"tags":[1634,79323,3364,29,20957,79324,30,34365,8903,4108,27657],"class_list":{"0":"post-261511","1":"post","2":"type-post","3":"status-publish","4":"format-standard","5":"has-post-thumbnail","7":"category-karlsruhe","8":"tag-baden-wuerttemberg","9":"tag-bergfriedhof","10":"tag-de","11":"tag-deutschland","12":"tag-durlach","13":"tag-feierstunde","14":"tag-germany","15":"tag-kapelle","16":"tag-karlsruhe","17":"tag-sanierung","18":"tag-wiedereroeffnung"},"share_on_mastodon":{"url":"https:\/\/pubeurope.com\/@de\/114838154980390998","error":""},"_links":{"self":[{"href":"https:\/\/www.europesays.com\/de\/wp-json\/wp\/v2\/posts\/261511","targetHints":{"allow":["GET"]}}],"collection":[{"href":"https:\/\/www.europesays.com\/de\/wp-json\/wp\/v2\/posts"}],"about":[{"href":"https:\/\/www.europesays.com\/de\/wp-json\/wp\/v2\/types\/post"}],"author":[{"embeddable":true,"href":"https:\/\/www.europesays.com\/de\/wp-json\/wp\/v2\/users\/2"}],"replies":[{"embeddable":true,"href":"https:\/\/www.europesays.com\/de\/wp-json\/wp\/v2\/comments?post=261511"}],"version-history":[{"count":0,"href":"https:\/\/www.europesays.com\/de\/wp-json\/wp\/v2\/posts\/261511\/revisions"}],"wp:featuredmedia":[{"embeddable":true,"href":"https:\/\/www.europesays.com\/de\/wp-json\/wp\/v2\/media\/261512"}],"wp:attachment":[{"href":"https:\/\/www.europesays.com\/de\/wp-json\/wp\/v2\/media?parent=261511"}],"wp:term":[{"taxonomy":"category","embeddable":true,"href":"https:\/\/www.europesays.com\/de\/wp-json\/wp\/v2\/categories?post=261511"},{"taxonomy":"post_tag","embeddable":true,"href":"https:\/\/www.europesays.com\/de\/wp-json\/wp\/v2\/tags?post=261511"}],"curies":[{"name":"wp","href":"https:\/\/api.w.org\/{rel}","templated":true}]}}