{"id":261513,"date":"2025-07-12T03:32:10","date_gmt":"2025-07-12T03:32:10","guid":{"rendered":"https:\/\/www.europesays.com\/de\/261513\/"},"modified":"2025-07-12T03:32:10","modified_gmt":"2025-07-12T03:32:10","slug":"braende-muellberg-in-karlsruher-entsorgungsbetrieb-in-flammen-panorama","status":"publish","type":"post","link":"https:\/\/www.europesays.com\/de\/261513\/","title":{"rendered":"Br\u00e4nde &#8211; M\u00fcllberg in Karlsruher Entsorgungsbetrieb in Flammen &#8211; Panorama"},"content":{"rendered":"<p data-manual=\"teaserText\" data-schema-org-speakable=\"true\">In einem Entsorgungsbetrieb brennt ein gro\u00dfer M\u00fcllberg. Die Feuerwehr in Karlsruhe verhindert ein \u00dcbergreifen auf angrenzende Geb\u00e4ude.<\/p>\n<p data-manual=\"paragraph\" data-schema-org-speakable=\"true\" class=\"css-1ylqqlw\">Karlsruhe (dpa\/lsw) &#8211; Die Feuerwehr hat den Brand eines gro\u00dfen M\u00fcllbergs in einem Entsorgungsbetrieb in Karlsruhe unter Kontrolle gebracht. Die Flammen drohten auf angrenzende Geb\u00e4ude \u00fcberzugreifen, was laut Polizei aber verhindert werden konnte. Verletzt worden sei niemand.\u00a0<\/p>\n<p data-manual=\"paragraph\" data-schema-org-speakable=\"true\" class=\"css-1ylqqlw\">Die Bev\u00f6lkerung wurde laut Feuerwehr wegen des starken Rauchs dazu aufgefordert, Fenster und T\u00fcren geschlossen zu halten. Luftmessungen zu m\u00f6glicher Schadstoffbelastung ergaben keine auff\u00e4lligen Befunde. Die L\u00f6scharbeiten gestalteten sich den Angaben zufolge schwierig und dauerten in der Nacht an. Die Ursache des Brandes war dem Polizeisprecher zufolge zun\u00e4chst unklar.<\/p>\n<p data-manual=\"paragraph\" data-schema-org-speakable=\"true\" class=\"css-1ylqqlw\">\u00a9 dpa-infocom, dpa:250712-930-788671\/1<\/p>\n","protected":false},"excerpt":{"rendered":"In einem Entsorgungsbetrieb brennt ein gro\u00dfer M\u00fcllberg. Die Feuerwehr in Karlsruhe verhindert ein \u00dcbergreifen auf angrenzende Geb\u00e4ude. Karlsruhe&hellip;\n","protected":false},"author":2,"featured_media":261514,"comment_status":"","ping_status":"","sticky":false,"template":"","format":"standard","meta":{"footnotes":""},"categories":[1844],"tags":[1634,986,3364,29,987,30,8903,1974,149,21049,9326],"class_list":{"0":"post-261513","1":"post","2":"type-post","3":"status-publish","4":"format-standard","5":"has-post-thumbnail","7":"category-karlsruhe","8":"tag-baden-wuerttemberg","9":"tag-braende","10":"tag-de","11":"tag-deutschland","12":"tag-feuer","13":"tag-germany","14":"tag-karlsruhe","15":"tag-panorama","16":"tag-sueddeutsche-zeitung","17":"tag-ungefaehrer-ort","18":"tag-updateme"},"share_on_mastodon":{"url":"https:\/\/pubeurope.com\/@de\/114838158881535743","error":""},"_links":{"self":[{"href":"https:\/\/www.europesays.com\/de\/wp-json\/wp\/v2\/posts\/261513","targetHints":{"allow":["GET"]}}],"collection":[{"href":"https:\/\/www.europesays.com\/de\/wp-json\/wp\/v2\/posts"}],"about":[{"href":"https:\/\/www.europesays.com\/de\/wp-json\/wp\/v2\/types\/post"}],"author":[{"embeddable":true,"href":"https:\/\/www.europesays.com\/de\/wp-json\/wp\/v2\/users\/2"}],"replies":[{"embeddable":true,"href":"https:\/\/www.europesays.com\/de\/wp-json\/wp\/v2\/comments?post=261513"}],"version-history":[{"count":0,"href":"https:\/\/www.europesays.com\/de\/wp-json\/wp\/v2\/posts\/261513\/revisions"}],"wp:featuredmedia":[{"embeddable":true,"href":"https:\/\/www.europesays.com\/de\/wp-json\/wp\/v2\/media\/261514"}],"wp:attachment":[{"href":"https:\/\/www.europesays.com\/de\/wp-json\/wp\/v2\/media?parent=261513"}],"wp:term":[{"taxonomy":"category","embeddable":true,"href":"https:\/\/www.europesays.com\/de\/wp-json\/wp\/v2\/categories?post=261513"},{"taxonomy":"post_tag","embeddable":true,"href":"https:\/\/www.europesays.com\/de\/wp-json\/wp\/v2\/tags?post=261513"}],"curies":[{"name":"wp","href":"https:\/\/api.w.org\/{rel}","templated":true}]}}