{"id":261521,"date":"2025-07-12T03:36:15","date_gmt":"2025-07-12T03:36:15","guid":{"rendered":"https:\/\/www.europesays.com\/de\/261521\/"},"modified":"2025-07-12T03:36:15","modified_gmt":"2025-07-12T03:36:15","slug":"rust-gntm-gewinner-ruediger-bleibt-dem-skateboard-treu","status":"publish","type":"post","link":"https:\/\/www.europesays.com\/de\/261521\/","title":{"rendered":"Rust | \u00abGNTM\u00bb-Gewinner R\u00fcdiger bleibt dem Skateboard treu"},"content":{"rendered":"<p class=\"bodytext\">Rust (dpa) &#8211; Moritz R\u00fcdiger, Gewinner der Jubil\u00e4ums-Staffel von \u00abGermany`s Next Topmodel\u00bb und leidenschaftlicher Skater, will sein Board auch w\u00e4hrend der Karriere als pr\u00e4miertes Modell nicht in der Ecke stehen lassen. \u00abEs ist schwierig, dazu zu kommen. Ich bin viel unterwegs\u00bb, sagt der 19-J\u00e4hrige bei der Jubil\u00e4umsfeier des Europa-Parks in Rust bei Freiburg. \u00abAber ich frage Freunde, wenn ich in Berlin und zu Hause bin, und ich frage sie, ob wir mal wieder skaten gehen.\u00bb Er wolle auch nicht damit aufh\u00f6ren, \u00abdas ist schon eine gro\u00dfe Leidenschaft\u00bb.<\/p>\n<p>R\u00fcdiger hatte die \u00abGNTM\u00bb-Staffel vor einem Monat gemeinsam mit Daniela Djokic aus Ostfildern bei Stuttgart gewonnen. Er ist erst der zweite Mann mit dem Titel &#8211; denn M\u00e4nnermodels d\u00fcrfen erst seit vergangenem Jahr bei \u00abGNTM\u00bb mitmachen.\u00a0<\/p>\n<p>In Rust geh\u00f6rte R\u00fcdiger zu den Promi-G\u00e4sten auf dem roten Teppich des Europa-Parks. Vor 50 Jahren wurde der Freizeitpark gegr\u00fcndet. Bei einer Gala am Abend wurden auch zahlreiche weitere prominente G\u00e4ste erwartet.<\/p>\n","protected":false},"excerpt":{"rendered":"Rust (dpa) &#8211; Moritz R\u00fcdiger, Gewinner der Jubil\u00e4ums-Staffel von \u00abGermany`s Next Topmodel\u00bb und leidenschaftlicher Skater, will sein Board&hellip;\n","protected":false},"author":2,"featured_media":261522,"comment_status":"","ping_status":"","sticky":false,"template":"","format":"standard","meta":{"footnotes":""},"categories":[1841],"tags":[15927,1605,3364,29,41076,2507,30,2549,1209,1163,7490],"class_list":{"0":"post-261521","1":"post","2":"type-post","3":"status-publish","4":"format-standard","5":"has-post-thumbnail","7":"category-bielefeld","8":"tag-baden-warttemberg","9":"tag-bielefeld","10":"tag-de","11":"tag-deutschland","12":"tag-divertme","13":"tag-freizeit","14":"tag-germany","15":"tag-leute","16":"tag-nordrhein-westfalen","17":"tag-tourismus","18":"tag-vermischtes"},"share_on_mastodon":{"url":"https:\/\/pubeurope.com\/@de\/114838174666584900","error":""},"_links":{"self":[{"href":"https:\/\/www.europesays.com\/de\/wp-json\/wp\/v2\/posts\/261521","targetHints":{"allow":["GET"]}}],"collection":[{"href":"https:\/\/www.europesays.com\/de\/wp-json\/wp\/v2\/posts"}],"about":[{"href":"https:\/\/www.europesays.com\/de\/wp-json\/wp\/v2\/types\/post"}],"author":[{"embeddable":true,"href":"https:\/\/www.europesays.com\/de\/wp-json\/wp\/v2\/users\/2"}],"replies":[{"embeddable":true,"href":"https:\/\/www.europesays.com\/de\/wp-json\/wp\/v2\/comments?post=261521"}],"version-history":[{"count":0,"href":"https:\/\/www.europesays.com\/de\/wp-json\/wp\/v2\/posts\/261521\/revisions"}],"wp:featuredmedia":[{"embeddable":true,"href":"https:\/\/www.europesays.com\/de\/wp-json\/wp\/v2\/media\/261522"}],"wp:attachment":[{"href":"https:\/\/www.europesays.com\/de\/wp-json\/wp\/v2\/media?parent=261521"}],"wp:term":[{"taxonomy":"category","embeddable":true,"href":"https:\/\/www.europesays.com\/de\/wp-json\/wp\/v2\/categories?post=261521"},{"taxonomy":"post_tag","embeddable":true,"href":"https:\/\/www.europesays.com\/de\/wp-json\/wp\/v2\/tags?post=261521"}],"curies":[{"name":"wp","href":"https:\/\/api.w.org\/{rel}","templated":true}]}}