{"id":261524,"date":"2025-07-12T03:38:15","date_gmt":"2025-07-12T03:38:15","guid":{"rendered":"https:\/\/www.europesays.com\/de\/261524\/"},"modified":"2025-07-12T03:38:15","modified_gmt":"2025-07-12T03:38:15","slug":"15-cofresco-forum-round-table","status":"publish","type":"post","link":"https:\/\/www.europesays.com\/de\/261524\/","title":{"rendered":"15. Cofresco Forum Round Table"},"content":{"rendered":"<p>Der 15. Cofresco Forum Round Table bringt am 1. Oktober f\u00fchrende Vertreter*innen aus Wissenschaft, Industrie und \u00f6ffentlichen Initiativen zusammen, um zukunftsweisende L\u00f6sungen und Strategien der Kreislaufwirtschaft f\u00fcr Lebensmittelverpackungen zu diskutieren. Das Ziel ist, den fachlichen Austausch zu f\u00f6rdern, aktuelle Entwicklungen aufzuzeigen und praxisnahe Impulse f\u00fcr nachhaltige Verpackungsl\u00f6sungen zu geben.<\/p>\n<p>Die Teilnehmenden erwartet ein abwechslungsreiches Programm, das entscheidende Aspekte der Circular Economy im Bereich Lebensmittelverpackungen behandelt: Renommierte Expert*innen pr\u00e4sentieren zu zentralen Themen wie Design und Herstellung von Verpackungen f\u00fcr eine zirkul\u00e4re Bio\u00f6konomie, regulatorische Rahmenbedingungen, wie die Packaging and Packaging Waste Regulation (PPWR), oder Fortschritte bei innovativen Sortier- und Recyclingtechnologien.<\/p>\n<p>Franziska Erbe, Researcherin im Forschungsbereich Zirkul\u00e4rer Wandel am Wuppertal Institut, h\u00e4lt einen Vortrag zum Thema &#8222;Certification of Sustainable Packaging&#8220;, bei dem sie Erkenntniss aus dem Projekt innoCErt vorstellt, und bringt sich bei der abschlie\u00dfenden Paneldiskussion ein.\u00a0<\/p>\n<p>Die Teilnahme ist kostenlos, Anmeldeschluss ist der 19. September. Die Konferenzsprache ist Englisch. Weitere Informationen, das detaillierte Programm und die M\u00f6glichkeit zur Anmeldung sind \u00fcber den untenstehenden Link verf\u00fcgbar.<\/p>\n","protected":false},"excerpt":{"rendered":"Der 15. Cofresco Forum Round Table bringt am 1. Oktober f\u00fchrende Vertreter*innen aus Wissenschaft, Industrie und \u00f6ffentlichen Initiativen&hellip;\n","protected":false},"author":2,"featured_media":45247,"comment_status":"","ping_status":"","sticky":false,"template":"","format":"standard","meta":{"footnotes":""},"categories":[1840],"tags":[3364,29,1149,4781,19165,30,1563,19164,4507,1209,19166,19162,19160,19163,19161,383,601,4418,19159],"class_list":{"0":"post-261524","1":"post","2":"type-post","3":"status-publish","4":"format-standard","5":"has-post-thumbnail","7":"category-wuppertal","8":"tag-de","9":"tag-deutschland","10":"tag-energie","11":"tag-energieeffizienz","12":"tag-ernst-ulrich-von-weizsaecker","13":"tag-germany","14":"tag-klima","15":"tag-manfred-fischedick","16":"tag-nachhaltigkeit","17":"tag-nordrhein-westfalen","18":"tag-peter-hennicke","19":"tag-ressourceneffizienz","20":"tag-stoffstroeme","21":"tag-sustainability","22":"tag-transition-forschung","23":"tag-umwelt","24":"tag-verkehr","25":"tag-wuppertal","26":"tag-wuppertal-institut"},"share_on_mastodon":{"url":"https:\/\/pubeurope.com\/@de\/114838182639703225","error":""},"_links":{"self":[{"href":"https:\/\/www.europesays.com\/de\/wp-json\/wp\/v2\/posts\/261524","targetHints":{"allow":["GET"]}}],"collection":[{"href":"https:\/\/www.europesays.com\/de\/wp-json\/wp\/v2\/posts"}],"about":[{"href":"https:\/\/www.europesays.com\/de\/wp-json\/wp\/v2\/types\/post"}],"author":[{"embeddable":true,"href":"https:\/\/www.europesays.com\/de\/wp-json\/wp\/v2\/users\/2"}],"replies":[{"embeddable":true,"href":"https:\/\/www.europesays.com\/de\/wp-json\/wp\/v2\/comments?post=261524"}],"version-history":[{"count":0,"href":"https:\/\/www.europesays.com\/de\/wp-json\/wp\/v2\/posts\/261524\/revisions"}],"wp:featuredmedia":[{"embeddable":true,"href":"https:\/\/www.europesays.com\/de\/wp-json\/wp\/v2\/media\/45247"}],"wp:attachment":[{"href":"https:\/\/www.europesays.com\/de\/wp-json\/wp\/v2\/media?parent=261524"}],"wp:term":[{"taxonomy":"category","embeddable":true,"href":"https:\/\/www.europesays.com\/de\/wp-json\/wp\/v2\/categories?post=261524"},{"taxonomy":"post_tag","embeddable":true,"href":"https:\/\/www.europesays.com\/de\/wp-json\/wp\/v2\/tags?post=261524"}],"curies":[{"name":"wp","href":"https:\/\/api.w.org\/{rel}","templated":true}]}}