{"id":261527,"date":"2025-07-12T03:40:25","date_gmt":"2025-07-12T03:40:25","guid":{"rendered":"https:\/\/www.europesays.com\/de\/261527\/"},"modified":"2025-07-12T03:40:25","modified_gmt":"2025-07-12T03:40:25","slug":"hagen-bochum-in-dieser-woche-wurden-zeugnisse-ueberreicht","status":"publish","type":"post","link":"https:\/\/www.europesays.com\/de\/261527\/","title":{"rendered":"Hagen\/Bochum &#8211; In dieser Woche wurden Zeugnisse \u00fcberreicht"},"content":{"rendered":"<p>Der erste Schritt in Richtung Polizeiberuf: 21 junge Menschen feiern ihren Abschluss. Die Fachobersch\u00fclerinnen und -sch\u00fcler, die unter der Ausbildungsleitung der Hagener Polizei die 12. Klasse absolviert haben und w\u00e4hrend der Fachoberschule (FOS) unter anderem ein Bochumer Berufskolleg besuchten, freuten sich \u00fcber ihre Abschlusszeugnisse.<\/p>\n<p>Es war ein Tag voller Stolz, Freude und Aufregung: 21 junge Menschen haben am Klaus-Steilmann-Berufskolleg in Bochum-Wattenscheid ihren Abschluss &#8222;Fachoberschule Polizei&#8220; gefeiert. Zwei Jahre lang haben sie gelernt und viele praktische Einblicke in eine Polizeibeh\u00f6rde erhalten. Jetzt geht es f\u00fcr sie weiter in Richtung Polizeiberuf. Die Zeugnis\u00fcbergabe wurde am Mittwoch (09.07.) im festlichen Rahmen gefeiert. Eltern, Angeh\u00f6rige, Lehrerinnen und Lehrer sowie Vertreterinnen und Vertreter der Bezirksregierung Arnsberg, der Stadt Bochum und der Polizei Hagen und Bochum waren gekommen, um die Absolventinnen und Absolventen auf ihrem Weg in einen neuen Lebensabschnitt zu begleiten. Der Stolz war \u00fcberall sp\u00fcrbar, denn mit viel Ehrgeiz, Ausdauer und Flei\u00df haben sie in den vergangenen zwei Jahren auf dieses Ziel hingearbeitet.<\/p>\n<p>Mit dem Bildungsgang &#8222;Fachoberschule Polizei&#8220; er\u00f6ffnet das Land NRW jungen Menschen mit mittlerem Schulabschluss seit mehreren Jahren einen neuen Weg in den Polizeidienst. Das Klaus-Steilmann-Berufskolleg geh\u00f6rt zu den ersten Schulen in NRW, die diesen innovativen Bildungsgang anbieten &#8211; und ist inzwischen Teil eines landesweiten Netzwerks. Mit dem Abschluss in der Tasche verf\u00fcgen die Absolventinnen und Absolventen nicht nur \u00fcber die volle Fachhochschulreife, sondern auch \u00fcber die Zusage, ihr Studium an der Hochschule f\u00fcr Polizei und \u00f6ffentliche Verwaltung NRW aufnehmen zu k\u00f6nnen. In wenigen Wochen beginnt f\u00fcr die jungen Menschen die n\u00e4chste Etappe: Das Hochschulstudium (duales Studium) f\u00fcr den Polizeivollzugsdienst in NRW.<\/p>\n<p>Von Seiten der beteiligten Beh\u00f6rden wurde betont, wie wertvoll und notwendig engagierter Nachwuchs ist &#8211; in der Stadt, auf dem Land, in jeder Dienststelle!<\/p>\n<p>Wer sich ebenfalls f\u00fcr diesen besonderen Weg interessiert, findet mehr Informationen unter: <a target=\"_blank\" rel=\"noopener\" href=\"https:\/\/www.next-level-polizei.de\/fachoberschule-polizei\">www.next-level-polizei.de\/fachoberschule-polizei<\/a>.<\/p>\n<p>Fragen beantwortet Manuel Zweib\u00e4umer vom Team Personalwerbung der Polizei Hagen &#8211; telefonisch unter 02331 986 1227 oder per E-Mail an: <a href=\"https:\/\/www.ad-hoc-news.de\/polizeimeldungen\/hagen-bochum-in-dieser-woche-wurden-zeugnisse-ueberreicht-auch-bei-der\/mailto: SG22FOS.Hagen@polizei.nrw.de\" target=\"_blank\" rel=\"noopener\"> SG22FOS.Hagen@polizei.nrw.de<\/a>.<\/p>\n<p>R\u00fcckfragen bitte an:<\/p>\n<p>Polizei Hagen<br \/>Pressestelle<br \/>Telefon: 02331 986 15 15<br \/>E-Mail: <a href=\"https:\/\/www.ad-hoc-news.de\/polizeimeldungen\/hagen-bochum-in-dieser-woche-wurden-zeugnisse-ueberreicht-auch-bei-der\/mailto: pressestelle.hagen@polizei.nrw.de\" target=\"_blank\" rel=\"noopener\"> pressestelle.hagen@polizei.nrw.de<\/a><\/p>\n<p>Homepage: <a target=\"_blank\" rel=\"noopener\" href=\"https:\/\/hagen.polizei.nrw\">https:\/\/hagen.polizei.nrw<\/a><br \/>Facebook: <a target=\"_blank\" rel=\"noopener\" href=\"https:\/\/www.facebook.com\/Polizei.NRW.HA\">https:\/\/www.facebook.com\/Polizei.NRW.HA<\/a><br \/>X: <a target=\"_blank\" rel=\"noopener\" href=\"https:\/\/twitter.com\/polizei_nrw_ha\">https:\/\/twitter.com\/polizei_nrw_ha<\/a><br \/>Instagram: <a target=\"_blank\" rel=\"noopener\" href=\"http:\/\/www.instagram.de\/polizei.nrw.ha\">http:\/\/www.instagram.de\/polizei.nrw.ha<\/a><br \/>WhatsApp-Kanal: <a target=\"_blank\" rel=\"noopener\" href=\"https:\/\/url.nrw\/WhatsAppPolizeiNRWHagen\">https:\/\/url.nrw\/WhatsAppPolizeiNRWHagen<\/a><\/p>\n<p class=\"origin\">Original-Content von: Polizei Hagen \u00fcbermittelt durch news aktuell<\/p>\n<p>http:\/\/ots.de\/5cb2b0<\/p>\n<p>\t<script async src=\"https:\/\/platform.twitter.com\/widgets.js\" charset=\"utf-8\"><\/script><\/p>\n","protected":false},"excerpt":{"rendered":"Der erste Schritt in Richtung Polizeiberuf: 21 junge Menschen feiern ihren Abschluss. Die Fachobersch\u00fclerinnen und -sch\u00fcler, die unter&hellip;\n","protected":false},"author":2,"featured_media":261528,"comment_status":"","ping_status":"","sticky":false,"template":"","format":"standard","meta":{"footnotes":""},"categories":[1839],"tags":[10825,79329,7507,3364,29,79328,30,79326,9834,1209,79325,121,26147,14252,79327],"class_list":{"0":"post-261527","1":"post","2":"type-post","3":"status-publish","4":"format-standard","5":"has-post-thumbnail","7":"category-bochum","8":"tag-abschluss","9":"tag-ausbildungsleitung","10":"tag-bochum","11":"tag-de","12":"tag-deutschland","13":"tag-fachoberschuelerinnen","14":"tag-germany","15":"tag-hagenbochum","16":"tag-menschen","17":"tag-nordrhein-westfalen","18":"tag-pol-ha","19":"tag-polizei","20":"tag-polizeiberuf","21":"tag-richtung","22":"tag-zeugnisse"},"share_on_mastodon":{"url":"https:\/\/pubeurope.com\/@de\/114838190543765427","error":""},"_links":{"self":[{"href":"https:\/\/www.europesays.com\/de\/wp-json\/wp\/v2\/posts\/261527","targetHints":{"allow":["GET"]}}],"collection":[{"href":"https:\/\/www.europesays.com\/de\/wp-json\/wp\/v2\/posts"}],"about":[{"href":"https:\/\/www.europesays.com\/de\/wp-json\/wp\/v2\/types\/post"}],"author":[{"embeddable":true,"href":"https:\/\/www.europesays.com\/de\/wp-json\/wp\/v2\/users\/2"}],"replies":[{"embeddable":true,"href":"https:\/\/www.europesays.com\/de\/wp-json\/wp\/v2\/comments?post=261527"}],"version-history":[{"count":0,"href":"https:\/\/www.europesays.com\/de\/wp-json\/wp\/v2\/posts\/261527\/revisions"}],"wp:featuredmedia":[{"embeddable":true,"href":"https:\/\/www.europesays.com\/de\/wp-json\/wp\/v2\/media\/261528"}],"wp:attachment":[{"href":"https:\/\/www.europesays.com\/de\/wp-json\/wp\/v2\/media?parent=261527"}],"wp:term":[{"taxonomy":"category","embeddable":true,"href":"https:\/\/www.europesays.com\/de\/wp-json\/wp\/v2\/categories?post=261527"},{"taxonomy":"post_tag","embeddable":true,"href":"https:\/\/www.europesays.com\/de\/wp-json\/wp\/v2\/tags?post=261527"}],"curies":[{"name":"wp","href":"https:\/\/api.w.org\/{rel}","templated":true}]}}