{"id":261569,"date":"2025-07-12T04:07:27","date_gmt":"2025-07-12T04:07:27","guid":{"rendered":"https:\/\/www.europesays.com\/de\/261569\/"},"modified":"2025-07-12T04:07:27","modified_gmt":"2025-07-12T04:07:27","slug":"borussia-dortmund-vereinsprofil-transfermarkt","status":"publish","type":"post","link":"https:\/\/www.europesays.com\/de\/261569\/","title":{"rendered":"Borussia Dortmund &#8211; Vereinsprofil | Transfermarkt"},"content":{"rendered":"<p>Borussia Dortmund &#8211; Vereinsprofil  | Transfermarkt<\/p>\n<p>                                    <a href=\"https:\/\/www.transfermarkt.de\/\" class=\"main-navbar__lp-link \" onclick=\"tmEvent(&#039;hauptnavi&#039;, \" https:=\"\" rel=\"nofollow noopener\" target=\"_blank\"><br \/>\n                        News                    <\/a><br \/>\n                                    <a href=\"https:\/\/www.transfermarkt.de\/navigation\/transfersundgeruechte\" class=\"main-navbar__lp-link \" onclick=\"tmEvent(&#039;hauptnavi&#039;, \" https:=\"\" ger=\"\" rel=\"nofollow noopener\" target=\"_blank\"><br \/>\n                        Transfers &amp; Ger\u00fcchte                    <\/a><br \/>\n                                    <a href=\"https:\/\/www.transfermarkt.de\/navigation\/marktwerte\" class=\"main-navbar__lp-link \" onclick=\"tmEvent(&#039;hauptnavi&#039;, \" https:=\"\" rel=\"nofollow noopener\" target=\"_blank\"><br \/>\n                        Marktwerte                    <\/a><br \/>\n                                    <a href=\"https:\/\/www.transfermarkt.de\/navigation\/wettbewerbe\" class=\"main-navbar__lp-link \" onclick=\"tmEvent(&#039;hauptnavi&#039;, \" https:=\"\" rel=\"nofollow noopener\" target=\"_blank\"><br \/>\n                        Wettbewerbe                    <\/a><br \/>\n                                    <a href=\"https:\/\/www.transfermarkt.de\/navigation\/statistiken\" class=\"main-navbar__lp-link \" onclick=\"tmEvent(&#039;hauptnavi&#039;, \" https:=\"\" rel=\"nofollow noopener\" target=\"_blank\"><br \/>\n                        Statistiken                    <\/a><br \/>\n                                    <a href=\"https:\/\/www.transfermarkt.de\/navigation\/community\" class=\"main-navbar__lp-link \" onclick=\"tmEvent(&#039;hauptnavi&#039;, \" https:=\"\" rel=\"nofollow noopener\" target=\"_blank\"><br \/>\n                        Community                    <\/a><br \/>\n                                    <a href=\"https:\/\/www.transfermarkt.de\/navigation\/gaming\" class=\"main-navbar__lp-link \" onclick=\"tmEvent(&#039;hauptnavi&#039;, \" https:=\"\" rel=\"nofollow noopener\" target=\"_blank\"><br \/>\n                        Gaming                    <\/a><br \/>\n                                    <a href=\"https:\/\/www.transfermarkt.de\/fifa-klub-weltmeisterschaft\/startseite\/pokalwettbewerb\/KLUB\" class=\"main-navbar__lp-link \" onclick=\"tmEvent(&#039;hauptnavi&#039;, \" https:=\"\" rel=\"nofollow noopener\" target=\"_blank\"><br \/>\n                        Klub-WM                    <\/a><\/p>\n<p>                                    Empfehlungen<\/p>\n<p>                                    F\u00fcr Spielerberater<\/p>\n<p>                                    F\u00fcr Spielerberater<\/p>\n<p>            Kader Borussia Dortmund<\/p>\n<tr>\n<a class=\"sort-link\" href=\"https:\/\/www.transfermarkt.de\/borussia-dortmund\/startseite\/verein\/16\/saison_i\/sort\/sort\/trikotNumber\" rel=\"nofollow noopener\" target=\"_blank\">#<\/a><a class=\"sort-link asc\" href=\"https:\/\/www.transfermarkt.de\/borussia-dortmund\/startseite\/verein\/16\/saison_i\/sort\/sort\/name.desc\" rel=\"nofollow noopener\" target=\"_blank\">Spieler<\/a><a class=\"sort-link\" href=\"https:\/\/www.transfermarkt.de\/borussia-dortmund\/startseite\/verein\/16\/saison_i\/sort\/sort\/dateOfBirthTimestamp\" rel=\"nofollow noopener\" target=\"_blank\">Geb.\/Alter<\/a>Nat.<a class=\"sort-link\" href=\"https:\/\/www.transfermarkt.de\/borussia-dortmund\/startseite\/verein\/16\/saison_i\/sort\/sort\/marketValueRaw.desc\" rel=\"nofollow noopener\" target=\"_blank\">Marktwert<\/a><\/tr>\n<tr class=\"odd\">\n<td class=\"zentriert rueckennummer bg_Sturm\" title=\"Sturm\">\n<p>27<\/p>\n<\/td>\n<td class=\"posrela\">\n<\/td>\n<td class=\"zentriert\">18.01.2002 (23)<\/td>\n<td class=\"zentriert\"><img decoding=\"async\" src=\"https:\/\/www.europesays.com\/de\/wp-content\/uploads\/2025\/06\/1750017269_71_40.png\" title=\"Deutschland\" alt=\"Deutschland\" class=\"flaggenrahmen\"\/><br \/><img decoding=\"async\" src=\"https:\/\/www.europesays.com\/de\/wp-content\/uploads\/2025\/06\/124.png\" title=\"Nigeria\" alt=\"Nigeria\" class=\"flaggenrahmen\"\/><\/td>\n<td class=\"rechts hauptlink\"><a href=\"https:\/\/www.transfermarkt.de\/karim-adeyemi\/marktwertverlauf\/spieler\/496094\" rel=\"nofollow noopener\" target=\"_blank\">45,00 Mio. \u20ac<\/a><\/td>\n<\/tr>\n<tr class=\"even\">\n<td class=\"zentriert rueckennummer bg_Abwehr\" title=\"Abwehr\">\n<p>3<\/p>\n<\/td>\n<td class=\"posrela\">\n<\/td>\n<td class=\"zentriert\">20.07.1996 (28)<\/td>\n<td class=\"zentriert\"><img decoding=\"async\" src=\"https:\/\/www.europesays.com\/de\/wp-content\/uploads\/2025\/06\/1750017269_71_40.png\" title=\"Deutschland\" alt=\"Deutschland\" class=\"flaggenrahmen\"\/><\/td>\n<td class=\"rechts hauptlink\"><a href=\"https:\/\/www.transfermarkt.de\/waldemar-anton\/marktwertverlauf\/spieler\/193004\" rel=\"nofollow noopener\" target=\"_blank\">18,00 Mio. \u20ac<\/a><\/td>\n<\/tr>\n<tr class=\"odd\">\n<td class=\"zentriert rueckennummer bg_Sturm\" title=\"Sturm\">\n<p>14<\/p>\n<\/td>\n<td class=\"posrela\">\n<\/td>\n<td class=\"zentriert\">17.10.2002 (22)<\/td>\n<td class=\"zentriert\"><img decoding=\"async\" src=\"https:\/\/www.europesays.com\/de\/wp-content\/uploads\/2025\/06\/1750017269_71_40.png\" title=\"Deutschland\" alt=\"Deutschland\" class=\"flaggenrahmen\"\/><\/td>\n<td class=\"rechts hauptlink\"><a href=\"https:\/\/www.transfermarkt.de\/maximilian-beier\/marktwertverlauf\/spieler\/578392\" rel=\"nofollow noopener\" target=\"_blank\">25,00 Mio. \u20ac<\/a><\/td>\n<\/tr>\n<tr class=\"even\">\n<td class=\"zentriert rueckennummer bg_Mittelfeld\" title=\"Mittelfeld\">\n<p>77<\/p>\n<\/td>\n<td class=\"posrela\"><a title=\"Neuzugang von: AFC Sunderland; Datum: 10.06.2025; Abl\u00f6se: 30,50 Mio. \u20ac\" href=\"https:\/\/www.transfermarkt.de\/afc-sunderland\/startseite\/verein\/289\/saison_id\/2025\" rel=\"nofollow noopener\" target=\"_blank\"><img decoding=\"async\" src=\"https:\/\/www.europesays.com\/de\/wp-content\/uploads\/2025\/07\/289.png\" title=\"AFC Sunderland\" alt=\"AFC Sunderland\" class=\"\"\/><\/a><a title=\"Neuzugang von: AFC Sunderland; Datum: 10.06.2025; Abl\u00f6se: 30,50 Mio. \u20ac\" class=\"hide-for-small\" href=\"https:\/\/www.transfermarkt.de\/afc-sunderland\/startseite\/verein\/289\/saison_id\/2025\" rel=\"nofollow noopener\" target=\"_blank\"><img decoding=\"async\" src=\"https:\/\/www.europesays.com\/de\/wp-content\/uploads\/2025\/07\/zugang_beta_kader.png\" class=\"wechsel-symbol\" width=\"19px\" height=\"19px\"\/><\/a><\/p>\n<\/td>\n<td class=\"zentriert\">23.09.2005 (19)<\/td>\n<td class=\"zentriert\"><img decoding=\"async\" src=\"https:\/\/www.europesays.com\/de\/wp-content\/uploads\/2025\/06\/189.png\" title=\"England\" alt=\"England\" class=\"flaggenrahmen\"\/><br \/><img decoding=\"async\" src=\"https:\/\/www.europesays.com\/de\/wp-content\/uploads\/2025\/07\/72.png\" title=\"Irland\" alt=\"Irland\" class=\"flaggenrahmen\"\/><\/td>\n<td class=\"rechts hauptlink\"><a href=\"https:\/\/www.transfermarkt.de\/jobe-bellingham\/marktwertverlauf\/spieler\/796297\" rel=\"nofollow noopener\" target=\"_blank\">22,00 Mio. \u20ac<\/a><\/td>\n<\/tr>\n<tr class=\"odd\">\n<td class=\"zentriert rueckennummer bg_Abwehr\" title=\"Abwehr\">\n<p>5<\/p>\n<\/td>\n<td class=\"posrela\">\n<\/td>\n<td class=\"zentriert\">16.04.1995 (30)<\/td>\n<td class=\"zentriert\"><img decoding=\"async\" src=\"https:\/\/www.europesays.com\/de\/wp-content\/uploads\/2025\/06\/1751056821_126_4.png\" title=\"Algerien\" alt=\"Algerien\" class=\"flaggenrahmen\"\/><\/td>\n<td class=\"rechts hauptlink\"><a href=\"https:\/\/www.transfermarkt.de\/ramy-bensebaini\/marktwertverlauf\/spieler\/284732\" rel=\"nofollow noopener\" target=\"_blank\">7,00 Mio. \u20ac<\/a><\/td>\n<\/tr>\n<tr class=\"even\">\n<td class=\"zentriert rueckennummer bg_Mittelfeld\" title=\"Mittelfeld\">\n<p>10<\/p>\n<\/td>\n<td class=\"posrela\">\n<\/td>\n<td class=\"zentriert\">02.05.1996 (29)<\/td>\n<td class=\"zentriert\"><img decoding=\"async\" src=\"https:\/\/www.europesays.com\/de\/wp-content\/uploads\/2025\/06\/1750017269_71_40.png\" title=\"Deutschland\" alt=\"Deutschland\" class=\"flaggenrahmen\"\/><\/td>\n<td class=\"rechts hauptlink\"><a href=\"https:\/\/www.transfermarkt.de\/julian-brandt\/marktwertverlauf\/spieler\/187492\" rel=\"nofollow noopener\" target=\"_blank\">25,00 Mio. \u20ac<\/a><\/td>\n<\/tr>\n<tr class=\"odd\">\n<td class=\"zentriert rueckennummer bg_Sturm\" title=\"Sturm\">\n<p>37<\/p>\n<\/td>\n<td class=\"posrela\">\n<\/td>\n<td class=\"zentriert\">20.02.2006 (19)<\/td>\n<td class=\"zentriert\"><img decoding=\"async\" src=\"https:\/\/www.europesays.com\/de\/wp-content\/uploads\/2025\/06\/184.png\" title=\"Vereinigte Staaten\" alt=\"Vereinigte Staaten\" class=\"flaggenrahmen\"\/><br \/><img decoding=\"async\" src=\"https:\/\/www.europesays.com\/de\/wp-content\/uploads\/2025\/07\/73.png\" title=\"Island\" alt=\"Island\" class=\"flaggenrahmen\"\/><\/td>\n<td class=\"rechts hauptlink\"><a href=\"https:\/\/www.transfermarkt.de\/cole-campbell\/marktwertverlauf\/spieler\/866579\" rel=\"nofollow noopener\" target=\"_blank\">1,50 Mio. \u20ac<\/a><\/td>\n<\/tr>\n<tr class=\"even\">\n<td class=\"zentriert rueckennummer bg_Mittelfeld\" title=\"Mittelfeld\">\n<p>23<\/p>\n<\/td>\n<td class=\"posrela\">\n<\/td>\n<td class=\"zentriert\">12.01.1994 (31)<\/td>\n<td class=\"zentriert\"><img decoding=\"async\" src=\"https:\/\/www.europesays.com\/de\/wp-content\/uploads\/2025\/06\/1750017269_71_40.png\" title=\"Deutschland\" alt=\"Deutschland\" class=\"flaggenrahmen\"\/><br \/><img decoding=\"async\" src=\"https:\/\/www.europesays.com\/de\/wp-content\/uploads\/2025\/06\/174.png\" title=\"T\u00fcrkei\" alt=\"T\u00fcrkei\" class=\"flaggenrahmen\"\/><\/td>\n<td class=\"rechts hauptlink\"><a href=\"https:\/\/www.transfermarkt.de\/emre-can\/marktwertverlauf\/spieler\/119296\" rel=\"nofollow noopener\" target=\"_blank\">7,00 Mio. \u20ac<\/a><\/td>\n<\/tr>\n<tr class=\"odd\">\n<td class=\"zentriert rueckennummer bg_Abwehr\" title=\"Abwehr\">\n<p>2<\/p>\n<\/td>\n<td class=\"posrela\"><a title=\"Neuzugang von: Manchester City; Datum: 01.07.2025; Abl\u00f6se: 20,00 Mio. \u20ac\" href=\"https:\/\/www.transfermarkt.de\/manchester-city\/startseite\/verein\/281\/saison_id\/2025\" rel=\"nofollow noopener\" target=\"_blank\"><img decoding=\"async\" src=\"https:\/\/www.europesays.com\/de\/wp-content\/uploads\/2025\/07\/281.png\" title=\"Manchester City\" alt=\"Manchester City\" class=\"\"\/><\/a><a title=\"Neuzugang von: Manchester City; Datum: 01.07.2025; Abl\u00f6se: 20,00 Mio. \u20ac\" class=\"hide-for-small\" href=\"https:\/\/www.transfermarkt.de\/manchester-city\/startseite\/verein\/281\/saison_id\/2025\" rel=\"nofollow noopener\" target=\"_blank\"><img decoding=\"async\" src=\"https:\/\/www.europesays.com\/de\/wp-content\/uploads\/2025\/07\/zugang_beta_kader.png\" class=\"wechsel-symbol\" width=\"19px\" height=\"19px\"\/><\/a><\/p>\n<\/td>\n<td class=\"zentriert\">03.06.2002 (23)<\/td>\n<td class=\"zentriert\"><img decoding=\"async\" src=\"https:\/\/www.europesays.com\/de\/wp-content\/uploads\/2025\/06\/26.png\" title=\"Brasilien\" alt=\"Brasilien\" class=\"flaggenrahmen\"\/><br \/><img decoding=\"async\" src=\"https:\/\/www.europesays.com\/de\/wp-content\/uploads\/2025\/07\/136.png\" title=\"Portugal\" alt=\"Portugal\" class=\"flaggenrahmen\"\/><\/td>\n<td class=\"rechts hauptlink\"><a href=\"https:\/\/www.transfermarkt.de\/yan-couto\/marktwertverlauf\/spieler\/627228\" rel=\"nofollow noopener\" target=\"_blank\">20,00 Mio. \u20ac<\/a><\/td>\n<\/tr>\n<tr class=\"even\">\n<td class=\"zentriert rueckennummer bg_Torwart\" title=\"Torwart\">\n<p>&#8211;<\/p>\n<\/td>\n<td class=\"posrela\"><a title=\"Neuzugang von: VfL Bochum; Datum: 01.07.2025; Abl\u00f6se: 250 Tsd. \u20ac\" href=\"https:\/\/www.transfermarkt.de\/vfl-bochum\/startseite\/verein\/80\/saison_id\/2025\" rel=\"nofollow noopener\" target=\"_blank\"><img decoding=\"async\" src=\"https:\/\/www.europesays.com\/de\/wp-content\/uploads\/2025\/07\/80.png\" title=\"VfL Bochum\" alt=\"VfL Bochum\" class=\"\"\/><\/a><a title=\"Neuzugang von: VfL Bochum; Datum: 01.07.2025; Abl\u00f6se: 250 Tsd. \u20ac\" class=\"hide-for-small\" href=\"https:\/\/www.transfermarkt.de\/vfl-bochum\/startseite\/verein\/80\/saison_id\/2025\" rel=\"nofollow noopener\" target=\"_blank\"><img decoding=\"async\" src=\"https:\/\/www.europesays.com\/de\/wp-content\/uploads\/2025\/07\/zugang_beta_kader.png\" class=\"wechsel-symbol\" width=\"19px\" height=\"19px\"\/><\/a><\/p>\n<\/td>\n<td class=\"zentriert\">04.02.1993 (32)<\/td>\n<td class=\"zentriert\"><img decoding=\"async\" src=\"https:\/\/www.europesays.com\/de\/wp-content\/uploads\/2025\/06\/1750017269_71_40.png\" title=\"Deutschland\" alt=\"Deutschland\" class=\"flaggenrahmen\"\/><\/td>\n<td class=\"rechts hauptlink\"><a href=\"https:\/\/www.transfermarkt.de\/patrick-drewes\/marktwertverlauf\/spieler\/94192\" rel=\"nofollow noopener\" target=\"_blank\">500 Tsd. \u20ac<\/a><\/td>\n<\/tr>\n<tr class=\"odd\">\n<td class=\"zentriert rueckennummer bg_Sturm\" title=\"Sturm\">\n<p>16<\/p>\n<\/td>\n<td class=\"posrela\">\n<\/td>\n<td class=\"zentriert\">05.05.2006 (19)<\/td>\n<td class=\"zentriert\"><img decoding=\"async\" src=\"https:\/\/www.europesays.com\/de\/wp-content\/uploads\/2025\/07\/19.png\" title=\"Belgien\" alt=\"Belgien\" class=\"flaggenrahmen\"\/><\/td>\n<td class=\"rechts hauptlink\"><a href=\"https:\/\/www.transfermarkt.de\/julien-duranville\/marktwertverlauf\/spieler\/819215\" rel=\"nofollow noopener\" target=\"_blank\">8,50 Mio. \u20ac<\/a><\/td>\n<\/tr>\n<tr class=\"even\">\n<td class=\"zentriert rueckennummer bg_Mittelfeld\" title=\"Mittelfeld\">\n<p>13<\/p>\n<\/td>\n<td class=\"posrela\">\n<\/td>\n<td class=\"zentriert\">15.06.1991 (34)<\/td>\n<td class=\"zentriert\"><img decoding=\"async\" src=\"https:\/\/www.europesays.com\/de\/wp-content\/uploads\/2025\/06\/1750017269_71_40.png\" title=\"Deutschland\" alt=\"Deutschland\" class=\"flaggenrahmen\"\/><\/td>\n<td class=\"rechts hauptlink\"><a href=\"https:\/\/www.transfermarkt.de\/pascal-gross\/marktwertverlauf\/spieler\/82873\" rel=\"nofollow noopener\" target=\"_blank\">5,00 Mio. \u20ac<\/a><\/td>\n<\/tr>\n<tr class=\"odd\">\n<td class=\"zentriert rueckennummer bg_Sturm\" title=\"Sturm\">\n<p>9<\/p>\n<\/td>\n<td class=\"posrela\">\n<\/td>\n<td class=\"zentriert\">12.03.1996 (29)<\/td>\n<td class=\"zentriert\"><img decoding=\"async\" src=\"https:\/\/www.europesays.com\/de\/wp-content\/uploads\/2025\/07\/59.png\" title=\"Guinea\" alt=\"Guinea\" class=\"flaggenrahmen\"\/><br \/><img decoding=\"async\" src=\"https:\/\/www.europesays.com\/de\/wp-content\/uploads\/2025\/06\/50.png\" title=\"Frankreich\" alt=\"Frankreich\" class=\"flaggenrahmen\"\/><\/td>\n<td class=\"rechts hauptlink\"><a href=\"https:\/\/www.transfermarkt.de\/serhou-guirassy\/marktwertverlauf\/spieler\/270541\" rel=\"nofollow noopener\" target=\"_blank\">45,00 Mio. \u20ac<\/a><\/td>\n<\/tr>\n<tr class=\"even\">\n<td class=\"zentriert rueckennummer bg_Sturm\" title=\"Sturm\">\n<p>&#8211;<\/p>\n<\/td>\n<td class=\"posrela\"><a title=\"R\u00fcckkehr nach Leihe von: FC Utrecht; Datum: 30.06.2025; Abl\u00f6se: Leih-Ende\" href=\"https:\/\/www.transfermarkt.de\/fc-utrecht\/startseite\/verein\/200\/saison_id\/2024\" rel=\"nofollow noopener\" target=\"_blank\"><img decoding=\"async\" src=\"https:\/\/www.europesays.com\/de\/wp-content\/uploads\/2025\/07\/1752293240_66_200.png\" title=\"FC Utrecht\" alt=\"FC Utrecht\" class=\"\"\/><\/a><a title=\"R\u00fcckkehr nach Leihe von: FC Utrecht; Datum: 30.06.2025; Abl\u00f6se: Leih-Ende\" class=\"hide-for-small\" href=\"https:\/\/www.transfermarkt.de\/fc-utrecht\/startseite\/verein\/200\/saison_id\/2024\" rel=\"nofollow noopener\" target=\"_blank\"><img decoding=\"async\" src=\"https:\/\/www.europesays.com\/de\/wp-content\/uploads\/2025\/07\/rueckkehr_beta_kader.png\" class=\"wechsel-symbol\" width=\"19px\" height=\"19px\"\/><\/a><\/p>\n<\/td>\n<td class=\"zentriert\">22.06.1994 (31)<\/td>\n<td class=\"zentriert\"><img decoding=\"async\" src=\"https:\/\/www.europesays.com\/de\/wp-content\/uploads\/2025\/07\/1752293241_38_38.png\" title=\"Elfenbeink\u00fcste\" alt=\"Elfenbeink\u00fcste\" class=\"flaggenrahmen\"\/><br \/><img decoding=\"async\" src=\"https:\/\/www.europesays.com\/de\/wp-content\/uploads\/2025\/06\/50.png\" title=\"Frankreich\" alt=\"Frankreich\" class=\"flaggenrahmen\"\/><\/td>\n<td class=\"rechts hauptlink\"><a href=\"https:\/\/www.transfermarkt.de\/sebastien-haller\/marktwertverlauf\/spieler\/181375\" rel=\"nofollow noopener\" target=\"_blank\">3,00 Mio. \u20ac<\/a><\/td>\n<\/tr>\n<tr class=\"odd\">\n<td class=\"zentriert rueckennummer bg_Abwehr\" title=\"Abwehr\">\n<p>42<\/p>\n<\/td>\n<td class=\"posrela\">\n<\/td>\n<td class=\"zentriert\">06.06.2006 (19)<\/td>\n<td class=\"zentriert\"><img decoding=\"async\" src=\"https:\/\/www.europesays.com\/de\/wp-content\/uploads\/2025\/06\/1750017269_71_40.png\" title=\"Deutschland\" alt=\"Deutschland\" class=\"flaggenrahmen\"\/><br \/><img decoding=\"async\" src=\"https:\/\/www.europesays.com\/de\/wp-content\/uploads\/2025\/07\/96.png\" title=\"Libyen\" alt=\"Libyen\" class=\"flaggenrahmen\"\/><\/td>\n<td class=\"rechts hauptlink\"><a href=\"https:\/\/www.transfermarkt.de\/almugera-kabar\/marktwertverlauf\/spieler\/884820\" rel=\"nofollow noopener\" target=\"_blank\">1,00 Mio. \u20ac<\/a><\/td>\n<\/tr>\n<tr class=\"even\">\n<td class=\"zentriert rueckennummer bg_Torwart\" title=\"Torwart\">\n<p>1<\/p>\n<\/td>\n<td class=\"posrela\">\n<\/td>\n<td class=\"zentriert\">06.12.1997 (27)<\/td>\n<td class=\"zentriert\"><img decoding=\"async\" src=\"https:\/\/www.europesays.com\/de\/wp-content\/uploads\/2025\/06\/148.png\" title=\"Schweiz\" alt=\"Schweiz\" class=\"flaggenrahmen\"\/><\/td>\n<td class=\"rechts hauptlink\"><a href=\"https:\/\/www.transfermarkt.de\/gregor-kobel\/marktwertverlauf\/spieler\/257814\" rel=\"nofollow noopener\" target=\"_blank\">40,00 Mio. \u20ac<\/a><\/td>\n<\/tr>\n<tr class=\"odd\">\n<td class=\"zentriert rueckennummer bg_Abwehr\" title=\"Abwehr\">\n<p>39<\/p>\n<\/td>\n<td class=\"posrela\">\n<\/td>\n<td class=\"zentriert\">08.03.2005 (20)<\/td>\n<td class=\"zentriert\"><img decoding=\"async\" src=\"https:\/\/www.europesays.com\/de\/wp-content\/uploads\/2025\/06\/75.png\" title=\"Italien\" alt=\"Italien\" class=\"flaggenrahmen\"\/><br \/><img decoding=\"async\" src=\"https:\/\/www.europesays.com\/de\/wp-content\/uploads\/2025\/07\/149.png\" title=\"Senegal\" alt=\"Senegal\" class=\"flaggenrahmen\"\/><\/td>\n<td class=\"rechts hauptlink\"><a href=\"https:\/\/www.transfermarkt.de\/filippo-mane\/marktwertverlauf\/spieler\/883007\" rel=\"nofollow noopener\" target=\"_blank\">600 Tsd. \u20ac<\/a><\/td>\n<\/tr>\n<tr class=\"even\">\n<td class=\"zentriert rueckennummer bg_Torwart\" title=\"Torwart\">\n<p>33<\/p>\n<\/td>\n<td class=\"posrela\">\n<\/td>\n<td class=\"zentriert\">13.04.1991 (34)<\/td>\n<td class=\"zentriert\"><img decoding=\"async\" src=\"https:\/\/www.europesays.com\/de\/wp-content\/uploads\/2025\/06\/1750017269_71_40.png\" title=\"Deutschland\" alt=\"Deutschland\" class=\"flaggenrahmen\"\/><\/td>\n<td class=\"rechts hauptlink\"><a href=\"https:\/\/www.transfermarkt.de\/alexander-meyer\/marktwertverlauf\/spieler\/76158\" rel=\"nofollow noopener\" target=\"_blank\">800 Tsd. \u20ac<\/a><\/td>\n<\/tr>\n<tr class=\"odd\">\n<td class=\"zentriert rueckennummer bg_Mittelfeld\" title=\"Mittelfeld\">\n<p>8<\/p>\n<\/td>\n<td class=\"posrela\">\n<\/td>\n<td class=\"zentriert\">10.10.2000 (24)<\/td>\n<td class=\"zentriert\"><img decoding=\"async\" src=\"https:\/\/www.europesays.com\/de\/wp-content\/uploads\/2025\/06\/1750017269_71_40.png\" title=\"Deutschland\" alt=\"Deutschland\" class=\"flaggenrahmen\"\/><br \/><img decoding=\"async\" src=\"https:\/\/www.europesays.com\/de\/wp-content\/uploads\/2025\/06\/189.png\" title=\"England\" alt=\"England\" class=\"flaggenrahmen\"\/><\/td>\n<td class=\"rechts hauptlink\"><a href=\"https:\/\/www.transfermarkt.de\/felix-nmecha\/marktwertverlauf\/spieler\/406640\" rel=\"nofollow noopener\" target=\"_blank\">28,00 Mio. \u20ac<\/a><\/td>\n<\/tr>\n<tr class=\"even\">\n<td class=\"zentriert rueckennummer bg_Torwart\" title=\"Torwart\">\n<p>31<\/p>\n<\/td>\n<td class=\"posrela\">\n<\/td>\n<td class=\"zentriert\">19.11.2003 (21)<\/td>\n<td class=\"zentriert\"><img decoding=\"async\" src=\"https:\/\/www.europesays.com\/de\/wp-content\/uploads\/2025\/06\/1750017269_71_40.png\" title=\"Deutschland\" alt=\"Deutschland\" class=\"flaggenrahmen\"\/><br \/><img decoding=\"async\" src=\"https:\/\/www.europesays.com\/de\/wp-content\/uploads\/2025\/06\/135.png\" title=\"Polen\" alt=\"Polen\" class=\"flaggenrahmen\"\/><\/td>\n<td class=\"rechts hauptlink\"><a href=\"https:\/\/www.transfermarkt.de\/silas-ostrzinski\/marktwertverlauf\/spieler\/684116\" rel=\"nofollow noopener\" target=\"_blank\">200 Tsd. \u20ac<\/a><\/td>\n<\/tr>\n<tr class=\"odd\">\n<td class=\"zentriert rueckennummer bg_Torwart\" title=\"Torwart\">\n<p>&#8211;<\/p>\n<\/td>\n<td class=\"posrela\"><a title=\"R\u00fcckkehr nach Leihe von: FC Kopenhagen; Datum: 30.06.2025; Abl\u00f6se: Leih-Ende\" href=\"https:\/\/www.transfermarkt.de\/fc-kopenhagen\/startseite\/verein\/190\/saison_id\/2024\" rel=\"nofollow noopener\" target=\"_blank\"><img decoding=\"async\" src=\"https:\/\/www.europesays.com\/de\/wp-content\/uploads\/2025\/07\/190.png\" title=\"FC Kopenhagen\" alt=\"FC Kopenhagen\" class=\"\"\/><\/a><a title=\"R\u00fcckkehr nach Leihe von: FC Kopenhagen; Datum: 30.06.2025; Abl\u00f6se: Leih-Ende\" class=\"hide-for-small\" href=\"https:\/\/www.transfermarkt.de\/fc-kopenhagen\/startseite\/verein\/190\/saison_id\/2024\" rel=\"nofollow noopener\" target=\"_blank\"><img decoding=\"async\" src=\"https:\/\/www.europesays.com\/de\/wp-content\/uploads\/2025\/07\/rueckkehr_beta_kader.png\" class=\"wechsel-symbol\" width=\"19px\" height=\"19px\"\/><\/a><\/p>\n<\/td>\n<td class=\"zentriert\">19.09.2001 (23)<\/td>\n<td class=\"zentriert\"><img decoding=\"async\" src=\"https:\/\/www.europesays.com\/de\/wp-content\/uploads\/2025\/06\/1750017269_71_40.png\" title=\"Deutschland\" alt=\"Deutschland\" class=\"flaggenrahmen\"\/><br \/><img decoding=\"async\" src=\"https:\/\/www.europesays.com\/de\/wp-content\/uploads\/2025\/07\/244.png\" title=\"Kosovo\" alt=\"Kosovo\" class=\"flaggenrahmen\"\/><\/td>\n<td class=\"rechts hauptlink\"><a href=\"https:\/\/www.transfermarkt.de\/diant-ramaj\/marktwertverlauf\/spieler\/448705\" rel=\"nofollow noopener\" target=\"_blank\">7,00 Mio. \u20ac<\/a><\/td>\n<\/tr>\n<tr class=\"even\">\n<td class=\"zentriert rueckennummer bg_Mittelfeld\" title=\"Mittelfeld\">\n<p>7<\/p>\n<\/td>\n<td class=\"posrela\">\n<\/td>\n<td class=\"zentriert\">13.11.2002 (22)<\/td>\n<td class=\"zentriert\"><img decoding=\"async\" src=\"https:\/\/www.europesays.com\/de\/wp-content\/uploads\/2025\/06\/184.png\" title=\"Vereinigte Staaten\" alt=\"Vereinigte Staaten\" class=\"flaggenrahmen\"\/><br \/><img decoding=\"async\" src=\"https:\/\/www.europesays.com\/de\/wp-content\/uploads\/2025\/07\/136.png\" title=\"Portugal\" alt=\"Portugal\" class=\"flaggenrahmen\"\/><\/td>\n<td class=\"rechts hauptlink\"><a href=\"https:\/\/www.transfermarkt.de\/giovanni-reyna\/marktwertverlauf\/spieler\/504215\" rel=\"nofollow noopener\" target=\"_blank\">7,00 Mio. \u20ac<\/a><\/td>\n<\/tr>\n<tr class=\"odd\">\n<td class=\"zentriert rueckennummer bg_Abwehr\" title=\"Abwehr\">\n<p>26<\/p>\n<\/td>\n<td class=\"posrela\">\n<\/td>\n<td class=\"zentriert\">17.11.1997 (27)<\/td>\n<td class=\"zentriert\"><img decoding=\"async\" src=\"https:\/\/www.europesays.com\/de\/wp-content\/uploads\/2025\/07\/125.png\" title=\"Norwegen\" alt=\"Norwegen\" class=\"flaggenrahmen\"\/><br \/><img decoding=\"async\" src=\"https:\/\/www.europesays.com\/de\/wp-content\/uploads\/2025\/06\/184.png\" title=\"Vereinigte Staaten\" alt=\"Vereinigte Staaten\" class=\"flaggenrahmen\"\/><\/td>\n<td class=\"rechts hauptlink\"><a href=\"https:\/\/www.transfermarkt.de\/julian-ryerson\/marktwertverlauf\/spieler\/370789\" rel=\"nofollow noopener\" target=\"_blank\">20,00 Mio. \u20ac<\/a><\/td>\n<\/tr>\n<tr class=\"even\">\n<td class=\"zentriert rueckennummer bg_Mittelfeld\" title=\"Mittelfeld\">\n<p>20<\/p>\n<\/td>\n<td class=\"posrela\">\n<\/td>\n<td class=\"zentriert\">17.03.1994 (31)<\/td>\n<td class=\"zentriert\"><img decoding=\"async\" src=\"https:\/\/www.europesays.com\/de\/wp-content\/uploads\/2025\/06\/127.png\" title=\"\u00d6sterreich\" alt=\"\u00d6sterreich\" class=\"flaggenrahmen\"\/><\/td>\n<td class=\"rechts hauptlink\"><a href=\"https:\/\/www.transfermarkt.de\/marcel-sabitzer\/marktwertverlauf\/spieler\/106987\" rel=\"nofollow noopener\" target=\"_blank\">8,00 Mio. \u20ac<\/a><\/td>\n<\/tr>\n<tr class=\"odd\">\n<td class=\"zentriert rueckennummer bg_Abwehr\" title=\"Abwehr\">\n<p>4<\/p>\n<\/td>\n<td class=\"posrela\">\n<\/td>\n<td class=\"zentriert\">01.12.1999 (25)<\/td>\n<td class=\"zentriert\"><img decoding=\"async\" src=\"https:\/\/www.europesays.com\/de\/wp-content\/uploads\/2025\/06\/1750017269_71_40.png\" title=\"Deutschland\" alt=\"Deutschland\" class=\"flaggenrahmen\"\/><\/td>\n<td class=\"rechts hauptlink\"><a href=\"https:\/\/www.transfermarkt.de\/nico-schlotterbeck\/marktwertverlauf\/spieler\/388198\" rel=\"nofollow noopener\" target=\"_blank\">40,00 Mio. \u20ac<\/a><\/td>\n<\/tr>\n<tr class=\"even\">\n<td class=\"zentriert rueckennummer bg_Abwehr\" title=\"Abwehr\">\n<p>24<\/p>\n<\/td>\n<td class=\"posrela\"><a title=\"Neuzugang von: FC Nordsjaelland; Datum: 01.07.2025; Abl\u00f6se: 6,50 Mio. \u20ac\" href=\"https:\/\/www.transfermarkt.de\/fc-nordsjaelland\/startseite\/verein\/2778\/saison_id\/2025\" rel=\"nofollow noopener\" target=\"_blank\"><img decoding=\"async\" src=\"https:\/\/www.europesays.com\/de\/wp-content\/uploads\/2025\/07\/2778.png\" title=\"FC Nordsjaelland\" alt=\"FC Nordsjaelland\" class=\"\"\/><\/a><a title=\"Neuzugang von: FC Nordsjaelland; Datum: 01.07.2025; Abl\u00f6se: 6,50 Mio. \u20ac\" class=\"hide-for-small\" href=\"https:\/\/www.transfermarkt.de\/fc-nordsjaelland\/startseite\/verein\/2778\/saison_id\/2025\" rel=\"nofollow noopener\" target=\"_blank\"><img decoding=\"async\" src=\"https:\/\/www.europesays.com\/de\/wp-content\/uploads\/2025\/07\/zugang_beta_kader.png\" class=\"wechsel-symbol\" width=\"19px\" height=\"19px\"\/><\/a><\/p>\n<\/td>\n<td class=\"zentriert\">12.02.2002 (23)<\/td>\n<td class=\"zentriert\"><img decoding=\"async\" src=\"https:\/\/www.europesays.com\/de\/wp-content\/uploads\/2025\/06\/147.png\" title=\"Schweden\" alt=\"Schweden\" class=\"flaggenrahmen\"\/><\/td>\n<td class=\"rechts hauptlink\"><a href=\"https:\/\/www.transfermarkt.de\/daniel-svensson\/marktwertverlauf\/spieler\/579287\" rel=\"nofollow noopener\" target=\"_blank\">12,00 Mio. \u20ac<\/a><\/td>\n<\/tr>\n<tr class=\"odd\">\n<td class=\"zentriert rueckennummer bg_Abwehr\" title=\"Abwehr\">\n<p>25<\/p>\n<\/td>\n<td class=\"posrela\">\n<\/td>\n<td class=\"zentriert\">03.09.1995 (29)<\/td>\n<td class=\"zentriert\"><img decoding=\"async\" src=\"https:\/\/www.europesays.com\/de\/wp-content\/uploads\/2025\/06\/1750017269_71_40.png\" title=\"Deutschland\" alt=\"Deutschland\" class=\"flaggenrahmen\"\/><\/td>\n<td class=\"rechts hauptlink\"><a href=\"https:\/\/www.transfermarkt.de\/niklas-sule\/marktwertverlauf\/spieler\/166601\" rel=\"nofollow noopener\" target=\"_blank\">8,00 Mio. \u20ac<\/a><\/td>\n<\/tr>\n<tr class=\"even\">\n<td class=\"zentriert rueckennummer bg_Mittelfeld\" title=\"Mittelfeld\">\n<p>6<\/p>\n<\/td>\n<td class=\"posrela\">\n<\/td>\n<td class=\"zentriert\">11.01.1998 (27)<\/td>\n<td class=\"zentriert\"><img decoding=\"async\" src=\"https:\/\/www.europesays.com\/de\/wp-content\/uploads\/2025\/06\/174.png\" title=\"T\u00fcrkei\" alt=\"T\u00fcrkei\" class=\"flaggenrahmen\"\/><br \/><img decoding=\"async\" src=\"https:\/\/www.europesays.com\/de\/wp-content\/uploads\/2025\/06\/1750017269_71_40.png\" title=\"Deutschland\" alt=\"Deutschland\" class=\"flaggenrahmen\"\/><\/td>\n<td class=\"rechts hauptlink\"><a href=\"https:\/\/www.transfermarkt.de\/salih-ozcan\/marktwertverlauf\/spieler\/244940\" rel=\"nofollow noopener\" target=\"_blank\">4,00 Mio. \u20ac<\/a><\/td>\n<\/tr>\n<p>273147751037232-16139-4213933831-72620424256<\/p>\n<p>        <a title=\"Borussia Dortmund\" class=\"content-link\" href=\"https:\/\/www.transfermarkt.de\/borussia-dortmund\/kader\/verein\/16\/saison_id\/2025\" rel=\"nofollow noopener\" target=\"_blank\">Der Kader im Detail<\/a>    <\/p>\n<p>\n    Transfermarkt Videos  <\/p>\n<p>                WahreTabelle                <\/p>\n<tr>\n                    Bundesliga Saison&amp;nbsp2025<br \/>\n                    Platz<br \/>\n                    Tore<br \/>\n                    Pkt.<br \/>\n                <\/tr>\n<tr>\n<td> DFL-Tabelle-Platzierung<\/td>\n<td class=\"zentriert\">1<\/td>\n<td class=\"zentriert\">0:0<\/td>\n<td class=\"zentriert\">0<\/td>\n<\/tr>\n<tr>\n<td>WahreTabelle-Platzierung<\/td>\n<td class=\"zentriert\">1<\/td>\n<td class=\"zentriert\">0:0<\/td>\n<td class=\"zentriert\">0<\/td>\n<\/tr>\n<p>    <a class=\"content-link content-link--wt content-link--bordered-top\" href=\"https:\/\/www.transfermarkt.de\/wahretabelle\" onclick=\"tmEvent(&#039;vereinsprofil&#039;, &#039;click&#039;, &#039;wahretabelle&#039;)\" rel=\"nofollow noopener\" target=\"_blank\">Zu WahreTabelle<\/a><\/p>\n<p>        Transferbilanz     <\/p>\n<tr>\n<\/tr>\n<tr class=\"transfer-record__revenue\">\n<td class=\"transfer-record__text\">Einnahmen<\/td>\n<td class=\"zentriert test-class transfer-record__text\">8<\/td>\n<td class=\"transfer-record__total transfer-record__total--positive\">\n                    77,10 Mio. \u20ac                <\/td>\n<\/tr>\n<tr class=\"transfer-record__expenses\">\n<td class=\"transfer-record__text\">Ausgaben<\/td>\n<td class=\"zentriert transfer-record__text\">8<\/td>\n<td class=\"transfer-record__total transfer-record__total--negative\">\n                    57,25 Mio. \u20ac                <\/td>\n<\/tr>\n<tr>\n<td class=\"transfer-record__text transfer-record__text--bold\" colspan=\"2\">Gesamtbilanz<\/td>\n<td class=\"greentext rechts transfer-record__total\">\n                    +19,85 Mio. \u20ac                <\/td>\n<\/tr>\n<p>    <a title=\"Borussia Dortmund\" class=\"content-link\" href=\"https:\/\/www.transfermarkt.de\/borussia-dortmund\/transfers\/verein\/16\/saison_id\/2025\" rel=\"nofollow noopener\" target=\"_blank\">Alle Transfers<\/a><\/p>\n<p>    Daten &amp; Fakten<\/p>\n<p>                    Offizieller Vereinsname:<\/p>\n<p>                Borussia Dortmund<br \/>\n                                Anschrift:<\/p>\n<p>\n                Rheinlanddamm 207-209\n            <\/p>\n<p>                44137 Dortmund\n            <\/p>\n<p>                Deutschland\n            <\/p>\n<p>                                Tel:<br \/>\n            +49 231 9020-0<br \/>\n                                Fax:<br \/>\n            +49 231 9020-4105<br \/>\n                                Homepage:<br \/>\n            <a target=\"_blank\" rel=\"nofollow noopener\" href=\"https:\/\/www.bvb.de\">www.bvb.de<\/a><br \/>\n                                Gr\u00fcndung:<br \/>\n            19.12.1909<br \/>\n                                Mitglieder:<br \/>\n            218.493<\/p>\n<p>\n            Der Ballspielverein Borussia 09 e. V. Dortmund (kurz: Borussia Dortmund, BVB oder BVB 09) ist ein Verein aus Dortmund, dessen Fu\u00dfballsparte &#8222;als Hauptsportart die hervorragende Stellung innerhalb des Vereins&#8220; einnimmt. Borussia Dortmund ist im Herrenfu\u00dfball einer der erfolgreichsten Klubs Deutschlands: Neben acht Deutschen Meisterschaften und f\u00fcnf DFB-Pokalsiegen gewann der BVB 1966 den Europapokal der Pokalsieger (und damit als erster deutscher Verein \u00fcberhaupt einen Europapokal) und 1997 die Champions League, im selben Jahr wurde auch der Weltpokal errungen. Die erste Herrenmannschaft der Borussia spielt in der Fu\u00dfball-Bundesliga und belegt in deren Ewiger Tabelle den zweiten Platz. Die Zahl der Vereinsmitglieder bel\u00e4uft sich auf 218.000 (Stand: November 2024). Seit November 1999 sind die Lizenzspielerabteilung der Borussia sowie die zweite Mannschaft und die A-Jugend in die b\u00f6rsennotierte Borussia Dortmund GmbH und Co. KGaA ausgelagert.        <\/p>\n<p>            <a title=\"Borussia Dortmund\" class=\"content-link\" href=\"https:\/\/www.transfermarkt.de\/borussia-dortmund\/datenfakten\/verein\/16\" rel=\"nofollow noopener\" target=\"_blank\">Zum Vereinsportrait<\/a><\/p>\n<p class=\"fav-voting__question fav-voting__question--text-favorite\">\n                    In diesem Spiel <br \/>bist du f\u00fcr&#8230;                <\/p>\n<p>Widerruf Tracking<\/p>\n<p class=\"tm-modal__text\">Sie haben erfolgreich Ihre Einwilligung in die Nutzung von Transfermarkt mit Tracking und Cookies widerrufen. Sie k\u00f6nnen sich jetzt zwischen dem Contentpass-Abo und der Nutzung mit personalisierter Werbung, Cookies und Tracking entscheiden.<\/p>\n","protected":false},"excerpt":{"rendered":"Borussia Dortmund &#8211; Vereinsprofil | Transfermarkt News Transfers &amp; Ger\u00fcchte Marktwerte Wettbewerbe Statistiken Community Gaming Klub-WM Empfehlungen F\u00fcr&hellip;\n","protected":false},"author":2,"featured_media":8110,"comment_status":"","ping_status":"","sticky":false,"template":"","format":"standard","meta":{"footnotes":""},"categories":[1833],"tags":[888,3364,29,217,30,1209],"class_list":{"0":"post-261569","1":"post","2":"type-post","3":"status-publish","4":"format-standard","5":"has-post-thumbnail","7":"category-dortmund","8":"tag-borussia-dortmund","9":"tag-de","10":"tag-deutschland","11":"tag-dortmund","12":"tag-germany","13":"tag-nordrhein-westfalen"},"share_on_mastodon":{"url":"https:\/\/pubeurope.com\/@de\/114838298469553074","error":""},"_links":{"self":[{"href":"https:\/\/www.europesays.com\/de\/wp-json\/wp\/v2\/posts\/261569","targetHints":{"allow":["GET"]}}],"collection":[{"href":"https:\/\/www.europesays.com\/de\/wp-json\/wp\/v2\/posts"}],"about":[{"href":"https:\/\/www.europesays.com\/de\/wp-json\/wp\/v2\/types\/post"}],"author":[{"embeddable":true,"href":"https:\/\/www.europesays.com\/de\/wp-json\/wp\/v2\/users\/2"}],"replies":[{"embeddable":true,"href":"https:\/\/www.europesays.com\/de\/wp-json\/wp\/v2\/comments?post=261569"}],"version-history":[{"count":0,"href":"https:\/\/www.europesays.com\/de\/wp-json\/wp\/v2\/posts\/261569\/revisions"}],"wp:featuredmedia":[{"embeddable":true,"href":"https:\/\/www.europesays.com\/de\/wp-json\/wp\/v2\/media\/8110"}],"wp:attachment":[{"href":"https:\/\/www.europesays.com\/de\/wp-json\/wp\/v2\/media?parent=261569"}],"wp:term":[{"taxonomy":"category","embeddable":true,"href":"https:\/\/www.europesays.com\/de\/wp-json\/wp\/v2\/categories?post=261569"},{"taxonomy":"post_tag","embeddable":true,"href":"https:\/\/www.europesays.com\/de\/wp-json\/wp\/v2\/tags?post=261569"}],"curies":[{"name":"wp","href":"https:\/\/api.w.org\/{rel}","templated":true}]}}