{"id":261596,"date":"2025-07-12T04:22:09","date_gmt":"2025-07-12T04:22:09","guid":{"rendered":"https:\/\/www.europesays.com\/de\/261596\/"},"modified":"2025-07-12T04:22:09","modified_gmt":"2025-07-12T04:22:09","slug":"berlin-brandenburg-zehntausende-zu-party-demo-rave-the-planet-erwartet","status":"publish","type":"post","link":"https:\/\/www.europesays.com\/de\/261596\/","title":{"rendered":"Berlin &#038; Brandenburg: Zehntausende zu Party-Demo &#8222;Rave The Planet&#8220; erwartet"},"content":{"rendered":"<p>                    Berlin &amp; Brandenburg<br \/>\n                Zehntausende zu Party-Demo &#8222;Rave The Planet&#8220; erwartet<\/p>\n<p>\t\t\t\t              12.07.2025, 03:33 Uhr<\/p>\n<p><strong>Berlin wird erneut zum Anziehungspunkt f\u00fcr die Techno-Szene. Tausende Menschen feiern bei einer Party-Demo, die an die fr\u00fchere Loveparade erinnert. Die Veranstalter wollen auch ein Zeichen setzen.<\/strong><\/p>\n<p>Berlin (dpa\/bb) &#8211; Zur vierten Ausgabe der Techno-Parade &#8222;Rave the Planet&#8220; werden am Samstag (14.00 Uhr) wieder Zehntausende Menschen in Berlin erwartet. Die tanzende Menge soll sich im Tiergarten auf der Stra\u00dfe des 17. Juni zwischen dem Brandenburger Tor und Siegess\u00e4ule auf den Spuren der Love Parade von Dr. Motte bewegen. Laut Veranstalter sind 35 Wagen sowie rund 290 K\u00fcnstlerinnen und K\u00fcnstler dabei, mehr als 50 Reden sind geplant.<\/p>\n<p>Wie die legend\u00e4ren Berliner Techno-Paraden in den 1990er Jahren ist der Umzug als Demonstration angemeldet. Das Motto lautet &#8222;The Future is now&#8220; (Die Zukunft ist jetzt). Die Veranstalter wollen durch gemeinsames Handeln, Zusammenhalt und Haltung ein Zeichen gegen Hass und Spaltung setzen. &#8222;Unsere Kultur ist nicht nur laut, sie ist auch nachhaltig, inklusiv und verbindend&#8220;, sagte Dr. Motte, der mit b\u00fcrgerlichem Namen Matthias Roeingh hei\u00dft, im Vorfeld.<\/p>\n<p>Verkehrsteilnehmer m\u00fcssen sich auf Umleitungen und Staus einstellen. Von Freitagabend bis Sonntagmorgen sind zahlreiche Stra\u00dfen im Bereich des Tiergartens gesperrt. Der U- und S-Bahnhof Brandenburger Tor ist ab Samstagmittag gesperrt. Die Polizei wird das Techno-Spektakel, zu dem wie im Vorjahr rund 300.000 Menschen erwartet werden, nach eigenen Angaben mit etwa 1.000 Beamtinnen und Beamten begleiten.<\/p>\n","protected":false},"excerpt":{"rendered":"Berlin &amp; Brandenburg Zehntausende zu Party-Demo &#8222;Rave The Planet&#8220; erwartet 12.07.2025, 03:33 Uhr Berlin wird erneut zum Anziehungspunkt&hellip;\n","protected":false},"author":2,"featured_media":261597,"comment_status":"","ping_status":"","sticky":false,"template":"","format":"standard","meta":{"footnotes":""},"categories":[1816],"tags":[1960,1958,1959,1957,296,1956,1890,29,30,79335,53630,60180,22824,7906],"class_list":{"0":"post-261596","1":"post","2":"type-post","3":"status-publish","4":"format-standard","5":"has-post-thumbnail","7":"category-brandenburg","8":"tag-aktuelle-nachrichten-aus-berlin-und-brandenburg","9":"tag-aktuelle-nachrichten-aus-brandenburg","10":"tag-aktuelle-news-aus-berlin-und-brandenburg","11":"tag-aktuelle-news-aus-brandenburg","12":"tag-berlin","13":"tag-berlin-und-brandenburg","14":"tag-brandenburg","15":"tag-deutschland","16":"tag-germany","17":"tag-party-demo","18":"tag-planet","19":"tag-rave","20":"tag-the","21":"tag-zehntausende"},"share_on_mastodon":{"url":"https:\/\/pubeurope.com\/@de\/114838355557281554","error":""},"_links":{"self":[{"href":"https:\/\/www.europesays.com\/de\/wp-json\/wp\/v2\/posts\/261596","targetHints":{"allow":["GET"]}}],"collection":[{"href":"https:\/\/www.europesays.com\/de\/wp-json\/wp\/v2\/posts"}],"about":[{"href":"https:\/\/www.europesays.com\/de\/wp-json\/wp\/v2\/types\/post"}],"author":[{"embeddable":true,"href":"https:\/\/www.europesays.com\/de\/wp-json\/wp\/v2\/users\/2"}],"replies":[{"embeddable":true,"href":"https:\/\/www.europesays.com\/de\/wp-json\/wp\/v2\/comments?post=261596"}],"version-history":[{"count":0,"href":"https:\/\/www.europesays.com\/de\/wp-json\/wp\/v2\/posts\/261596\/revisions"}],"wp:featuredmedia":[{"embeddable":true,"href":"https:\/\/www.europesays.com\/de\/wp-json\/wp\/v2\/media\/261597"}],"wp:attachment":[{"href":"https:\/\/www.europesays.com\/de\/wp-json\/wp\/v2\/media?parent=261596"}],"wp:term":[{"taxonomy":"category","embeddable":true,"href":"https:\/\/www.europesays.com\/de\/wp-json\/wp\/v2\/categories?post=261596"},{"taxonomy":"post_tag","embeddable":true,"href":"https:\/\/www.europesays.com\/de\/wp-json\/wp\/v2\/tags?post=261596"}],"curies":[{"name":"wp","href":"https:\/\/api.w.org\/{rel}","templated":true}]}}