{"id":261642,"date":"2025-07-12T04:50:11","date_gmt":"2025-07-12T04:50:11","guid":{"rendered":"https:\/\/www.europesays.com\/de\/261642\/"},"modified":"2025-07-12T04:50:11","modified_gmt":"2025-07-12T04:50:11","slug":"so-teuer-kann-ein-fehlalarm-werden","status":"publish","type":"post","link":"https:\/\/www.europesays.com\/de\/261642\/","title":{"rendered":"So teuer kann ein Fehlalarm werden"},"content":{"rendered":"<p class=\"mb-6 text-xs md:text-m lg:text-l font-serif group-[.font-sans]:font-sans \">\n    Wenn die Augsburger Feuerwehr gerufen wird, geht es vergleichsweise selten um das, was in ihrem Namen steht: Feuer. Von den knapp 7300 Eins\u00e4tzen des vergangenen Jahres \u2013 rund 20 pro Tag \u2013 entfiel etwas mehr als die H\u00e4lfte auf technische Hilfeleistungen. Die Einsatzkr\u00e4fte beseitigten dabei etwa Sturmsch\u00e4den, befreiten Personen aus misslichen Lagen oder bargen Unfallfahrzeuge. Brandalarme machten insgesamt rund neun Prozent aller Eins\u00e4tze aus, Fehlalarme 13 Prozent. Jedes Mal, wenn die Feuerwehr in <a href=\"https:\/\/www.augsburger-allgemeine.de\/augsburg\/\" target=\"_self\" class=\"underline \" rel=\"nofollow noopener\">Augsburg<\/a> ausr\u00fcckt, kostet das Geld \u2013 manchmal auch Privatpersonen.\n  <\/p>\n<ul data-module-id=\"DragDropModule\" class=\"flex flex-wrap justify-start group-[.no-bookmarks]:hidden\">\n<li class=\"mb-3 mr-3\">\n    Max Kramer<\/p>\n<p>      Icon Haken im Kreis gesetzt<\/p>\n<p>      Icon Plus im Kreis<\/p>\n<\/li>\n<li class=\"mb-3 mr-3\">\n    Feuerwehr<\/p>\n<p>      Icon Haken im Kreis gesetzt<\/p>\n<p>      Icon Plus im Kreis<\/p>\n<\/li>\n<li class=\"mb-3 mr-3\">\n    Fehlalarm<\/p>\n<p>      Icon Haken im Kreis gesetzt<\/p>\n<p>      Icon Plus im Kreis<\/p>\n<\/li>\n<\/ul>\n","protected":false},"excerpt":{"rendered":"Wenn die Augsburger Feuerwehr gerufen wird, geht es vergleichsweise selten um das, was in ihrem Namen steht: Feuer.&hellip;\n","protected":false},"author":2,"featured_media":261643,"comment_status":"","ping_status":"","sticky":false,"template":"","format":"standard","meta":{"footnotes":""},"categories":[1846],"tags":[680,772,3364,29,548,663,3934,30,13,14,15,12],"class_list":{"0":"post-261642","1":"post","2":"type-post","3":"status-publish","4":"format-standard","5":"has-post-thumbnail","7":"category-augsburg","8":"tag-augsburg","9":"tag-bayern","10":"tag-de","11":"tag-deutschland","12":"tag-eu","13":"tag-europa","14":"tag-europe","15":"tag-germany","16":"tag-headlines","17":"tag-nachrichten","18":"tag-news","19":"tag-schlagzeilen"},"share_on_mastodon":{"url":"https:\/\/pubeurope.com\/@de\/114838465580511610","error":""},"_links":{"self":[{"href":"https:\/\/www.europesays.com\/de\/wp-json\/wp\/v2\/posts\/261642","targetHints":{"allow":["GET"]}}],"collection":[{"href":"https:\/\/www.europesays.com\/de\/wp-json\/wp\/v2\/posts"}],"about":[{"href":"https:\/\/www.europesays.com\/de\/wp-json\/wp\/v2\/types\/post"}],"author":[{"embeddable":true,"href":"https:\/\/www.europesays.com\/de\/wp-json\/wp\/v2\/users\/2"}],"replies":[{"embeddable":true,"href":"https:\/\/www.europesays.com\/de\/wp-json\/wp\/v2\/comments?post=261642"}],"version-history":[{"count":0,"href":"https:\/\/www.europesays.com\/de\/wp-json\/wp\/v2\/posts\/261642\/revisions"}],"wp:featuredmedia":[{"embeddable":true,"href":"https:\/\/www.europesays.com\/de\/wp-json\/wp\/v2\/media\/261643"}],"wp:attachment":[{"href":"https:\/\/www.europesays.com\/de\/wp-json\/wp\/v2\/media?parent=261642"}],"wp:term":[{"taxonomy":"category","embeddable":true,"href":"https:\/\/www.europesays.com\/de\/wp-json\/wp\/v2\/categories?post=261642"},{"taxonomy":"post_tag","embeddable":true,"href":"https:\/\/www.europesays.com\/de\/wp-json\/wp\/v2\/tags?post=261642"}],"curies":[{"name":"wp","href":"https:\/\/api.w.org\/{rel}","templated":true}]}}