{"id":261667,"date":"2025-07-12T05:04:10","date_gmt":"2025-07-12T05:04:10","guid":{"rendered":"https:\/\/www.europesays.com\/de\/261667\/"},"modified":"2025-07-12T05:04:10","modified_gmt":"2025-07-12T05:04:10","slug":"usa-verhaengen-neue-sanktionen-gegen-irans-schattenbanken","status":"publish","type":"post","link":"https:\/\/www.europesays.com\/de\/261667\/","title":{"rendered":"USA verh\u00e4ngen neue Sanktionen gegen Irans Schattenbanken"},"content":{"rendered":"<p>Das US-Finanzministerium hat zweiundzwanzig Unternehmen benannt, die Hunderte Millionen Dollar zur Finanzierung des iranischen Atomprogramms bereitgestellt haben sollen.\u00a0<\/p>\n<p>Das amerikanische Finanzministerium\u00a0<a href=\"https:\/\/www.jns.org\/trump-admin-slaps-new-sanctions-on-irans-shadow-banking-network\/\" target=\"_blank\" rel=\"noopener nofollow\">gab am Mittwoch die<\/a>\u00a0Verh\u00e4ngung\u00a0neuer Sanktionen gegen das iranische sogenannte Schattenbankensystem bekannt, ein Netzwerk von Unternehmen, das den\u00a0<a href=\"https:\/\/www.mena-watch.com\/?s=iran+erd%C3%B6l\" rel=\"nofollow noopener\" target=\"_blank\">Verkauf von iranischem \u00d6l<\/a>\u00a0und die Finanzierung der Islamischen Revolutionsgarde unterst\u00fctzt.<\/p>\n<p>\u00bbDas iranische Regime ist stark auf sein Schattenbankensystem angewiesen, um seine destabilisierenden Atom- und Raketenprogramme zu finanzieren, anstatt sich f\u00fcr das Wohl der Bev\u00f6lkerung einzusetzen\u00ab, betonte Staatssekret\u00e4r Scott Bessent. \u00bbDas Finanzministerium konzentriert sich weiterhin darauf, diese undurchsichtige Infrastruktur zu zerschlagen, die es dem Iran erm\u00f6glicht, die Vereinigten Staaten und unsere Verb\u00fcndeten in der Region zu bedrohen.\u00ab<\/p>\n<p>Zahlreiche Betroffene<\/p>\n<p>Das Ministerium benannte zweiundzwanzig Unternehmen in Hongkong, den Vereinigten Arabischen Emiraten und der T\u00fcrkei, die Hunderte Millionen Dollar zur Finanzierung des iranischen Atomprogramms und des ausl\u00e4ndischen Terrorismus unter Versto\u00df gegen bestehende US-Sanktionen weitergeleitet haben sollen.<\/p>\n<p>Einer der neu sanktionierten Konzerne, der in der T\u00fcrkei ans\u00e4ssige Pulcular Enerji, kaufte in Abstimmung mit einer von der libanesischen Terrororganisation Hisbollah kontrollierten \u00d6lhandelsgesellschaft iranische \u00d6llieferungen im Wert von mehreren hundert Millionen Dollar, wobei Bargeldtransfers von in Hongkong ans\u00e4ssigen Scheinfirmen und auch Geldkurieren get\u00e4tigt wurden.<\/p>\n<p>\u00bbRaffinerien, die iranisches \u00d6l kaufen, \u00fcberweisen Zahlungen an diese Scheinfirmen, die dann die Gelder auf andere Scheinfirmenkonten weiterleiten, die ebenfalls von der Quds-Truppe der Iranischen Revolutionsgarde kontrolliert werden\u00ab, erkl\u00e4rte das US-Ministerium Teherans Vorgehen. \u00bbDer Iran verwendet diese Einnahmen zur Finanzierung seiner Waffenprogramme und zur Unterst\u00fctzung seiner terroristischen Stellvertreter und Partner im gesamten Nahen Osten.\u00ab<\/p>\n","protected":false},"excerpt":{"rendered":"Das US-Finanzministerium hat zweiundzwanzig Unternehmen benannt, die Hunderte Millionen Dollar zur Finanzierung des iranischen Atomprogramms bereitgestellt haben sollen.\u00a0&hellip;\n","protected":false},"author":2,"featured_media":261668,"comment_status":"","ping_status":"","sticky":false,"template":"","format":"standard","meta":{"footnotes":""},"categories":[3977],"tags":[331,332,13,14,15,12,4017,4018,4016,64,4019,4020],"class_list":{"0":"post-261667","1":"post","2":"type-post","3":"status-publish","4":"format-standard","5":"has-post-thumbnail","7":"category-usa","8":"tag-aktuelle-nachrichten","9":"tag-aktuelle-news","10":"tag-headlines","11":"tag-nachrichten","12":"tag-news","13":"tag-schlagzeilen","14":"tag-united-states","15":"tag-united-states-of-america","16":"tag-us","17":"tag-usa","18":"tag-vereinigte-staaten","19":"tag-vereinigte-staaten-von-amerika"},"share_on_mastodon":{"url":"https:\/\/pubeurope.com\/@de\/114838520627565271","error":""},"_links":{"self":[{"href":"https:\/\/www.europesays.com\/de\/wp-json\/wp\/v2\/posts\/261667","targetHints":{"allow":["GET"]}}],"collection":[{"href":"https:\/\/www.europesays.com\/de\/wp-json\/wp\/v2\/posts"}],"about":[{"href":"https:\/\/www.europesays.com\/de\/wp-json\/wp\/v2\/types\/post"}],"author":[{"embeddable":true,"href":"https:\/\/www.europesays.com\/de\/wp-json\/wp\/v2\/users\/2"}],"replies":[{"embeddable":true,"href":"https:\/\/www.europesays.com\/de\/wp-json\/wp\/v2\/comments?post=261667"}],"version-history":[{"count":0,"href":"https:\/\/www.europesays.com\/de\/wp-json\/wp\/v2\/posts\/261667\/revisions"}],"wp:featuredmedia":[{"embeddable":true,"href":"https:\/\/www.europesays.com\/de\/wp-json\/wp\/v2\/media\/261668"}],"wp:attachment":[{"href":"https:\/\/www.europesays.com\/de\/wp-json\/wp\/v2\/media?parent=261667"}],"wp:term":[{"taxonomy":"category","embeddable":true,"href":"https:\/\/www.europesays.com\/de\/wp-json\/wp\/v2\/categories?post=261667"},{"taxonomy":"post_tag","embeddable":true,"href":"https:\/\/www.europesays.com\/de\/wp-json\/wp\/v2\/tags?post=261667"}],"curies":[{"name":"wp","href":"https:\/\/api.w.org\/{rel}","templated":true}]}}