{"id":261708,"date":"2025-07-12T05:26:13","date_gmt":"2025-07-12T05:26:13","guid":{"rendered":"https:\/\/www.europesays.com\/de\/261708\/"},"modified":"2025-07-12T05:26:13","modified_gmt":"2025-07-12T05:26:13","slug":"britische-armee-zog-aus-dortmund-ab-richard-healy-blieb","status":"publish","type":"post","link":"https:\/\/www.europesays.com\/de\/261708\/","title":{"rendered":"Britische Armee zog aus Dortmund ab: Richard Healy blieb"},"content":{"rendered":"<p>\t\tVor 30 Jahren zog die britische Armee aus Dortmund ab<br \/>\n\t\t\t\t\tWarum Richard Healy damals geblieben ist<\/p>\n<p>\t\t<img alt=\"\" src=\"https:\/\/www.europesays.com\/de\/wp-content\/uploads\/2025\/04\/630_0036_545516_.jpg\"  class=\"avatar avatar-36 photo avatar-default\" height=\"36\" width=\"36\" loading=\"lazy\" decoding=\"async\"\/>\t\t<a class=\"article-author__name\" href=\"https:\/\/www.ruhrnachrichten.de\/author\/lukas-wittland\/\" rel=\"author nofollow noopener\" target=\"_blank\">Lukas Wittland<\/a><br \/>\n\t\tRedakteur<\/p>\n<p>    <a href=\"https:\/\/www.ruhrnachrichten.de\/wp-content\/uploads\/2025\/07\/11\/15\/630_0900_4867591_Rick_Healey004-1648x824.jpg\" rel=\"nofollow noopener\" target=\"_blank\"><\/p>\n<p>            <img decoding=\"async\" fetchpriority=\"high\" src=\"https:\/\/www.europesays.com\/de\/wp-content\/uploads\/2025\/07\/630_0900_4867590_Rick_Healey004-640x428.jpg\" width=\"640\" height=\"428\"  alt=\"Rick Healy h\u00e4lt eine Tafel seines fr\u00fcheren Regiments in die Kamera. Neun Jahre lang war der ehemalige britische Soldat, der heute in Fr\u00f6ndenberg lebt, in Dortmund stationiert.\"\/><\/p>\n<p>    <\/a><br \/>\n    Rick Healy h\u00e4lt eine Tafel seines fr\u00fcheren Regiments in die Kamera. Neun Jahre lang war der ehemalige britische Soldat, der heute in Fr\u00f6ndenberg lebt, in Dortmund stationiert. \u00a9 Udo Hennes<\/p>\n<p class=\"article__teaser-text\">Mehrere Jahrzehnte lang waren britische Soldaten im Ruhrgebiet stationiert. In Dortmund waren es tausende. Richard Healy war einer von ihnen \u2013 und blieb.<\/p>\n<p>5 Min Lesezeit<\/p>\n<p>Mit 18 Jahren nach DeutschlandSchicksalhafter KneipenbesuchSpionage-KommunikationErinnerungen an Kalten Krieg\u201eDortmund war nicht ohne\u201c<\/p>\n","protected":false},"excerpt":{"rendered":"Vor 30 Jahren zog die britische Armee aus Dortmund ab Warum Richard Healy damals geblieben ist Lukas Wittland&hellip;\n","protected":false},"author":2,"featured_media":261709,"comment_status":"","ping_status":"","sticky":false,"template":"","format":"standard","meta":{"footnotes":""},"categories":[1833],"tags":[3364,29,217,30,497,1209,79346],"class_list":{"0":"post-261708","1":"post","2":"type-post","3":"status-publish","4":"format-standard","5":"has-post-thumbnail","7":"category-dortmund","8":"tag-de","9":"tag-deutschland","10":"tag-dortmund","11":"tag-germany","12":"tag-historisches","13":"tag-nordrhein-westfalen","14":"tag-rheinarmee"},"share_on_mastodon":{"url":"https:\/\/pubeurope.com\/@de\/114838607287099550","error":""},"_links":{"self":[{"href":"https:\/\/www.europesays.com\/de\/wp-json\/wp\/v2\/posts\/261708","targetHints":{"allow":["GET"]}}],"collection":[{"href":"https:\/\/www.europesays.com\/de\/wp-json\/wp\/v2\/posts"}],"about":[{"href":"https:\/\/www.europesays.com\/de\/wp-json\/wp\/v2\/types\/post"}],"author":[{"embeddable":true,"href":"https:\/\/www.europesays.com\/de\/wp-json\/wp\/v2\/users\/2"}],"replies":[{"embeddable":true,"href":"https:\/\/www.europesays.com\/de\/wp-json\/wp\/v2\/comments?post=261708"}],"version-history":[{"count":0,"href":"https:\/\/www.europesays.com\/de\/wp-json\/wp\/v2\/posts\/261708\/revisions"}],"wp:featuredmedia":[{"embeddable":true,"href":"https:\/\/www.europesays.com\/de\/wp-json\/wp\/v2\/media\/261709"}],"wp:attachment":[{"href":"https:\/\/www.europesays.com\/de\/wp-json\/wp\/v2\/media?parent=261708"}],"wp:term":[{"taxonomy":"category","embeddable":true,"href":"https:\/\/www.europesays.com\/de\/wp-json\/wp\/v2\/categories?post=261708"},{"taxonomy":"post_tag","embeddable":true,"href":"https:\/\/www.europesays.com\/de\/wp-json\/wp\/v2\/tags?post=261708"}],"curies":[{"name":"wp","href":"https:\/\/api.w.org\/{rel}","templated":true}]}}