{"id":261710,"date":"2025-07-12T05:27:25","date_gmt":"2025-07-12T05:27:25","guid":{"rendered":"https:\/\/www.europesays.com\/de\/261710\/"},"modified":"2025-07-12T05:27:25","modified_gmt":"2025-07-12T05:27:25","slug":"dortmunder-brandmauer-streit-afd-auszugrenzen-bisher-gescheitert","status":"publish","type":"post","link":"https:\/\/www.europesays.com\/de\/261710\/","title":{"rendered":"Dortmunder Brandmauer-Streit: AfD auszugrenzen bisher \u201egescheitert\u201c"},"content":{"rendered":"<p>\t\tExperte zu Dortmunder \u201eBrandmauer\u201c-Streit<br \/>\n\t\t\t\t\t\u201eAlle Versuche, AfD auszugrenzen, sind bisher gescheitert\u201c<\/p>\n<p>\t\t<img alt=\"\" src=\"https:\/\/www.europesays.com\/de\/wp-content\/uploads\/2025\/04\/630_0036_569218_.jpg\"  class=\"avatar avatar-36 photo avatar-default\" height=\"36\" width=\"36\" loading=\"lazy\" decoding=\"async\"\/>\t\t<a class=\"article-author__name\" href=\"https:\/\/www.ruhrnachrichten.de\/author\/jens-ostrowski\/\" rel=\"author noopener\" target=\"_blank\">Jens Ostrowski<\/a><br \/>\n\t\tChefredakteur<\/p>\n<p>    <a href=\"https:\/\/www.ruhrnachrichten.de\/wp-content\/uploads\/2025\/07\/10\/15\/630_0900_4865537_Optik_Stadtrat_Patzelt_1_-1648x824.jpg\" target=\"_blank\" rel=\"noopener\"><\/p>\n<p>            <img loading=\"lazy\" decoding=\"async\" src=\"https:\/\/www.europesays.com\/de\/wp-content\/uploads\/2025\/07\/630_0900_4865536_Optik_Stadtrat_Patzelt_1_-640x428.jpg\" width=\"640\" height=\"428\"  alt=\"Brandmauer AfD Dortmund\"\/><\/p>\n<p>    <\/a><br \/>\n    Prof. Werner Patzelt h\u00e4lt den Dortmunder \u201eBrandmauer\u201c-Beschluss f\u00fcr eine problematische Form der Ausgrenzung. \u00a9 Picture Alliance<\/p>\n<p class=\"article__teaser-text\">Politikwissenschaftler Prof. Werner Patzelt ist bekannt f\u00fcr seine Forschung zu Parlamentarismus, Populismus und politischer Kultur. Zum Dortmunder Brandmauer-Beschluss hat er eine klare Meinung.<\/p>\n<p>6 Min Lesezeit<\/p>\n<p>Herr Professor Patzelt, ist der \u201eBrandmauerbeschluss\u201c in Dortmund ein legitimes politisches Signal oder eine problematische Form der Ausgrenzung?Wie beeinflussen solche Beschl\u00fcsse die politische Kultur und den gesellschaftlichen Zusammenhalt in Dortmund?St\u00e4rken solche Ma\u00dfnahmen die AfD und ihre Anh\u00e4nger eher, als sie zu schw\u00e4chen?Sie raten, mit \u201evern\u00fcnftigen\u201c AfD-Mitgliedern in den Dialog zu treten. Wie kann eine konstruktive Auseinandersetzung gelingen, ohne demokratische Grundwerte zu gef\u00e4hrden?Wie sollte ein Dialog mit der AfD in Dortmund aussehen, wenn f\u00fchrende Mitglieder sich offen zu Matthias Helferich bekennen?Ist der Ausschluss von Matthias Helferich durch die NRW-AfD ein echter Richtungswechsel oder nur Symbolpolitik?Wie bewerten Sie die juristische Argumentation der Bezirksregierung Arnsberg, wonach der Dortmunder Ratsbeschluss das Statusrecht der AfD verletzt?Wie beurteilen Sie das Verhalten des Dortmunder Oberb\u00fcrgermeisters, der der Weisung der Bezirksregierung nicht folgt?Gilt Ihre Kritik am Umgang der \u201eAltparteien\u201c mit der AfD auch f\u00fcr die Kommunalpolitik?Welche Lehren ziehen Sie aus Ihren Forschungen zu Populismus und Ausgrenzung f\u00fcr die aktuelle Situation in Dortmund? Was empfehlen Sie f\u00fcr das weitere Vorgehen?<\/p>\n","protected":false},"excerpt":{"rendered":"Experte zu Dortmunder \u201eBrandmauer\u201c-Streit \u201eAlle Versuche, AfD auszugrenzen, sind bisher gescheitert\u201c Jens Ostrowski Chefredakteur Prof. Werner Patzelt h\u00e4lt&hellip;\n","protected":false},"author":2,"featured_media":261711,"comment_status":"","ping_status":"","sticky":false,"template":"","format":"standard","meta":{"footnotes":""},"categories":[1833],"tags":[3364,29,217,30,3648,1209,1108],"class_list":{"0":"post-261710","1":"post","2":"type-post","3":"status-publish","4":"format-standard","5":"has-post-thumbnail","7":"category-dortmund","8":"tag-de","9":"tag-deutschland","10":"tag-dortmund","11":"tag-germany","12":"tag-lokalpolitik","13":"tag-nordrhein-westfalen","14":"tag-stadtrat"},"share_on_mastodon":{"url":"https:\/\/pubeurope.com\/@de\/114838611204427143","error":""},"_links":{"self":[{"href":"https:\/\/www.europesays.com\/de\/wp-json\/wp\/v2\/posts\/261710","targetHints":{"allow":["GET"]}}],"collection":[{"href":"https:\/\/www.europesays.com\/de\/wp-json\/wp\/v2\/posts"}],"about":[{"href":"https:\/\/www.europesays.com\/de\/wp-json\/wp\/v2\/types\/post"}],"author":[{"embeddable":true,"href":"https:\/\/www.europesays.com\/de\/wp-json\/wp\/v2\/users\/2"}],"replies":[{"embeddable":true,"href":"https:\/\/www.europesays.com\/de\/wp-json\/wp\/v2\/comments?post=261710"}],"version-history":[{"count":0,"href":"https:\/\/www.europesays.com\/de\/wp-json\/wp\/v2\/posts\/261710\/revisions"}],"wp:featuredmedia":[{"embeddable":true,"href":"https:\/\/www.europesays.com\/de\/wp-json\/wp\/v2\/media\/261711"}],"wp:attachment":[{"href":"https:\/\/www.europesays.com\/de\/wp-json\/wp\/v2\/media?parent=261710"}],"wp:term":[{"taxonomy":"category","embeddable":true,"href":"https:\/\/www.europesays.com\/de\/wp-json\/wp\/v2\/categories?post=261710"},{"taxonomy":"post_tag","embeddable":true,"href":"https:\/\/www.europesays.com\/de\/wp-json\/wp\/v2\/tags?post=261710"}],"curies":[{"name":"wp","href":"https:\/\/api.w.org\/{rel}","templated":true}]}}