{"id":261715,"date":"2025-07-12T05:30:23","date_gmt":"2025-07-12T05:30:23","guid":{"rendered":"https:\/\/www.europesays.com\/de\/261715\/"},"modified":"2025-07-12T05:30:23","modified_gmt":"2025-07-12T05:30:23","slug":"gute-chancen-fuer-einen-buergerentscheid-zur-oper","status":"publish","type":"post","link":"https:\/\/www.europesays.com\/de\/261715\/","title":{"rendered":"Gute Chancen f\u00fcr einen B\u00fcrgerentscheid zur Oper"},"content":{"rendered":"<p class=\"text_ohne_einzug richtext text-em-55 !leading-serif mx-6 desktop:mx-0\">Sollten die D\u00fcsseldorfer dar\u00fcber abstimmen und damit entscheiden, ob in D\u00fcsseldorf eine neue Oper gebaut werden soll? Diese Frage besch\u00e4ftigte den Stadtrat am Donnerstagabend. W\u00e4hrend seine Entscheidung am Ende keine \u00dcberraschung war, f\u00f6rderte doch die Debatte eine neue Erkenntnis zutage. Denn sie zeigte: Viele Fraktionen zeigen sich grunds\u00e4tzlich offen f\u00fcr einen B\u00fcrgerentscheid.<\/p>\n","protected":false},"excerpt":{"rendered":"Sollten die D\u00fcsseldorfer dar\u00fcber abstimmen und damit entscheiden, ob in D\u00fcsseldorf eine neue Oper gebaut werden soll? Diese&hellip;\n","protected":false},"author":2,"featured_media":240691,"comment_status":"","ping_status":"","sticky":false,"template":"","format":"standard","meta":{"footnotes":""},"categories":[1831],"tags":[3039,3364,29,3405,30,1209,1108,44050],"class_list":{"0":"post-261715","1":"post","2":"type-post","3":"status-publish","4":"format-standard","5":"has-post-thumbnail","7":"category-duesseldorf","8":"tag-buergerentscheid","9":"tag-de","10":"tag-deutschland","11":"tag-duesseldorf","12":"tag-germany","13":"tag-nordrhein-westfalen","14":"tag-stadtrat","15":"tag-ueberraschung"},"share_on_mastodon":{"url":"https:\/\/pubeurope.com\/@de\/114838622883513477","error":""},"_links":{"self":[{"href":"https:\/\/www.europesays.com\/de\/wp-json\/wp\/v2\/posts\/261715","targetHints":{"allow":["GET"]}}],"collection":[{"href":"https:\/\/www.europesays.com\/de\/wp-json\/wp\/v2\/posts"}],"about":[{"href":"https:\/\/www.europesays.com\/de\/wp-json\/wp\/v2\/types\/post"}],"author":[{"embeddable":true,"href":"https:\/\/www.europesays.com\/de\/wp-json\/wp\/v2\/users\/2"}],"replies":[{"embeddable":true,"href":"https:\/\/www.europesays.com\/de\/wp-json\/wp\/v2\/comments?post=261715"}],"version-history":[{"count":0,"href":"https:\/\/www.europesays.com\/de\/wp-json\/wp\/v2\/posts\/261715\/revisions"}],"wp:featuredmedia":[{"embeddable":true,"href":"https:\/\/www.europesays.com\/de\/wp-json\/wp\/v2\/media\/240691"}],"wp:attachment":[{"href":"https:\/\/www.europesays.com\/de\/wp-json\/wp\/v2\/media?parent=261715"}],"wp:term":[{"taxonomy":"category","embeddable":true,"href":"https:\/\/www.europesays.com\/de\/wp-json\/wp\/v2\/categories?post=261715"},{"taxonomy":"post_tag","embeddable":true,"href":"https:\/\/www.europesays.com\/de\/wp-json\/wp\/v2\/tags?post=261715"}],"curies":[{"name":"wp","href":"https:\/\/api.w.org\/{rel}","templated":true}]}}