{"id":261720,"date":"2025-07-12T05:33:14","date_gmt":"2025-07-12T05:33:14","guid":{"rendered":"https:\/\/www.europesays.com\/de\/261720\/"},"modified":"2025-07-12T05:33:14","modified_gmt":"2025-07-12T05:33:14","slug":"bruun-larsen-verlaesst-stuttgart-rueckkehr-nach-burnley-2","status":"publish","type":"post","link":"https:\/\/www.europesays.com\/de\/261720\/","title":{"rendered":"Bruun Larsen verl\u00e4sst Stuttgart \u2013 R\u00fcckkehr nach Burnley"},"content":{"rendered":"<p>\n                                        Jacob Bruun Larsen und der VfB Stuttgart gehen erneut getrennte Wege. Der flexible Offensivspieler schlie\u00dft sich mit Beginn der neuen Saison dem englischen Klub Burnley FC an \u2013 und verl\u00e4sst die Schwaben damit nach nur einem halben Jahr wieder. <\/p>\n<p>\n<br \/>Wie Sky berichtet, zahlt der Premier-League-Aufsteiger rund 4 Millionen Euro Abl\u00f6se. Im Winter war der 26-J\u00e4hrige noch f\u00fcr 1,7 Millionen Euro von der TSG Hoffenheim gekommen. Der Wechsel bedeutet somit vor allem wirtschaftlich ein gutes Gesch\u00e4ft f\u00fcr den VfB, obwohl Bruun Larsen in der R\u00fcckrunde nur bedingt zum Zug kam. In 24 Pflichtspielen kam er meist von der Bank, lediglich viermal stand er in der Startelf.                                <\/p>\n<p>                                                                Stuttgart erf\u00fcllt Wechselwunsch des Spielers<\/p>\n<p class=\"pt-md\">\u201eJacob wurde nach seinem Wechsel im Januar auf Anhieb zu einem wichtigen Faktor f\u00fcr unsere Mannschaft. In bester Erinnerung ist uns allen sein Treffer beim Heimsieg in der Bundesliga gegen RB Leipzig\u201c, sagte VfB-Sportvorstand Fabian Wohlgemuth. \u201eMit der M\u00f6glichkeit, in die Premier League zu wechseln, hat sich Jacob nun eine neue Perspektive er\u00f6ffnet, so dass er mit dem Wunsch nach einer Ver\u00e4nderung auf uns zugekommen ist. Wir haben dem Transfer zugestimmt, weil die entsprechenden Rahmenbedingungen erf\u00fcllt wurden.\u201c<\/p>\n<p>F\u00fcr Bruun Larsen ist es bereits die zweite Station in Burnley: In der Saison 2023\/24 war er bereits auf Leihbasis f\u00fcr den englischen Klub aktiv. Auch der VfB war ihm nicht fremd: Schon in der Saison 2017\/18 spielte er als Leihspieler aus Dortmund f\u00fcr die Schwaben. Nun folgt nach dem Pokalsieg ein erneuter Schritt ins Ausland \u2013 verbunden mit dem Wunsch nach mehr Spielzeit.<\/p>\n<p><b>Zur Erstmeldung vom 11. Juli 2025:<\/b><\/p>\n<p>Bruun Larsen zieht es zur\u00fcck nach England<\/p>\n<p class=\"pt-md\">Jacob Bruun Larsen wechselt von Bundesliga-Klub VfB Stuttgart zum englischen Premier-League-Aufsteiger Burnley FC. Wie Journalist Dharmesh Sheth (u. a. Sky UK) berichtet, haben sich beide Vereine auf einen Transfer des d\u00e4nischen Offensivspielers geeinigt. Die H\u00f6he der Abl\u00f6sesumme ist dem Sender nicht bekannt.<\/p>\n<p>Der 26-J\u00e4hrige, der beim VfB noch bis 2027 unter Vertrag steht, unterschreibe einen langfristigen Vertrag bei den Clarets: Die Rede ist von einem Vierjahreskontrakt.<\/p>\n<p>Bruun Larsen r\u00fcckte nach einem vielversprechenden Start in Stuttgart zu Beginn des Jahres zunehmend ins zweite Glied und wurde nur noch als Einwechselspieler eingesetzt. F\u00fcr ihn ist Burnley kein Neuland: Der d\u00e4nische Nationalspieler war bereits in der Spielzeit 2023\/24 ausgeliehen. Nun folgt offenbar der dauerhafte Schritt zur\u00fcck auf die Insel.<\/p>\n<p><\/p>\n<p>LIGAINSIDER-DURCHSCHNITTSNOTE in den letzten VIER Jahren<\/p>\n","protected":false},"excerpt":{"rendered":"Jacob Bruun Larsen und der VfB Stuttgart gehen erneut getrennte Wege. Der flexible Offensivspieler schlie\u00dft sich mit Beginn&hellip;\n","protected":false},"author":2,"featured_media":261157,"comment_status":"","ping_status":"","sticky":false,"template":"","format":"standard","meta":{"footnotes":""},"categories":[1830],"tags":[4808,31078,1634,2217,3364,29,347,30,79275,5420,15,5422,265,924,1441,1288,2627,5421],"class_list":{"0":"post-261720","1":"post","2":"type-post","3":"status-publish","4":"format-standard","5":"has-post-thumbnail","7":"category-stuttgart","8":"tag-1-bundesliga","9":"tag-2025-26","10":"tag-baden-wuerttemberg","11":"tag-bilanz","12":"tag-de","13":"tag-deutschland","14":"tag-fussball","15":"tag-germany","16":"tag-jacob-bruun-larsen","17":"tag-linke-aussenbahn","18":"tag-news","19":"tag-quote","20":"tag-sport","21":"tag-statistik","22":"tag-stuttgart","23":"tag-transfers","24":"tag-verletzungen","25":"tag-wechsel"},"share_on_mastodon":{"url":"https:\/\/pubeurope.com\/@de\/114838634753858899","error":""},"_links":{"self":[{"href":"https:\/\/www.europesays.com\/de\/wp-json\/wp\/v2\/posts\/261720","targetHints":{"allow":["GET"]}}],"collection":[{"href":"https:\/\/www.europesays.com\/de\/wp-json\/wp\/v2\/posts"}],"about":[{"href":"https:\/\/www.europesays.com\/de\/wp-json\/wp\/v2\/types\/post"}],"author":[{"embeddable":true,"href":"https:\/\/www.europesays.com\/de\/wp-json\/wp\/v2\/users\/2"}],"replies":[{"embeddable":true,"href":"https:\/\/www.europesays.com\/de\/wp-json\/wp\/v2\/comments?post=261720"}],"version-history":[{"count":0,"href":"https:\/\/www.europesays.com\/de\/wp-json\/wp\/v2\/posts\/261720\/revisions"}],"wp:featuredmedia":[{"embeddable":true,"href":"https:\/\/www.europesays.com\/de\/wp-json\/wp\/v2\/media\/261157"}],"wp:attachment":[{"href":"https:\/\/www.europesays.com\/de\/wp-json\/wp\/v2\/media?parent=261720"}],"wp:term":[{"taxonomy":"category","embeddable":true,"href":"https:\/\/www.europesays.com\/de\/wp-json\/wp\/v2\/categories?post=261720"},{"taxonomy":"post_tag","embeddable":true,"href":"https:\/\/www.europesays.com\/de\/wp-json\/wp\/v2\/tags?post=261720"}],"curies":[{"name":"wp","href":"https:\/\/api.w.org\/{rel}","templated":true}]}}