{"id":261761,"date":"2025-07-12T05:58:17","date_gmt":"2025-07-12T05:58:17","guid":{"rendered":"https:\/\/www.europesays.com\/de\/261761\/"},"modified":"2025-07-12T05:58:17","modified_gmt":"2025-07-12T05:58:17","slug":"intel-amd-cpu-geruechte-nova-lake-tape-out-erfolgt-zen-6-angeblich-bei-partnern","status":"publish","type":"post","link":"https:\/\/www.europesays.com\/de\/261761\/","title":{"rendered":"Intel-AMD-CPU-Ger\u00fcchte: Nova-Lake-Tape-out erfolgt, Zen 6 angeblich bei Partnern"},"content":{"rendered":"<p>\t\t\t\t\t<img fetchpriority=\"high\" decoding=\"sync\" src=\"https:\/\/www.europesays.com\/de\/wp-content\/uploads\/2025\/07\/article-1280x720.4ca37b3e.jpg\"   width=\"640\" height=\"360\" alt=\"Intel-AMD-CPU-Ger\u00fcchte: Nova-Lake-Tape-out erfolgt, Zen 6 angeblich bei Partnern\" class=\"figure-img\"\/><\/p>\n<p>\t\t\t\t\tBild: AMD<\/p>\n<p class=\"text-p text-width\">Die Next-Gen-Prozessoren von Intel, Codename <a href=\"https:\/\/www.computerbase.de\/news\/intel-nova-lake\/\" rel=\"nofollow noopener\" target=\"_blank\">Nova Lake<\/a> f\u00fcr Core Ultra 400, und AMD, die Zen-6-Architektur f\u00fcr Ryzen und Epyc, haben Ger\u00fcchten zufolge weitere Meilensteine genommen, um noch 2026 in den Handel zu kommen. Hinter das neueste Ger\u00fccht zu AMD Zen 6 sollte aber ein Fragezeichen gesetzt werden.<\/p>\n<p>\t\t\t\tZen 6 schreitet voran<\/p>\n<p class=\"text-p text-width\"><a href=\"https:\/\/www.computerbase.de\/news\/prozessoren\/epyc-prozessoren-amd-schliesst-tape-out-von-venice-in-tsmc-n2-erfolgreich-ab.92198\/\" title=\"Epyc-Prozessoren: AMD schlie\u00dft Tape-out von Venice in TSMC N2 erfolgreich ab\" rel=\"nofollow noopener\" target=\"_blank\">AMD zelebrierte im April das Tape-out von Zen 6 als AMD Epyc Venice bei TSMC in einem modernen N2-Prozess<\/a>. Auf solch ein Tape-out folgen viele interne Tests, Partner erhalten zun\u00e4chst Zugang zu den Testdaten und sind zum Teil in AMDs Laboren involviert. Ab einem gewissen Punkt erhalten Partner dann auch eigene Produkte zum Testen und Qualifizieren. Laut <a href=\"https:\/\/wccftech.com\/amd-ryzen-zen-6-cpu-samples-distributed-architecture-evolution-more-cores-per-ccd-new-dual-imc-design\/\" target=\"_blank\" class=\"external-link\" rel=\"nofollow noopener\">Wccftech<\/a> soll dieser Punkt bereits erreicht worden sein. Der zeitliche Versatz zum Tape-out w\u00e4re damit sehr klein gewesen.<\/p>\n<p class=\"text-p text-width\">Die Testphase ist traditionell bei Server-CPUs am l\u00e4ngsten. Weil Zen 6 als Epyc-Server-Prozessor auf einen neuen Sockel (SP7\/SP8) mit neuem Speichercontroller und beispielsweise neuem <a href=\"https:\/\/www.computerbase.de\/news\/pcie-6-0\/\" rel=\"nofollow noopener\" target=\"_blank\">PCIe 6.0<\/a> setzt, muss dieses Mal sogar das gesamte \u00d6kosystem daran angepasst werden. Die schematischen Vorgaben und Richtlinien sind deshalb zum Teil bereits seit Jahren im Umlauf, CPUs kommen dann fast als letzter Baustein hinzu. Zuvor wird alles \u00fcber Simulationen, FPGAs und mit speziellen Test-CPUs mit Adaptern getestet. Zur Computex 2025 konnten auf dieser Basis bereits erste neue K\u00fchll\u00f6sungen betrachtet werden.<\/p>\n<p>\t<a href=\"https:\/\/www.europesays.com\/de\/wp-content\/uploads\/2025\/07\/5-1080.80c6d317.jpg\" target=\"_blank\" data-index=\"0\" class=\"js-image-link\">\t\t\t\t<img loading=\"lazy\" decoding=\"async\" src=\"https:\/\/www.europesays.com\/de\/wp-content\/uploads\/2025\/07\/5-1080.80c6d317.jpg\"  width=\"640\" height=\"360\" alt=\"Cold Plate f\u00fcr AMDs Sockel SP7 und 600 Watt auf der Computex 2025\" class=\"figure-img\"\/>\t\t\t<\/a>\tCold Plate f\u00fcr AMDs Sockel SP7 und 600 Watt auf der Computex 2025<\/p>\n<p>Intel bringt neue CPU zum Tapeout<\/p>\n<p class=\"text-p text-width\">Auch bei Intel hat es eine neue CPU zum Tape-out geschafft. Die Ger\u00fcchtek\u00fcche vermutet hier bereits seit Wochen, dass dies <a href=\"https:\/\/www.computerbase.de\/news\/intel-nova-lake\/\" rel=\"nofollow noopener\" target=\"_blank\">Intel Nova Lake<\/a> sein d\u00fcrfte. Ausgehend vom Zeitplan von <a href=\"https:\/\/www.computerbase.de\/news\/intel-panther-lake\/\" rel=\"nofollow noopener\" target=\"_blank\">Intel Panther Lake<\/a>, der zum Ende dieses Jahres f\u00fcr mobile CPUs in Produktion geht und daf\u00fcr bereits Ende letzten Jahres sein Tape-out feierte und <a href=\"https:\/\/www.computerbase.de\/news\/prozessoren\/intel-panther-lake-naechste-prozessor-generation-laeuft-im-a0-stepping-bei-odms.90911\/\" title=\"Intel Panther Lake: N\u00e4chste Prozessor-Generation l\u00e4uft im A0-Stepping bei ODMs\" rel=\"nofollow noopener\" target=\"_blank\">im A0-Stepping flott zu Kunden kam<\/a>, k\u00f6nnte das durchaus passen. Intel Nova Lake k\u00f6nnte dann wirklich im Herbst 2026 im Handel stehen, wenn es keine weiteren Probleme gibt.<\/p>\n<p class=\"text-p text-width\">Sowohl AMD Zen 6 als auch Intel Nova Lake versprechen gr\u00f6\u00dfere \u00c4nderungen. Vor allem f\u00fcr den PC und auch das Notebook werden wohl deutlich mehr Prozessorkerne geboten. Bei AMD Zen 6 sorgt ein neues 12-Kern-CPU-Tile (statt bisher 8 Kerne) daf\u00fcr, w\u00e4hrend Intel sich zwar weiterhin auf acht P- und 16 E-Cores st\u00fctzt. Neu wird jedoch sein, dass zwei dieser CPU-Tiles in einem Package verbaut werden k\u00f6nnen \u2013 \u00e4hnlich wie bei AMD mit Ryzen seit Ryzen 3000 mit Zen 2.<\/p>\n","protected":false},"excerpt":{"rendered":"Bild: AMD Die Next-Gen-Prozessoren von Intel, Codename Nova Lake f\u00fcr Core Ultra 400, und AMD, die Zen-6-Architektur f\u00fcr&hellip;\n","protected":false},"author":2,"featured_media":261762,"comment_status":"","ping_status":"","sticky":false,"template":"","format":"standard","meta":{"footnotes":""},"categories":[135],"tags":[29,30,190,189,194,191,193,192],"class_list":{"0":"post-261761","1":"post","2":"type-post","3":"status-publish","4":"format-standard","5":"has-post-thumbnail","7":"category-wissenschaft-technik","8":"tag-deutschland","9":"tag-germany","10":"tag-science","11":"tag-science-technology","12":"tag-technik","13":"tag-technology","14":"tag-wissenschaft","15":"tag-wissenschaft-technik"},"share_on_mastodon":{"url":"https:\/\/pubeurope.com\/@de\/114838733040647843","error":""},"_links":{"self":[{"href":"https:\/\/www.europesays.com\/de\/wp-json\/wp\/v2\/posts\/261761","targetHints":{"allow":["GET"]}}],"collection":[{"href":"https:\/\/www.europesays.com\/de\/wp-json\/wp\/v2\/posts"}],"about":[{"href":"https:\/\/www.europesays.com\/de\/wp-json\/wp\/v2\/types\/post"}],"author":[{"embeddable":true,"href":"https:\/\/www.europesays.com\/de\/wp-json\/wp\/v2\/users\/2"}],"replies":[{"embeddable":true,"href":"https:\/\/www.europesays.com\/de\/wp-json\/wp\/v2\/comments?post=261761"}],"version-history":[{"count":0,"href":"https:\/\/www.europesays.com\/de\/wp-json\/wp\/v2\/posts\/261761\/revisions"}],"wp:featuredmedia":[{"embeddable":true,"href":"https:\/\/www.europesays.com\/de\/wp-json\/wp\/v2\/media\/261762"}],"wp:attachment":[{"href":"https:\/\/www.europesays.com\/de\/wp-json\/wp\/v2\/media?parent=261761"}],"wp:term":[{"taxonomy":"category","embeddable":true,"href":"https:\/\/www.europesays.com\/de\/wp-json\/wp\/v2\/categories?post=261761"},{"taxonomy":"post_tag","embeddable":true,"href":"https:\/\/www.europesays.com\/de\/wp-json\/wp\/v2\/tags?post=261761"}],"curies":[{"name":"wp","href":"https:\/\/api.w.org\/{rel}","templated":true}]}}