{"id":261766,"date":"2025-07-12T06:01:13","date_gmt":"2025-07-12T06:01:13","guid":{"rendered":"https:\/\/www.europesays.com\/de\/261766\/"},"modified":"2025-07-12T06:01:13","modified_gmt":"2025-07-12T06:01:13","slug":"spektakel-in-duesseldorf-heute-startet-die-show-auf-der-rheinkirmes-regional","status":"publish","type":"post","link":"https:\/\/www.europesays.com\/de\/261766\/","title":{"rendered":"Spektakel in D\u00fcsseldorf: Heute startet die Show auf der Rheinkirmes | Regional"},"content":{"rendered":"<p>D\u00fcsseldorf \u2013 <b>Es soll die gr\u00f6\u00dfte Drohnen-Show Europas sein. 1000 Drohnen fliegen zur Musik, zeigen eine besondere Licht-Show mit blinkenden Motiven. Auf der Rheinkirmes in D\u00fcsseldorf kann man sie an zwei Tagen bestaunen.<\/b><\/p>\n<p>Die Rheinkirmes in D\u00fcsseldorf (<a href=\"https:\/\/www.bild.de\/regional\/nordrhein-westfalen\/home-npIP0qL0giWP1ZFIOHn2\" class=\"text-link\" target=\"_blank\" rel=\"noopener\">NRW<\/a>) findet in diesem Jahr vom 11. bis 20. Juli statt. An den zehn Tagen des Volksfestes zeigen 300 Schausteller ihre Fahrgesch\u00e4fte und Festzelte auf der rund 165.000 Quadratmeter gro\u00dfen Festwiese.<b> <\/b>Je 20 Minuten sollen die beiden Drohnen-Shows dauern. Finanziert wird das Spektakel von Sponsoren.<\/p>\n<p>Wann findet die Drohnen-Show statt?<\/p>\n<p>Am Samstag, 12. Juli und am Freitag, 18. Juli werden die Drohnen jeweils um 22.15 Uhr in den Himmel steigen. Am Freitag findet direkt im Anschluss das traditionelle <a href=\"https:\/\/www.bild.de\/themen\/ereignisse\/feuerwerk\/nachrichten-news-kultur-fotos-videos-20913532.bild.html\" class=\"text-link\" target=\"_blank\" rel=\"noopener\">Feuerwerk<\/a> statt \u2013 also ein doppeltes Lichtspektakel am Himmel.<\/p>\n<p><img decoding=\"async\" width=\"992\" height=\"558\" alt=\"Die Rheinkirmes findet j\u00e4hrlich im Stadtteil Oberkassel statt\" src=\"https:\/\/www.europesays.com\/de\/wp-content\/uploads\/2025\/07\/115cdbc53ffaab5ceef2b738f8330721,f19dc6a4\"   class=\"landscape\" loading=\"lazy\"\/><\/p>\n<p class=\"fig__caption__text\">Die Rheinkirmes findet j\u00e4hrlich im Stadtteil Oberkassel statt<\/p>\n<p>Foto: picture alliance \/ CHROMORANGE<\/p>\n<p>Wo sieht man die Drohnen-Show am besten?<\/p>\n<p>Die Drohnen starten von den Rheinwiesen vor dem <a href=\"https:\/\/www.bild.de\/themen\/ereignisse\/volksfeste\/politik-nachrichten-news-fotos-videos-20523974.bild.html\" class=\"text-link\" target=\"_blank\" rel=\"noopener\">Volksfest<\/a>. Laut Veranstalter k\u00f6nne man vom gegen\u00fcberliegenden Rheinufer als auch von den Rheinbr\u00fccken aus 80 Prozent der Show sehen. Die Musik dazu kommt von der Kirmes.<\/p>\n<p>Auch der H\u00fcgel Richtung Oberkassel, hinter der Kirmes, biete eine gute Sicht. Oder man legt sich einfach mit einer Decke auf die Rheinwiesen.<\/p>\n<p><img decoding=\"async\" width=\"992\" height=\"558\" alt=\"Das traditionelle Feuerwerk der Rheinkirmes\" src=\"https:\/\/www.europesays.com\/de\/wp-content\/uploads\/2025\/07\/0aed68130764031d424508cb51b84740,b1478271\"   class=\"landscape\" loading=\"lazy\"\/><\/p>\n<p class=\"fig__caption__text\">Das traditionelle Feuerwerk der Rheinkirmes<\/p>\n<p>Foto: Volker Danisch\/dpa<\/p>\n<p>Welche Stra\u00dfen werden f\u00fcr die Rheinkirmes gesperrt?<\/p>\n<p>Die Innenstadt wird wegen der Rheinkirmes an verschiedenen Stellen gesperrt und der Verkehr umgeleitet. Der Veranstalter empfiehlt, das Auto w\u00e4hrend der <a href=\"https:\/\/www.bild.de\/themen\/ereignisse\/grossveranstaltungen\/news-fotos-videos-17003256.bild.html\" class=\"text-link\" target=\"_blank\" rel=\"noopener\">Gro\u00dfveranstaltung<\/a> stehenzulassen und \u00f6ffentliche Verkehrsmittel zu nutzen.<\/p>\n<p>An den Tagen mit <a href=\"https:\/\/www.bild.de\/regional\/duesseldorf\/highlight-fuer-bekannte-kirmes-dieses-volksfest-plant-xxl-drohnen-show-68207b059166b6044ba055ba\" class=\"text-link\" target=\"_blank\" rel=\"noopener\">der Drohnen-Show<\/a>, also dem 12. und 18. Juli, werden ab 20 Uhr die Luegallee (ab Belsenplatz), die Oberkasseler Br\u00fccke und s\u00e4mtliche Zufahrten in beide Fahrtrichtungen gesperrt. <\/p>\n<p>Lesen Sie auch<\/p>\n<p>Auf der Rheinkniebr\u00fccke gibt es nur noch einen offenen Fahrstreifen in Richtung Innenstadt. Am Heerdter Dreieck wird die Ausfahrt Oberkassel-Rheinalleetunnel gesperrt, der Verkehr \u00fcber die Theodor-Heuss-Br\u00fccke umgeleitet.<\/p>\n","protected":false},"excerpt":{"rendered":"D\u00fcsseldorf \u2013 Es soll die gr\u00f6\u00dfte Drohnen-Show Europas sein. 1000 Drohnen fliegen zur Musik, zeigen eine besondere Licht-Show&hellip;\n","protected":false},"author":2,"featured_media":261767,"comment_status":"","ping_status":"","sticky":false,"template":"","format":"standard","meta":{"footnotes":""},"categories":[2],"tags":[29,3405,4851,30,30974,7339,13,14,15,1209,39173,12,45,10,8,9,11,4837],"class_list":{"0":"post-261766","1":"post","2":"type-post","3":"status-publish","4":"format-standard","5":"has-post-thumbnail","7":"category-deutschland","8":"tag-deutschland","9":"tag-duesseldorf","10":"tag-feuerwerk","11":"tag-germany","12":"tag-groesste-kirmes-am-rhein","13":"tag-grossveranstaltungen","14":"tag-headlines","15":"tag-nachrichten","16":"tag-news","17":"tag-nordrhein-westfalen","18":"tag-rheinkirmes","19":"tag-schlagzeilen","20":"tag-texttospeech","21":"tag-top-news","22":"tag-top-meldungen","23":"tag-topmeldungen","24":"tag-topnews","25":"tag-volksfeste"},"share_on_mastodon":{"url":"https:\/\/pubeurope.com\/@de\/114838744973696918","error":""},"_links":{"self":[{"href":"https:\/\/www.europesays.com\/de\/wp-json\/wp\/v2\/posts\/261766","targetHints":{"allow":["GET"]}}],"collection":[{"href":"https:\/\/www.europesays.com\/de\/wp-json\/wp\/v2\/posts"}],"about":[{"href":"https:\/\/www.europesays.com\/de\/wp-json\/wp\/v2\/types\/post"}],"author":[{"embeddable":true,"href":"https:\/\/www.europesays.com\/de\/wp-json\/wp\/v2\/users\/2"}],"replies":[{"embeddable":true,"href":"https:\/\/www.europesays.com\/de\/wp-json\/wp\/v2\/comments?post=261766"}],"version-history":[{"count":0,"href":"https:\/\/www.europesays.com\/de\/wp-json\/wp\/v2\/posts\/261766\/revisions"}],"wp:featuredmedia":[{"embeddable":true,"href":"https:\/\/www.europesays.com\/de\/wp-json\/wp\/v2\/media\/261767"}],"wp:attachment":[{"href":"https:\/\/www.europesays.com\/de\/wp-json\/wp\/v2\/media?parent=261766"}],"wp:term":[{"taxonomy":"category","embeddable":true,"href":"https:\/\/www.europesays.com\/de\/wp-json\/wp\/v2\/categories?post=261766"},{"taxonomy":"post_tag","embeddable":true,"href":"https:\/\/www.europesays.com\/de\/wp-json\/wp\/v2\/tags?post=261766"}],"curies":[{"name":"wp","href":"https:\/\/api.w.org\/{rel}","templated":true}]}}