{"id":261782,"date":"2025-07-12T06:10:10","date_gmt":"2025-07-12T06:10:10","guid":{"rendered":"https:\/\/www.europesays.com\/de\/261782\/"},"modified":"2025-07-12T06:10:10","modified_gmt":"2025-07-12T06:10:10","slug":"fc-schalke-04-vs-wehen-wiesbaden-und-st-gallen-fussball-heute-live-im-free-tv-sehen-wer-zeigt-uebertraegt-die-testspiele-von-s04-im-tv-sowie-livestream","status":"publish","type":"post","link":"https:\/\/www.europesays.com\/de\/261782\/","title":{"rendered":"FC Schalke 04 vs. Wehen Wiesbaden und St. Gallen, Fu\u00dfball heute live im Free-TV sehen: Wer zeigt \/ \u00fcbertr\u00e4gt die Testspiele von S04 im TV sowie Livestream?"},"content":{"rendered":"<p>Der FC Schalke 04 bestreitet heute ein Testspiel gegen Wehen Wiesbaden. SPOX verr\u00e4t Euch, wer die Begegnung live im TV und Livestream \u00fcbertr\u00e4gt.<\/p>\n<p>Am heutigen Samstag, den 12. Juli, absolviert Schalke 04 w\u00e4hrend des achtt\u00e4gigen Trainingslagers im Stubaital\u00a0gleich zwei Testspiele. Zum Auftakt trifft die Mannschaft von Miron Muslic um 11 Uhr auf dem Sportplatz Neustift auf den Drittligisten Wehen Wiesbaden. Um 15 Uhr spielen die Schalker dann in der Veltlin-Arena in Imst gegen den FC St. Gallen aus der Schweiz.<\/p>\n<p>Hier bei <strong>SPOX <\/strong>erfahrt Ihr, wer die Testspiele von Schalke 04 live zeigt.<\/p>\n","protected":false},"excerpt":{"rendered":"Der FC Schalke 04 bestreitet heute ein Testspiel gegen Wehen Wiesbaden. SPOX verr\u00e4t Euch, wer die Begegnung live&hellip;\n","protected":false},"author":2,"featured_media":261783,"comment_status":"","ping_status":"","sticky":false,"template":"","format":"standard","meta":{"footnotes":""},"categories":[1847],"tags":[3364,29,548,663,3934,54529,347,30,13,2052,14,15,16870,12,4604,22454,4544],"class_list":{"0":"post-261782","1":"post","2":"type-post","3":"status-publish","4":"format-standard","5":"has-post-thumbnail","7":"category-wiesbaden","8":"tag-de","9":"tag-deutschland","10":"tag-eu","11":"tag-europa","12":"tag-europe","13":"tag-fc-st-gallen","14":"tag-fussball","15":"tag-germany","16":"tag-headlines","17":"tag-hessen","18":"tag-nachrichten","19":"tag-news","20":"tag-schalke-04","21":"tag-schlagzeilen","22":"tag-soccer","23":"tag-wehen-wiesbaden","24":"tag-wiesbaden"},"share_on_mastodon":{"url":"https:\/\/pubeurope.com\/@de\/114838780302243812","error":""},"_links":{"self":[{"href":"https:\/\/www.europesays.com\/de\/wp-json\/wp\/v2\/posts\/261782","targetHints":{"allow":["GET"]}}],"collection":[{"href":"https:\/\/www.europesays.com\/de\/wp-json\/wp\/v2\/posts"}],"about":[{"href":"https:\/\/www.europesays.com\/de\/wp-json\/wp\/v2\/types\/post"}],"author":[{"embeddable":true,"href":"https:\/\/www.europesays.com\/de\/wp-json\/wp\/v2\/users\/2"}],"replies":[{"embeddable":true,"href":"https:\/\/www.europesays.com\/de\/wp-json\/wp\/v2\/comments?post=261782"}],"version-history":[{"count":0,"href":"https:\/\/www.europesays.com\/de\/wp-json\/wp\/v2\/posts\/261782\/revisions"}],"wp:featuredmedia":[{"embeddable":true,"href":"https:\/\/www.europesays.com\/de\/wp-json\/wp\/v2\/media\/261783"}],"wp:attachment":[{"href":"https:\/\/www.europesays.com\/de\/wp-json\/wp\/v2\/media?parent=261782"}],"wp:term":[{"taxonomy":"category","embeddable":true,"href":"https:\/\/www.europesays.com\/de\/wp-json\/wp\/v2\/categories?post=261782"},{"taxonomy":"post_tag","embeddable":true,"href":"https:\/\/www.europesays.com\/de\/wp-json\/wp\/v2\/tags?post=261782"}],"curies":[{"name":"wp","href":"https:\/\/api.w.org\/{rel}","templated":true}]}}