{"id":261811,"date":"2025-07-12T06:27:10","date_gmt":"2025-07-12T06:27:10","guid":{"rendered":"https:\/\/www.europesays.com\/de\/261811\/"},"modified":"2025-07-12T06:27:10","modified_gmt":"2025-07-12T06:27:10","slug":"tour-de-france-2025-die-besten-fotos-des-radsport-spektakels","status":"publish","type":"post","link":"https:\/\/www.europesays.com\/de\/261811\/","title":{"rendered":"Tour de France 2025: Die besten Fotos des Radsport-Spektakels"},"content":{"rendered":"<p class=\"\">Nach dem Grand D\u00e9part im hohen Norden Frankreichs, dem Start in Lille ging es schnell, h\u00fcgelig, schmerzhaft vom Norden ans Meer und durch die Normandie &#8211; Tage garniert mit Massensprints, St\u00fcrzen, Attacken, Spannung, Windkante, Trikottausch, Triumphe &amp; Tragik. In unserer Bildergalerie haben wir die bisherigen Foto-Highlights der Tour de France 2025 zusammengestellt.<\/p>\n<p class=\"\">Die erste Woche der Tour de France 2025 hatte zahlreiche H\u00f6hepunkte zu bieten. Am ersten Tag ging es rund um Lille auf die Windkante. Jasper Philipsen holte sich den ersten Etappensieg der diesj\u00e4hrigen Tour und damit auch das erste Gelbe Trikot. Am zweiten Tag schlug die Stunde von Philipsens Alpecin-Teamkollegen Mathieu van der Poel, der sich im Bergaufsprint gegen Tadej Pogacar und Jonas Vingegaard durchsetzte. Tag drei wurde \u00fcberschattet vom Sturz und dem anschlie\u00dfenden Ausscheiden Philipsens im Gr\u00fcnen Trikot. Den Sieg sicherte sich Tim Merlier. <\/p>\n<p class=\"\">Weiter ging es in Richtung Rouen. Dort zog Pogacar eine gro\u00dfe Show ab. Der Slowene kr\u00f6nte den Tag mit seinem 100. Sieg als Radprofi. Im anschlie\u00dfenden Zeitfahren auf der 5. Etappe der Tour de France 2025 setzte Pogacar den n\u00e4chsten Nadelstich in Sachen Gesamtwertung. Nur Remco Evenepoel war schneller als der 26-J\u00e4hrige, w\u00e4hrend Jonas Vingegaard eine bittere Niederlage einstecken musste und mehr als eine Minute auf seinen gro\u00dfen Widersacher einb\u00fc\u00dfte.<\/p>\n<p class=\"\">Auf der 6. Etappe schlug erstmals die Stunde der Ausrei\u00dfer. Der Ire Ben Healy st\u00fcrmte mit einem beeindruckenden Solo aus einer Fluchtgruppe um Mathieu van der Poel zum Sieg. Der niederl\u00e4ndische Superstar durfte sich mit der erneuten \u00dcbernahme des Gelben Trikots tr\u00f6sten, das er Pogacar um die Winzigkeit von einer Sekunde entriss. Tags darauf schlug der Weltmeister zur\u00fcck. An der Mur de Bretagne sicherte sich Pogacar \u00fcberlegen seinen zweiten Etappensieg bei der Tour de France 2025 und schl\u00fcpfte erneut ins Gelbe Trikot.<\/p>\n","protected":false},"excerpt":{"rendered":"Nach dem Grand D\u00e9part im hohen Norden Frankreichs, dem Start in Lille ging es schnell, h\u00fcgelig, schmerzhaft vom&hellip;\n","protected":false},"author":2,"featured_media":261812,"comment_status":"","ping_status":"","sticky":false,"template":"","format":"standard","meta":{"footnotes":""},"categories":[3974],"tags":[331,332,548,663,3934,3980,156,13,14,15,12],"class_list":{"0":"post-261811","1":"post","2":"type-post","3":"status-publish","4":"format-standard","5":"has-post-thumbnail","7":"category-frankreich","8":"tag-aktuelle-nachrichten","9":"tag-aktuelle-news","10":"tag-eu","11":"tag-europa","12":"tag-europe","13":"tag-france","14":"tag-frankreich","15":"tag-headlines","16":"tag-nachrichten","17":"tag-news","18":"tag-schlagzeilen"},"share_on_mastodon":{"url":"https:\/\/pubeurope.com\/@de\/114838847093395967","error":""},"_links":{"self":[{"href":"https:\/\/www.europesays.com\/de\/wp-json\/wp\/v2\/posts\/261811","targetHints":{"allow":["GET"]}}],"collection":[{"href":"https:\/\/www.europesays.com\/de\/wp-json\/wp\/v2\/posts"}],"about":[{"href":"https:\/\/www.europesays.com\/de\/wp-json\/wp\/v2\/types\/post"}],"author":[{"embeddable":true,"href":"https:\/\/www.europesays.com\/de\/wp-json\/wp\/v2\/users\/2"}],"replies":[{"embeddable":true,"href":"https:\/\/www.europesays.com\/de\/wp-json\/wp\/v2\/comments?post=261811"}],"version-history":[{"count":0,"href":"https:\/\/www.europesays.com\/de\/wp-json\/wp\/v2\/posts\/261811\/revisions"}],"wp:featuredmedia":[{"embeddable":true,"href":"https:\/\/www.europesays.com\/de\/wp-json\/wp\/v2\/media\/261812"}],"wp:attachment":[{"href":"https:\/\/www.europesays.com\/de\/wp-json\/wp\/v2\/media?parent=261811"}],"wp:term":[{"taxonomy":"category","embeddable":true,"href":"https:\/\/www.europesays.com\/de\/wp-json\/wp\/v2\/categories?post=261811"},{"taxonomy":"post_tag","embeddable":true,"href":"https:\/\/www.europesays.com\/de\/wp-json\/wp\/v2\/tags?post=261811"}],"curies":[{"name":"wp","href":"https:\/\/api.w.org\/{rel}","templated":true}]}}