{"id":261873,"date":"2025-07-12T07:00:19","date_gmt":"2025-07-12T07:00:19","guid":{"rendered":"https:\/\/www.europesays.com\/de\/261873\/"},"modified":"2025-07-12T07:00:19","modified_gmt":"2025-07-12T07:00:19","slug":"kostenlos-aber-nicht-umsonst-geldbeutelschonende-az-tipps-zum-wochenende","status":"publish","type":"post","link":"https:\/\/www.europesays.com\/de\/261873\/","title":{"rendered":"Kostenlos, aber nicht umsonst: Geldbeutelschonende AZ-Tipps zum Wochenende"},"content":{"rendered":"<p>An einem Sommerwochenende in <a href=\"https:\/\/www.abendzeitung-muenchen.de\/muenchen\/\" target=\"_blank\" rel=\"noopener\">M\u00fcnchen<\/a> hat man meist ja die Qual der Wahl und einen vollen Terminkalender: Freunde haben zum Grillen eingeladen, ein Geburtstag an der Isar wird gefeiert oder der Badeausflug wird einfach bis in den Abend ausgedehnt. Recht so.<\/p>\n<p>Schlie\u00dflich ist der Sommer f\u00fcr ganz viele M\u00fcnchnerinnen und M\u00fcnchner die sch\u00f6nste Jahreszeit. Zu Recht, findet auch die AZ. Unsere ohnehin so lebenswerte Stadt zeigt sich dann n\u00e4mlich von ihrer wirklich sch\u00f6nsten Seite; ob bei einer Ma\u00df im Lieblingsbiergarten, mit einem Picknick in den Isarauen oder beim Sonnenbaden im Englischen Garten. Aber nicht nur da! Die vielen Veranstaltungen machen das Sommergef\u00fchl perfekt und ein \u2013 wie immer viel zu kurzes \u2013 Wochenende kann sich da schon mal nach Urlaub anf\u00fchlen.<\/p>\n<p><img decoding=\"async\" src=\"https:\/\/www.abendzeitung-muenchen.de\/design\/images\/muc_silhouette_short.svg\"\/><\/p>\n<p>Flohmarkt, Tollwood und Wild-West-Gef\u00fchl<\/p>\n<p>     <img decoding=\"async\" loading=\"lazy\" src=\"https:\/\/www.europesays.com\/de\/wp-content\/uploads\/2025\/07\/1442148_tollwood-sommerfestival-im-olympiapark_artikelbild-75proz_1CcUwK_yhYEoL.jpg\" alt=\"Tollwood Sommerfestival im Olympiapark\" title=\"Tollwood Sommerfestival im Olympiapark\" width=\"609\" height=\"406\"\/><\/p>\n<p>      Tollwood Sommerfestival im Olympiapark<br \/>\n      \u00a9 Anton Brandl<\/p>\n<p>    Tollwood Sommerfestival im Olympiapark<\/p>\n<p>von Anton Brandl <\/p>\n<p>&#8222;}&#8220;&gt; <\/p>\n<p>Doch die Auswahl an Events, Konzerten und Ausstellungen ist schier riesig. Damit die Entscheidung der Wochenendplanung nicht pl\u00f6tzlich in Stress ausartet, haben wir in der AZ gleich mehrere, ganz unterschiedliche Tipps f\u00fcr Sie, liebe Leserinnen und Leser, gesammelt. Ob beim Strawanzen und Staunen auf dem <a href=\"https:\/\/www.abendzeitung-muenchen.de\/thema\/tollwood\/\" target=\"_blank\" rel=\"noopener\">Tollwood<\/a> (Samstag\/Sonntag von 11 -1 Uhr), beim Wild-West-Gef\u00fchl an der Flo\u00dfl\u00e4nde oder ganz gem\u00fctlich beim Schm\u00f6kern auf den verschiedenen Flohm\u00e4rkten. Und das Beste daran: All diese Veranstaltungen kosten keinen Eintritt.<\/p>\n<p>Die AZ w\u00fcnscht Ihnen viel Spa\u00df und ein erholsames Wochenende!<\/p>\n<p>Gem\u00fctlich aufs Magdalenenfest<\/p>\n<p>M\u00fcnchen kann Volksfest, das ist klar. Weltbekannt f\u00fcr die <a href=\"https:\/\/www.abendzeitung-muenchen.de\/muenchen\/oktoberfest\/\" target=\"_blank\" rel=\"noopener\">Wiesn<\/a>, bei Einheimischen beliebt f\u00fcr die gem\u00fctliche Auer Dult. Wer es noch ein bisschen beschaulicher mag, den Duft von Mandeln liebt und sich gerne mit Volksfestflair umgibt, sollte unbedingt beim Magdalenenfest vorbei schauen.\u00a0<\/p>\n<p>Das beschauliche Festl geh\u00f6rt zu den ganz kleinen seiner Art und ist gerade deshalb so beliebt \u2013 und manchen Einheimischen gar nicht bekannt. Dabei reicht die Tradition des Festes bis ins 18. Jahrhundert zur\u00fcck.<\/p>\n<p>Rund um die Magdalenenklause \u2013 das ist der dritte Pavillon im Park des Schlosses Nymphenburg \u2013 entstand nach dem Bau (1725-1728) ein Wallfahrtsort, der jedes Jahr zum Namenstag von Maria Magdalena (22. Juli) f\u00fcr die \u00d6ffentlichkeit zug\u00e4nglich gemacht wurde. Erst 1790 wurde der Park komplett f\u00fcr alle ge\u00f6ffnet.<\/p>\n<p>So entwickelte sich rund um die Magdalenenklause das gleichnamige Volksfest. Laut der Veranstaltungsgesellschaft der M\u00fcnchner Schausteller wurde das Fest schlie\u00dflich 1958 in den K\u00f6niglichen <a href=\"https:\/\/www.abendzeitung-muenchen.de\/thema\/hirschgarten\/\" target=\"_blank\" rel=\"noopener\">Hirschgarten<\/a> verlegt, wo es heute noch stattfindet \u2013 \u00fcbrigens das einzige, das noch komplett auf einer Wiese stattfindet.<\/p>\n<p>Geboten sind die Klassiker: Schie\u00df- und Wurfbuden, verschiedenste Standl, Fahrgesch\u00e4fte f\u00fcr Kinder, herzhafte Schmankerl und ein historisches Kettenkarussell.\u00a0 Das kostet freilich ein paar Euro, aber das Volksfest-Flair gibt\u00b4s nat\u00fcrlich kostenlos.<\/p>\n<p>Noch bis 20. Juli, t\u00e4gl. von 11 bis 22 Uhr im Hirschgarten, direkt am Biergarten<\/p>\n<p>Museums-Sommerfest<\/p>\n<p>     <img decoding=\"async\" loading=\"lazy\" src=\"https:\/\/www.abendzeitung-muenchen.de\/storage\/image\/5\/0\/2\/2\/1582205_bayerisches-nationalmuseum-an-der-prinzregentenstrasse-in-muenchen-bayern-d_artikelbild-75proz_1EsjQJ_lMqVqs.jpg\" alt=\"Diesem Sonntag feiert das Bayerisches Nationalmuseum sein Sommerfest. Der Eintritt ist frei.\" title=\"Diesem Sonntag feiert das Bayerisches Nationalmuseum sein Sommerfest. Der Eintritt ist frei.\" width=\"609\" height=\"415\"\/><\/p>\n<p>      Diesem Sonntag feiert das Bayerisches Nationalmuseum sein Sommerfest. Der Eintritt ist frei.<br \/>\n      \u00a9 IMAGO\/Hanna Wagner (www.imago-images.de)<\/p>\n<p>    Diesem Sonntag feiert das Bayerisches Nationalmuseum sein Sommerfest. Der Eintritt ist frei.<\/p>\n<p>von IMAGO\/Hanna Wagner (www.imago-images.de) <\/p>\n<p>&#8222;}&#8220;&gt; <\/p>\n<p>So herrschaftlich steht es da: das Bayerische Nationalmuseum \u2013 seit 125 Jahren in der Prinzregentenstra\u00dfe. Gegr\u00fcndet wurde es aber bereits vor 170 Jahren. Diese beiden Geburtstage nimmt das Museum zum Anlass f\u00fcr ein Sommerfest.<\/p>\n<p>Bei freiem Eintritt erwarten die Besucher exklusive Kurzf\u00fchrungen (z.B. mit dem Titel &#8222;Von Hausr\u00f6cken und Hofroben\u201c) zu sonst verborgenen Museumssch\u00e4tzen, Mitmachaktionen und Musik. Au\u00dferdem findet ein Buchverkauf statt.<\/p>\n<p>Restaurierungen und Handwerk werden von Fachleuten anschaulich pr\u00e4sentiert, wie zum Beispiel Porzellanmalerei oder Glasgravur. Kinder k\u00f6nnen sich zum Beispiel als Ritter verkleiden lassen.\u00a0<\/p>\n<p>Sonntag, 11 bis 16 Uhr, Prinzregentenstra\u00dfe 3. Das vollst\u00e4ndige Programm unter: <a href=\"https:\/\/www.bayerisches-nationalmuseum.de\/\" target=\"_blank\" title=\"https:\/\/www.bayerisches-nationalmuseum.de\/\" class=\"ext_links\" rel=\"noopener\">www.bayerisches-nationalmuseum.de\/<\/a>. Eintritt frei<\/p>\n<p>Feilschen, st\u00f6bern, tr\u00f6deln<\/p>\n<p>     <img decoding=\"async\" loading=\"lazy\" src=\"https:\/\/www.europesays.com\/de\/wp-content\/uploads\/2025\/07\/1582203_traditioneller-flohmarkt-muenchen-27-04-19-theresienwiese-fruehlingsfest-fr_artikelbild-75pr.jpeg\" alt=\"Die Auswahl auf den Flohm\u00e4rkten ist so bunt wie die Verk\u00e4ufer dort.\" title=\"Die Auswahl auf den Flohm\u00e4rkten ist so bunt wie die Verk\u00e4ufer dort.\" width=\"609\" height=\"406\"\/><\/p>\n<p>      Die Auswahl auf den Flohm\u00e4rkten ist so bunt wie die Verk\u00e4ufer dort.<br \/>\n      \u00a9 B. Lindenthaler via www.imago-images.de (www.imago-images.de)<\/p>\n<p>    Die Auswahl auf den Flohm\u00e4rkten ist so bunt wie die Verk\u00e4ufer dort.<\/p>\n<p>von B. Lindenthaler via www.imago-images.de (www.imago-images.de) <\/p>\n<p>&#8222;}&#8220;&gt; <\/p>\n<p>Sommer ist Hofflohmarkt-Zeit: Diesen Samstag \u00f6ffnen die Hinterh\u00f6fe, G\u00e4rten und Garagen in Hadern ihre Tore f\u00fcr Neugierige und St\u00f6berw\u00fctige. In der Zeit von 10 bis 16 Uhr k\u00f6nnen \u00fcber 300 Orte erkundet werden.<\/p>\n<p>Und selbst wer gar nichts kaufen mag, kann sich dem Charme der Hofflohm\u00e4rkte selten entziehen. Egal in welchem Viertel, die Stimmung ist stets gel\u00f6st und freundschaftlich. Also nichts wie auf nach Hadern. Alle Stationen sind unter <a href=\"https:\/\/www.hofflohmaerkte.de\/\" target=\"frame\" title=\"https:\/\/www.hofflohmaerkte.de\/\" class=\"ext_links\" rel=\"noopener\">www.hofflohmaerkte.de<\/a>\u00a0zu finden. Wer lieber im gro\u00dfen Stil nach Schn\u00e4ppchen sucht, hat am Samstag von 6 bis 15 Uhr die Gelegenheit beim Flohmarkt in Riem.<\/p>\n<p>Paul-Henri-Spaak-Stra\u00dfe, 81829 M\u00fcnchen, mit der U-Bahn: U2 Haltestelle Messestadt Ost<\/p>\n<p>Auch auf dem Trabrenngel\u00e4nde in Daglfing kann man am Samstag von 6 bis 16 Uhr wieder von Standl zu Standl schlendern, feilschen und tr\u00f6deln. Neben klassischer Flohmarktware, Babysachen und Kinderspielzeug finden sich hier vor allem Antiquit\u00e4ten und Rarit\u00e4ten, sp\u00e4testens im Antiquit\u00e4tenhaus. \u00a0<\/p>\n<p>Flohmarkt Daglfing, Burgauerstra\u00dfe 1<\/p>\n<p>Auf zehn Jahre Bellevue di Monaco<\/p>\n<p>     <img decoding=\"async\" loading=\"lazy\" src=\"https:\/\/www.europesays.com\/de\/wp-content\/uploads\/2025\/07\/1582206_das-erste-bellevue-strassenfest-fand-2015-statt_artikelbild-75proz_1EsjKM_G32NNs.jpg\" alt=\"Das erste Bellevue-Stra\u00dfenfest fand 2015 statt.\" title=\"Das erste Bellevue-Stra\u00dfenfest fand 2015 statt.\" width=\"609\" height=\"406\"\/><\/p>\n<p>      Das erste Bellevue-Stra\u00dfenfest fand 2015 statt.<br \/>\n      \u00a9 Patrick Wild<\/p>\n<p>    Das erste Bellevue-Stra\u00dfenfest fand 2015 statt.<\/p>\n<p>von Patrick Wild <\/p>\n<p>&#8222;}&#8220;&gt; <\/p>\n<p>Was mit einer Protestbewegung und Gorillamasken begann, wurde zu einem wichtigen sozialen Treffpunkt in M\u00fcnchen: Vor zehn Jahren wurde die Sozialgenossenschaft <a href=\"https:\/\/www.abendzeitung-muenchen.de\/organisation\/bellevue-di-monaco\/\" target=\"_blank\" rel=\"noopener\">Bellevue di Monaco<\/a> gegr\u00fcndet (AZ berichtete) \u2013 und das gilt es am Sonntag zu feiern!<\/p>\n<p>Um 15 Uhr er\u00f6ffnet Oberb\u00fcrgermeister <a href=\"https:\/\/www.abendzeitung-muenchen.de\/person\/dieter-reiter\/\" target=\"_blank\" rel=\"noopener\">Dieter Reiter<\/a> (<a href=\"https:\/\/www.abendzeitung-muenchen.de\/organisation\/spd\/\" target=\"_blank\" rel=\"noopener\">SPD<\/a>) mit einem Gru\u00dfwort die gro\u00dfe Party. Um 16 Uhr geht es weiter mit Musik und Tanz: Auf der B\u00fchne stehen unter anderem Dreiviertelblut, die &#8222;folklorefreie Volksmusikband\u201c um Gerd Baumann und Sebastian Horn und die Aktivistin und Rapperin G\u00fcndalein zusammen mit der Rap Academy des Bellevue. Hip-Hop gibt es mit Queen Lizzy und Waseem.<\/p>\n<p>Dazu legen verschiedene DJs auf \u2013 etwa DJ Emilie Gendron, es gibt eine Darbietung der Bellevue-Theatergruppe und einige \u00dcberraschungsg\u00e4ste. Auch f\u00fcr die Kleinsten gibt es ein Kinderprogramm, Infost\u00e4nde und Filmvorf\u00fchrungen.<br \/>Auf dem Dach des Bellevue, wo sonst flei\u00dfig gekickt wird, wird getanzt \u2013 aber ganz leise, bei der Silent Disco. Essen und Trinken ist freilich auch geboten. Sonntag, 15-22 Uhr. <\/p>\n<p>M\u00fcllerstr. 2. Weitere Informationen unter: <a href=\"https:\/\/bellevuedimonaco.de\/\" target=\"frame\" title=\"https:\/\/bellevuedimonaco.de\/\" class=\"ext_links\" rel=\"noopener\">www.bellevuedimonaco.de<\/a><\/p>\n<p>Zu Gast bei den Cowboys<\/p>\n<p>     <img decoding=\"async\" loading=\"lazy\" src=\"https:\/\/www.europesays.com\/de\/wp-content\/uploads\/2025\/07\/1582204_cowboy-club-muenchen-1913-e-v_artikelbild-75proz_1EsjHR_EelRhq.jpg\" alt=\"Mal mit Pferd, mal mit Lasso: Neben Musik und Kinderprogramm gibt es an beiden Tagen Vorf\u00fchrungen.\" title=\"Mal mit Pferd, mal mit Lasso: Neben Musik und Kinderprogramm gibt es an beiden Tagen Vorf\u00fchrungen.\" width=\"609\" height=\"406\"\/><\/p>\n<p>      Mal mit Pferd, mal mit Lasso: Neben Musik und Kinderprogramm gibt es an beiden Tagen Vorf\u00fchrungen.<br \/>\n      \u00a9 Cowboyclub M\u00fcnchen<\/p>\n<p>    Mal mit Pferd, mal mit Lasso: Neben Musik und Kinderprogramm gibt es an beiden Tagen Vorf\u00fchrungen.<\/p>\n<p>von Cowboyclub M\u00fcnchen <\/p>\n<p>&#8222;}&#8220;&gt; <\/p>\n<p>Fest im Sattel durch die Pr\u00e4rie reiten, Banjokl\u00e4nge im Hintergrund und die Aussicht auf einen Whiskey im Saloon: Ob es bei echten Cowboys wirklich so romantisch zuging, sei dahingestellt. Romantisches Western-Gef\u00fchl existiert auf jeden Fall an der Flo\u00dfl\u00e4nde: beim Cowboy Club M\u00fcnchen 1913.<\/p>\n<p>Seit \u00fcber 100 Jahren Anlaufpunkt f\u00fcr Westernfans und Cowgirls \u2013 und dieses Wochenende auch f\u00fcr Neugierige beim Tag der offenen T\u00fcr. Der Verein zeigt gleich an zwei Tagen, was es bedeutet, ein M\u00fcnchner Cowboy zu sein. Geboten sind Live-Musik, Kinderprogramm und Show-Einlagen. Es wird Cancan getanzt und rund um den Wilden Westen informiert. Auch ein kleines Museum gibt es, einen Saloon sowieso.<\/p>\n<p>Zu essen gibt es freilich Rustikales \u2013 ganz nach Cowboyart: Western-Burger vom Holzkohlegrill oder Chili \u00fcber dem Lagerfeuer gekocht.<\/p>\n<p>Wer schon immer mal Wild-West-Luft nahe der Isar schnuppern wollte, hat dieses Wochenende eine wunderbare Gelegenheit. Also Howdy, und nichts wie an die Flo\u00dfl\u00e4nde.\u00a0<\/p>\n<p>Samstag und Sonntag, jeweils von 11 bis 18 Uhr, Zentrall\u00e4ndstra\u00dfe 37, 81379 M\u00fcnchen. Der Eintritt ist frei.<\/p>\n<p>\u00a0<\/p>\n","protected":false},"excerpt":{"rendered":"An einem Sommerwochenende in M\u00fcnchen hat man meist ja die Qual der Wahl und einen vollen Terminkalender: Freunde&hellip;\n","protected":false},"author":2,"featured_media":261874,"comment_status":"","ping_status":"","sticky":false,"template":"","format":"standard","meta":{"footnotes":""},"categories":[1827],"tags":[11912,772,29,4447,8513,30,23948,1268,1467,4749],"class_list":{"0":"post-261873","1":"post","2":"type-post","3":"status-publish","4":"format-standard","5":"has-post-thumbnail","7":"category-muenchen","8":"tag-kostenlos","9":"tag-bayern","10":"tag-deutschland","11":"tag-events","12":"tag-flohmarkt","13":"tag-germany","14":"tag-highlights","15":"tag-muenchen","16":"tag-tipps","17":"tag-wochenende"},"share_on_mastodon":{"url":"https:\/\/pubeurope.com\/@de\/114838977134053685","error":""},"_links":{"self":[{"href":"https:\/\/www.europesays.com\/de\/wp-json\/wp\/v2\/posts\/261873","targetHints":{"allow":["GET"]}}],"collection":[{"href":"https:\/\/www.europesays.com\/de\/wp-json\/wp\/v2\/posts"}],"about":[{"href":"https:\/\/www.europesays.com\/de\/wp-json\/wp\/v2\/types\/post"}],"author":[{"embeddable":true,"href":"https:\/\/www.europesays.com\/de\/wp-json\/wp\/v2\/users\/2"}],"replies":[{"embeddable":true,"href":"https:\/\/www.europesays.com\/de\/wp-json\/wp\/v2\/comments?post=261873"}],"version-history":[{"count":0,"href":"https:\/\/www.europesays.com\/de\/wp-json\/wp\/v2\/posts\/261873\/revisions"}],"wp:featuredmedia":[{"embeddable":true,"href":"https:\/\/www.europesays.com\/de\/wp-json\/wp\/v2\/media\/261874"}],"wp:attachment":[{"href":"https:\/\/www.europesays.com\/de\/wp-json\/wp\/v2\/media?parent=261873"}],"wp:term":[{"taxonomy":"category","embeddable":true,"href":"https:\/\/www.europesays.com\/de\/wp-json\/wp\/v2\/categories?post=261873"},{"taxonomy":"post_tag","embeddable":true,"href":"https:\/\/www.europesays.com\/de\/wp-json\/wp\/v2\/tags?post=261873"}],"curies":[{"name":"wp","href":"https:\/\/api.w.org\/{rel}","templated":true}]}}