{"id":261881,"date":"2025-07-12T07:04:10","date_gmt":"2025-07-12T07:04:10","guid":{"rendered":"https:\/\/www.europesays.com\/de\/261881\/"},"modified":"2025-07-12T07:04:10","modified_gmt":"2025-07-12T07:04:10","slug":"schauer-und-gewitter-in-berlin-regnerisches-wochenende-erwartet","status":"publish","type":"post","link":"https:\/\/www.europesays.com\/de\/261881\/","title":{"rendered":"Schauer und Gewitter in Berlin: Regnerisches Wochenende erwartet"},"content":{"rendered":"<p class=\"tspAMht tspAMhu\">Das Wochenende k\u00f6nnte in Teilen von Berlin und Brandenburg nass werden. F\u00fcr heute prognostiziert der Deutsche Wetterdienst (DWD) regional Starkregen und lokale Gewitter. Die Temperaturen liegen bei 19 bis 21 Grad. Der Regen soll sich in der Nacht zum Sonntag fortsetzen, wobei die Temperaturen auf 14 bis 16 Grad absinken. <\/p>\n<p><a href=\"https:\/\/abo.tagesspiegel.de\/tagesspiegel-app?icid=single-topic_14012450___\" data-gtm-class=\"article-mzt-link\" class=\"tspBJk9\" rel=\"nofollow noopener\" target=\"_blank\">Die Tagesspiegel-App Aktuelle Nachrichten, Hintergr\u00fcnde und Analysen direkt auf Ihr Smartphone. Dazu die digitale Zeitung. Hier gratis herunterladen.  <\/a><\/p>\n<p class=\"tspAMht\">Tags\u00fcber wird es dann laut DWD bei etwas h\u00f6heren Temperaturen von 22 bis 24 Grad \u00e4hnlich wechselhaft wie heute. Am Montag kann es noch vereinzelt zu Schauern oder Gewittern kommen. Die H\u00f6chstwerte werden auf 25 bis 27 Grad gesch\u00e4tzt. (dpa)<\/p>\n","protected":false},"excerpt":{"rendered":"Das Wochenende k\u00f6nnte in Teilen von Berlin und Brandenburg nass werden. F\u00fcr heute prognostiziert der Deutsche Wetterdienst (DWD)&hellip;\n","protected":false},"author":2,"featured_media":261882,"comment_status":"","ping_status":"","sticky":false,"template":"","format":"standard","meta":{"footnotes":""},"categories":[1825],"tags":[1941,1939,296,1937,1890,29,30,1940,1938],"class_list":{"0":"post-261881","1":"post","2":"type-post","3":"status-publish","4":"format-standard","5":"has-post-thumbnail","7":"category-berlin","8":"tag-aktuelle-nachrichten-aus-berlin","9":"tag-aktuelle-news-aus-berlin","10":"tag-berlin","11":"tag-berlin-news","12":"tag-brandenburg","13":"tag-deutschland","14":"tag-germany","15":"tag-nachrichten-aus-berlin","16":"tag-news-aus-berlin"},"share_on_mastodon":{"url":"https:\/\/pubeurope.com\/@de\/114838992575946537","error":""},"_links":{"self":[{"href":"https:\/\/www.europesays.com\/de\/wp-json\/wp\/v2\/posts\/261881","targetHints":{"allow":["GET"]}}],"collection":[{"href":"https:\/\/www.europesays.com\/de\/wp-json\/wp\/v2\/posts"}],"about":[{"href":"https:\/\/www.europesays.com\/de\/wp-json\/wp\/v2\/types\/post"}],"author":[{"embeddable":true,"href":"https:\/\/www.europesays.com\/de\/wp-json\/wp\/v2\/users\/2"}],"replies":[{"embeddable":true,"href":"https:\/\/www.europesays.com\/de\/wp-json\/wp\/v2\/comments?post=261881"}],"version-history":[{"count":0,"href":"https:\/\/www.europesays.com\/de\/wp-json\/wp\/v2\/posts\/261881\/revisions"}],"wp:featuredmedia":[{"embeddable":true,"href":"https:\/\/www.europesays.com\/de\/wp-json\/wp\/v2\/media\/261882"}],"wp:attachment":[{"href":"https:\/\/www.europesays.com\/de\/wp-json\/wp\/v2\/media?parent=261881"}],"wp:term":[{"taxonomy":"category","embeddable":true,"href":"https:\/\/www.europesays.com\/de\/wp-json\/wp\/v2\/categories?post=261881"},{"taxonomy":"post_tag","embeddable":true,"href":"https:\/\/www.europesays.com\/de\/wp-json\/wp\/v2\/tags?post=261881"}],"curies":[{"name":"wp","href":"https:\/\/api.w.org\/{rel}","templated":true}]}}