{"id":261914,"date":"2025-07-12T07:23:15","date_gmt":"2025-07-12T07:23:15","guid":{"rendered":"https:\/\/www.europesays.com\/de\/261914\/"},"modified":"2025-07-12T07:23:15","modified_gmt":"2025-07-12T07:23:15","slug":"zugesagte-foerdermittel-fuer-bezahlbare-wohnungen-zurueckgestellt","status":"publish","type":"post","link":"https:\/\/www.europesays.com\/de\/261914\/","title":{"rendered":"Zugesagte F\u00f6rdermittel f\u00fcr bezahlbare Wohnungen zur\u00fcckgestellt"},"content":{"rendered":"<p class=\"fp-paragraph\">Im Rahmen eines Ortstermins auf dem Baufeld des Haller Neubaugebietes an der Masch haben B\u00fcrgermeister <a href=\"https:\/\/www.westfalen-blatt.de\/owl\/themen\/thomas-tappe\" rel=\"nofollow noopener\" target=\"_blank\">Thomas Tappe<\/a>, Bj\u00f6rn H\u00fcllbrock, Vorstand der Wohnungsgenossenschaft Postweg e.G., sowie Rainer Heller von der Pyramis GmbH einen Appell ins politische Berlin und D\u00fcsseldorf gerichtet, das nach dem Vorbild des \u201eDetmolder Modells\u201c geplante Baugebiet mit ausreichenden F\u00f6rdermitteln und Darlehen f\u00fcr bezahlbaren Wohnraum zu unterst\u00fctzen.<\/p>\n<p class=\"fp-paragraph\">Die Stadt Halle erfreut sich gro\u00dfer Beliebtheit. Das Wachstum stellt die Kommune jedoch vor gro\u00dfe Herausforderungen auf dem Wohnungsmarkt. Vor allem f\u00fcr Menschen mit geringem und mittlerem Einkommen wird bezahlbarer Wohnraum zunehmend knapp.<\/p>\n<p>Appell an die Bundes- und Landesregierung<\/p>\n<p class=\"fp-paragraph\">\u201eWir m\u00f6chten als Stadt mit gutem Beispiel vorangehen und zeigen, dass nachhaltiger, klimafreundlicher und gleichzeitig bezahlbarer Wohnungsbau m\u00f6glich ist \u2013 wenn die Rahmenbedingungen stimmen\u201c, so B\u00fcrgermeister Thomas Tappe. \u201eDaf\u00fcr brauchen wir aber die verl\u00e4ssliche Unterst\u00fctzung der Bundes- und Landespolitik \u2013 insbesondere durch die Kreditanstalt f\u00fcr Wiederaufbau sowie Wohnraumf\u00f6rdermittel der NRW.BANK, ohne die das Projekt nicht realisiert werden kann.\u201c<\/p>\n<p class=\"fp-paragraph\">In der vergangenen Woche wurde bekannt, dass die verbindliche Zusage von beantragten F\u00f6rdermitteln durch den Kreis G\u00fctersloh an die Stadt Halle vorerst zur\u00fcckgestellt wurde. Begr\u00fcndet wird dies damit, dass nun zun\u00e4chst andere Kommunen im Kreisgebiet \u201ean der Reihe\u201c seien. Dieser Umstand stellt die weiteren Planungen f\u00fcr das Baugebiet an der Masch vor unerwartete Schwierigkeiten, obwohl der Bedarf an bezahlbarem Wohnraum in Halle weiterhin dringend ist.<\/p>\n<p class=\"fp-paragraph\">Auch Michael Kirchner, Mitgesch\u00e4ftsf\u00fchrer der Wohnungsbaugenossenschaft Postweg e.G., nimmt hierzu Stellung: \u201eLand und Bund bringen Kommunen und Kreise in die unglaubliche Situation, dass existenzielle Bauprojekte f\u00fcr mehr bezahlbaren Wohnraum wie in der Masch zur\u00fcckgestellt werden, weil die Mittelt\u00f6pfe beschr\u00e4nkt sind. Ich kann dem B\u00fcrgermeister nur beipflichten, dass Bund und Land in der Pflicht stehen, ausreichend Mittel bereitzustellen, um dieses brennende Problem in den Kommunen anzugehen.\u201c<\/p>\n<p class=\"fp-paragraph\">Nat\u00fcrlich teile er den Optimismus von B\u00fcrgermeister Thomas Tappe, dass man in absehbarer Zeit mit dem Neubau in der Masch beginnen k\u00f6nne. \u201eAuch wenn ich die Intention des Kreises G\u00fctersloh verstehen kann, so kann es doch nicht sein, dass die Kommunen, die aktiv das existenzielle Wohnungsbauthema vor Ort angehen, zum Nichtstun verdammt werden.\u201c<\/p>\n<p>MEHR ZUM THEMA<\/p>\n<p class=\"fp-paragraph\">Die Genossenschaft Postweg e.G. ist ein Gemeinschaftsprojekt der Stadt Halle, der TWO und des M\u00fcnsteraner Projektentwicklers Pyramis Immobilien Entwicklungs GmbH. Ihr Ziel: bezahlbaren und nachhaltigen Wohnraum f\u00fcr die B\u00fcrgerinnen und B\u00fcrger in Halle zu realisieren \u2013 ganz ohne Belastung des st\u00e4dtischen Haushalts.<\/p>\n<p class=\"fp-paragraph\">Ein Beispiel f\u00fcr die konkrete Umsetzung ist das j\u00fcngst errichtete Mehrfamilienhaus am Postweg, das auf einem Grundst\u00fcck steht, das die Stadt im Rahmen eines Aktivtauschs in die Genossenschaft eingebracht hat. Planung und Bau \u00fcbernahm auch hier die Pyramis GmbH. un Wohneinheiten, das den Anforderungen der aktuellen KfW-F\u00f6rderrichtlinien entspricht.<\/p>\n<p class=\"fp-paragraph\">Die Haller folgen mit ihrer Genossenschaft dem erfolgreichen Beispiel aus Detmold, wo durch die Gr\u00fcndung einer kommunalen Wohnungsgenossenschaft bereits \u00fcber 100 Menschen bezahlbarer Wohnraum zur Verf\u00fcgung gestellt werden konnte. Das Besondere am Modell: Die Kommune bringt ein Grundst\u00fcck ein, \u00fcbernimmt keine Bauherrnaufgaben, bleibt aber steuerndes Mitglied der Genossenschaft und kann die sozialen und wohnungspolitischen Ziele dauerhaft sichern.<\/p>\n<p>Das &#8222;Detmolder Modell&#8220;<\/p>\n<p class=\"fp-paragraph\">Die Finanzierung erfolgt \u00fcber zinsg\u00fcnstige Kredite. Die Mieten decken die Tilgung \u2013 eine Gewinnerzielung ist nicht vorgesehen. Zudem werden alle bautechnischen Aufgaben an erfahrene Partner wie der Pyramis \u00fcbertragen, wodurch die Verwaltung entlastet wird.<\/p>\n<p class=\"fp-paragraph\">Bj\u00f6rn H\u00fcllbrock, st\u00e4dtischer K\u00e4mmerer und Vorstand der Wohnungsgenossenschaft Postweg e.G., hofft nun, dass an der Masch die Erfolgsgeschichte weitergeschrieben werden kann. \u201eWir haben gezeigt, dass wir es k\u00f6nnen \u2013 jetzt m\u00fcssen auch die Kredite f\u00fcr unsere Pl\u00e4ne an der Masch zur Verf\u00fcgung gestellt werden. Daf\u00fcr ist es wichtig, dass die neue politische F\u00fchrung in Berlin und D\u00fcsseldorf das Detmolder Modell kennen und sch\u00e4tzen lernt.<\/p>\n","protected":false},"excerpt":{"rendered":"Im Rahmen eines Ortstermins auf dem Baufeld des Haller Neubaugebietes an der Masch haben B\u00fcrgermeister Thomas Tappe, Bj\u00f6rn&hellip;\n","protected":false},"author":2,"featured_media":261915,"comment_status":"","ping_status":"","sticky":false,"template":"","format":"standard","meta":{"footnotes":""},"categories":[1860],"tags":[3364,29,548,663,3934,30,4062,17332,13,14,15,17331,860,12],"class_list":{"0":"post-261914","1":"post","2":"type-post","3":"status-publish","4":"format-standard","5":"has-post-thumbnail","7":"category-halle-saale","8":"tag-de","9":"tag-deutschland","10":"tag-eu","11":"tag-europa","12":"tag-europe","13":"tag-germany","14":"tag-halle","15":"tag-halle-saale","16":"tag-headlines","17":"tag-nachrichten","18":"tag-news","19":"tag-saale","20":"tag-sachsen-anhalt","21":"tag-schlagzeilen"},"share_on_mastodon":{"url":"https:\/\/pubeurope.com\/@de\/114839067594010298","error":""},"_links":{"self":[{"href":"https:\/\/www.europesays.com\/de\/wp-json\/wp\/v2\/posts\/261914","targetHints":{"allow":["GET"]}}],"collection":[{"href":"https:\/\/www.europesays.com\/de\/wp-json\/wp\/v2\/posts"}],"about":[{"href":"https:\/\/www.europesays.com\/de\/wp-json\/wp\/v2\/types\/post"}],"author":[{"embeddable":true,"href":"https:\/\/www.europesays.com\/de\/wp-json\/wp\/v2\/users\/2"}],"replies":[{"embeddable":true,"href":"https:\/\/www.europesays.com\/de\/wp-json\/wp\/v2\/comments?post=261914"}],"version-history":[{"count":0,"href":"https:\/\/www.europesays.com\/de\/wp-json\/wp\/v2\/posts\/261914\/revisions"}],"wp:featuredmedia":[{"embeddable":true,"href":"https:\/\/www.europesays.com\/de\/wp-json\/wp\/v2\/media\/261915"}],"wp:attachment":[{"href":"https:\/\/www.europesays.com\/de\/wp-json\/wp\/v2\/media?parent=261914"}],"wp:term":[{"taxonomy":"category","embeddable":true,"href":"https:\/\/www.europesays.com\/de\/wp-json\/wp\/v2\/categories?post=261914"},{"taxonomy":"post_tag","embeddable":true,"href":"https:\/\/www.europesays.com\/de\/wp-json\/wp\/v2\/tags?post=261914"}],"curies":[{"name":"wp","href":"https:\/\/api.w.org\/{rel}","templated":true}]}}