{"id":261927,"date":"2025-07-12T07:30:14","date_gmt":"2025-07-12T07:30:14","guid":{"rendered":"https:\/\/www.europesays.com\/de\/261927\/"},"modified":"2025-07-12T07:30:14","modified_gmt":"2025-07-12T07:30:14","slug":"diese-strassen-in-wiesbaden-sind-jetzt-gesperrt","status":"publish","type":"post","link":"https:\/\/www.europesays.com\/de\/261927\/","title":{"rendered":"Diese Stra\u00dfen in Wiesbaden sind jetzt gesperrt"},"content":{"rendered":"<p>In Wiesbaden stehen in der n\u00e4chsten Wochen wieder zahlreiche Bauarbeiten an. Welche Stra\u00dfen gesperrt werden und wo es zu Behinderungen kommt, erfahrt ihr in unserer \u00dcbersicht.<\/p>\n<p>Nordost<\/p>\n<p>Die Kapellenstra\u00dfe wird zwischen Geisbergstra\u00dfe und Dambachtal von Montag (14. Juli) bis voraussichtlich Dienstag (22. Juli) voll gesperrt. Grund ist eine Suchgrabung. In der Geisbergstra\u00dfe Ecke Kapellenstra\u00dfe steht nur ein Fahrstreifen zur Verf\u00fcgung. Radfahrer m\u00fcssen die ausgeschilderte Umleitung nutzen.<\/p>\n<p>S\u00fcdost<\/p>\n<p>Die Stanleystra\u00dfe wird von Montag (14. Juli) bis voraussichtlich 29. August zwischen der Hausnummer 8 und dem Einm\u00fcndungsbereich Am Langelsweinberg voll gesperrt. Grund ist die Erneuerung des Kanals. Die Sperrung betrifft auch den Radverkehr.<\/p>\n<p>Biebrich<\/p>\n<p>Die <strong>Taubenstra\u00dfe<\/strong> zwischen Steinstra\u00dfe und Entenstra\u00dfe wird ab Montag (14. Juli) bis voraussichtlich 7. September f\u00fcr den Fahrzeug- und Radverkehr voll gesperrt. Grund sind Tiefbauarbeiten f\u00fcr neue Wasser- und Fernw\u00e4rmeleitungen. Im Anschluss folgen weitere Bauabschnitte in der Entenstra\u00dfe.<\/p>\n<p>In der <strong>\u00c4ppelallee unter der A643<\/strong> wird von Montag (14. Juli) bis 1. August wechselseitig eine Fahrspur gesperrt. Grund sind Arbeiten zur Kanalsanierung und Erneuerung der Gehwege nach einer Besch\u00e4digung durch den Br\u00fcckenneubau.<\/p>\n<p>Die Stra\u00dfe \u201e<strong>Im Rosenfeld<\/strong>\u201c wird vor der Hausnummer 1 von Montag (14. Juli) bis voraussichtlich 1. August voll gesperrt. Grund sind Tiefbauarbeiten f\u00fcr einen neuen Hausanschluss. Anlieger k\u00f6nnen ihre Grundst\u00fccke \u00fcber die \u00c4ppelallee und Eupener Stra\u00dfe erreichen.<\/p>\n<p>Delkenheim<\/p>\n<p>Die Freiburger Stra\u00dfe wird von Montag (14. Juli) bis voraussichtlich 8. August voll gesperrt. Die Buslinien 44, 48 und N2 werden umgeleitet. In Richtung Hochheim fahren die Busse ab der Haltestelle \u201eN\u00fcrnberger Stra\u00dfe\u201c \u00fcber die M\u00fcnchner Stra\u00dfe, Gotenstra\u00dfe, R\u00f6merstra\u00dfe und Angelsachsenstra\u00dfe.<\/p>\n<p>Igstadt<\/p>\n<p>Die Sudetenstra\u00dfe wird auf H\u00f6he der Hausnummer 7 von Montag (14. Juli) bis voraussichtlich Freitag (18. Juli) voll gesperrt. Grund ist die Behebung einer Kabelst\u00f6rung. Die Sperrung betrifft auch den Radverkehr.<\/p>\n<p>Dotzheim<\/p>\n<p>Die Holzstra\u00dfe wird von Hausnummer 23 bis 29 ab Freitag (18. Juli) bis voraussichtlich Mitte August voll gesperrt. Grund sind Tiefbauarbeiten f\u00fcr eine neue Wasserleitung und eine Kanalreparatur. Die Grundst\u00fccke bleiben \u00fcber die Homburger Stra\u00dfe oder Dotzheimer Stra\u00dfe\/Wiesbadener Stra\u00dfe erreichbar.<\/p>\n<p>He\u00dfloch<\/p>\n<p>Die Vogelsangstra\u00dfe wird von Donnerstag (17. Juli) bis voraussichtlich 1. August auf H\u00f6he der Hausnummer 1 voll gesperrt. Grund sind Arbeiten an der Gashochdruckleitung. Eine gro\u00dfr\u00e4umige Umleitung ist ausgeschildert.<\/p>\n<p>Rheingauviertel<\/p>\n<p>Die Daimlerstra\u00dfe ist im Einm\u00fcndungsbereich Flachstra\u00dfe\/Anne-Frank-Stra\u00dfe auf H\u00f6he der Hausnummer 53 bis voraussichtlich Ende September voll gesperrt. Die Einm\u00fcndung Flachstra\u00dfe zur Anne-Frank-Stra\u00dfe wird eingeengt und ampelgeregelt. Stadtausw\u00e4rts wird \u00fcber die Dotzheimer Stra\u00dfe, Wiesbadener Stra\u00dfe, Sch\u00f6nbergstra\u00dfe und Flachstra\u00dfe umgeleitet.<\/p>\n<p>Kostheim<\/p>\n<p>Der <strong>Bahn\u00fcbergang im Gartenweg<\/strong> wird von Freitag (18. Juli) bis voraussichtlich Montag (21. Juli) voll gesperrt. Grund ist die Beseitigung von Gefahrstellen. Die Sperrung betrifft auch Radfahrer und Fu\u00dfg\u00e4nger. Eine Umleitung ist \u00fcber die Eichenstra\u00dfe \u2013 Steinern-Kreuz-Weg \u2013 Hochheimer Stra\u00dfe bis Siebenmorgenweg eingerichtet.<\/p>\n<p>Die Stra\u00dfe \u201e<strong>Am blauen Garten<\/strong>\u201c wird auf H\u00f6he der Einm\u00fcndung Siebenmorgenweg von Donnerstag (17. Juli) bis voraussichtlich 30. Juli voll gesperrt. Grund ist die Erneuerung eines Hausanschlusses.<\/p>\n","protected":false},"excerpt":{"rendered":"In Wiesbaden stehen in der n\u00e4chsten Wochen wieder zahlreiche Bauarbeiten an. Welche Stra\u00dfen gesperrt werden und wo es&hellip;\n","protected":false},"author":2,"featured_media":261928,"comment_status":"","ping_status":"","sticky":false,"template":"","format":"standard","meta":{"footnotes":""},"categories":[1847],"tags":[3364,29,548,663,3934,30,13,2052,14,15,12,4544],"class_list":{"0":"post-261927","1":"post","2":"type-post","3":"status-publish","4":"format-standard","5":"has-post-thumbnail","7":"category-wiesbaden","8":"tag-de","9":"tag-deutschland","10":"tag-eu","11":"tag-europa","12":"tag-europe","13":"tag-germany","14":"tag-headlines","15":"tag-hessen","16":"tag-nachrichten","17":"tag-news","18":"tag-schlagzeilen","19":"tag-wiesbaden"},"share_on_mastodon":{"url":"","error":""},"_links":{"self":[{"href":"https:\/\/www.europesays.com\/de\/wp-json\/wp\/v2\/posts\/261927","targetHints":{"allow":["GET"]}}],"collection":[{"href":"https:\/\/www.europesays.com\/de\/wp-json\/wp\/v2\/posts"}],"about":[{"href":"https:\/\/www.europesays.com\/de\/wp-json\/wp\/v2\/types\/post"}],"author":[{"embeddable":true,"href":"https:\/\/www.europesays.com\/de\/wp-json\/wp\/v2\/users\/2"}],"replies":[{"embeddable":true,"href":"https:\/\/www.europesays.com\/de\/wp-json\/wp\/v2\/comments?post=261927"}],"version-history":[{"count":0,"href":"https:\/\/www.europesays.com\/de\/wp-json\/wp\/v2\/posts\/261927\/revisions"}],"wp:featuredmedia":[{"embeddable":true,"href":"https:\/\/www.europesays.com\/de\/wp-json\/wp\/v2\/media\/261928"}],"wp:attachment":[{"href":"https:\/\/www.europesays.com\/de\/wp-json\/wp\/v2\/media?parent=261927"}],"wp:term":[{"taxonomy":"category","embeddable":true,"href":"https:\/\/www.europesays.com\/de\/wp-json\/wp\/v2\/categories?post=261927"},{"taxonomy":"post_tag","embeddable":true,"href":"https:\/\/www.europesays.com\/de\/wp-json\/wp\/v2\/tags?post=261927"}],"curies":[{"name":"wp","href":"https:\/\/api.w.org\/{rel}","templated":true}]}}