{"id":261929,"date":"2025-07-12T07:31:11","date_gmt":"2025-07-12T07:31:11","guid":{"rendered":"https:\/\/www.europesays.com\/de\/261929\/"},"modified":"2025-07-12T07:31:11","modified_gmt":"2025-07-12T07:31:11","slug":"diese-neuen-restaurants-haben-im-juli-2025-in-augsburg-eroeffnet","status":"publish","type":"post","link":"https:\/\/www.europesays.com\/de\/261929\/","title":{"rendered":"Diese neuen Restaurants haben im Juli 2025 in Augsburg er\u00f6ffnet"},"content":{"rendered":"<p>            Balkan-K\u00fcche \u201eRestaurant at Tiffany\u2018s\u201c in G\u00f6ggingen<\/p>\n<p class=\"mb-6 text-xs md:text-m lg:text-l font-serif group-[.font-sans]:font-sans \">\n    Es war eine Institution in Augsburg-G\u00f6ggingen: Im ehemaligen Caf\u00e9 Schweiger gingen seit 1951 tausende Menschen ein und aus. Nun ist aus dem alt eingesessenen Caf\u00e9 ein Restaurant geworden: <a href=\"https:\/\/www.augsburger-allgemeine.de\/augsburg\/augsburg-zwei-frauen-wagen-im-frueheren-cafe-schweiger-einen-neustart-nach-einem-schicksalsschlag-12-07-110396497\" target=\"_self\" class=\"underline \" rel=\"nofollow noopener\">das Restaurant at Tiffany\u2018s<\/a>. Es wird von einer Mutter und ihrer Tochter gef\u00fchrt. Die beiden setzen auf Balkan-K\u00fcche mit serbisch-kroatischen Speisen. Es werden aber auch bayerische Schmankerl wie Allg\u00e4uer Schnitzel und Schwabentopf serviert. Auch optisch will das Restaurant \u00fcberzeugen: etwa mit alten Stichen an den W\u00e4nden, die Augsburger Pl\u00e4tze zeigen.\n  <\/p>\n<p class=\"mb-6 text-xs md:text-m lg:text-l font-serif group-[.font-sans]:font-sans \">\n    Das Restaurant at Tiffany\u2018s ist t\u00e4glich von 11\u00a0bis 22 Uhr ge\u00f6ffnet. Warme K\u00fcche gibt es von 11 bis 14 Uhr sowie von 17 bis 21 Uhr. Am Sonntag ist Ruhetag.\n  <\/p>\n<p>            Grill-Lokal \u201eThe Post Bar &amp; Grill\u201c an der Schie\u00dfst\u00e4tte am Wittelsbacher Park<\/p>\n<p class=\"mb-6 text-xs md:text-m lg:text-l font-serif group-[.font-sans]:font-sans \">\n    Auch das Flannigan\u2018s Post ist eine Institution in <a href=\"https:\/\/www.augsburger-allgemeine.de\/augsburg\/\" target=\"_self\" class=\"underline \" rel=\"nofollow noopener\">Augsburg<\/a>. Die Betreiber des Irish Pubs neben dem K\u00f6nigsplatz haben nun ein weiteres Restaurant an einem anderen Standort er\u00f6ffnet: Am 4. Juli \u00f6ffnete das The Post Bar &amp; Grill an der Schie\u00dfst\u00e4tte am <a href=\"https:\/\/www.augsburger-allgemeine.de\/orte\/aa-wittelsbacher-park\" target=\"_self\" class=\"underline \" rel=\"nofollow noopener\">Wittelsbacher Park<\/a> seine T\u00fcren. Auf der Speisekarte steht eine Mischung aus texanischer und bayerischer K\u00fcche, etwa Onion Rings, Fried Pickles oder Chickenwings. Es werden aber auch Schnitzel, K\u00e4sssp\u00e4tzle oder Backhendl serviert. Eingerichtet ist das Lokal unkonventionell: Helle und dunkle Farben wechseln sich ab, an der Wand h\u00e4ngen Hirschgeweihe und alte R\u00e4der von Leiterwagen. Was es sonst noch \u00fcber das Restaurant zu wissen gibt, <a href=\"https:\/\/www.augsburger-allgemeine.de\/augsburg\/zwei-bekannte-gastronomen-wollen-augsburger-lokal-schiessstaette-neu-beleben-110268439\" target=\"_self\" class=\"underline \" rel=\"nofollow noopener\">erfahren Sie hier<\/a>.\n  <\/p>\n<p class=\"mb-6 text-xs md:text-m lg:text-l font-serif group-[.font-sans]:font-sans \">\n    Die \u00d6ffnungszeiten des The Post Bar &amp; Grill sind Dienstag bis Donnerstag von 17 bis 23 Uhr, Freitag von 14 bis 23 Uhr und Samstag und Sonntag jeweils von 11 bis 23 Uhr. Montag ist Ruhetag.\n  <\/p>\n<p>            Kommt \u201eCrusty Slices\u201c nach Augsburg?<\/p>\n<p class=\"mb-6 text-xs md:text-m lg:text-l font-serif group-[.font-sans]:font-sans \">\n    Noch unklar ist, ob diese Fast-Food-Kette wirklich nach Augsburg kommt: Ein Beitrag des Unternehmens Crusty Slices in dem Sozialen Netzwerk Tiktok legte nahe, dass in Augsburg ein Fast-Food-Franchise der Kette er\u00f6ffnen k\u00f6nnte. Dann verschwand der Post \u2013 und das Unternehmen reagierte nicht auf eine Anfrage unserer Redaktion. Noch hei\u00dft es also: abwarten. K\u00e4me Crusty Slices nach Augsburg, k\u00f6nnten sich Kundinnen und Kunden etwa zwischen s\u00fc\u00dfen oder salzigen Croissants entscheiden. Mehr zu den Ger\u00fcchten um eine m\u00f6gliche Er\u00f6ffnung <a href=\"https:\/\/www.augsburger-allgemeine.de\/augsburg\/neues-aus-dem-augsburger-handel-grillwuerste-in-der-annastrasse-und-brautmode-in-der-karolinenstrasse-110184661\" target=\"_self\" class=\"underline \" rel=\"nofollow noopener\">lesen Sie hier<\/a>.\n  <\/p>\n<p>      <a href=\"https:\/\/www.augsburger-allgemeine.de\/augsburg\/augsburg-indisch-essen-fuenf-restaurant-tipps-109077980\" class=\"hidden  &#010;                md:block md:mr-5 md:min-w-[140px]  aspect-photo md:aspect-tv lg:aspect-tv w-fullXXX relative self-start inline overflow-hidden\" rel=\"nofollow noopener\" target=\"_blank\"><\/p>\n<p>    <img decoding=\"async\" src=\"https:\/\/images.mgpd.de\/img\/110013382\/crop\/c1_1-w100\/66896752\/184436375\/listicle-indisch.jpg\" alt=\"Tanmay Nayyar (links) serviert im Noon Mirch indisches Essen. Das Restaurant ist nicht das einzige, das unsere Redaktion in Augsburg empfehlen kann. \" title=\"Tanmay Nayyar (links) serviert im Noon Mirch indisches Essen. Das Restaurant ist nicht das einzige, das unsere Redaktion in Augsburg empfehlen kann. \" class=\"group-[.is-overlay]:w-full\"\/><br \/>\n   <\/a><\/p>\n<p>            \u201eNordsee\u201c-Filiale am Stadtmarkt schlie\u00dft<\/p>\n<p class=\"mb-6 text-xs md:text-m lg:text-l font-serif group-[.font-sans]:font-sans \">\n    Die Fast-Food-Kette Nordsee <a href=\"https:\/\/www.augsburger-allgemeine.de\/augsburg\/augsburg-nordsee-gibt-filiale-am-stadtmarkt-auf-110394509\" target=\"_self\" class=\"underline \" rel=\"nofollow noopener\">hat ihre Filiale am Augsburger Stadtmarkt geschlossen<\/a>. Das Unternehmen konzentriert sich nun auf den Standort in der City-Galerie. (AZ)\n  <\/p>\n<ul data-module-id=\"DragDropModule\" class=\"flex flex-wrap justify-start group-[.no-bookmarks]:hidden\">\n<li class=\"mb-3 mr-3\">\n    Augsburg<\/p>\n<p>      Icon Haken im Kreis gesetzt<\/p>\n<p>      Icon Plus im Kreis<\/p>\n<\/li>\n<li class=\"mb-3 mr-3\">\n    Restaurant<\/p>\n<p>      Icon Haken im Kreis gesetzt<\/p>\n<p>      Icon Plus im Kreis<\/p>\n<\/li>\n<li class=\"mb-3 mr-3\">\n    Tiffany<\/p>\n<p>      Icon Haken im Kreis gesetzt<\/p>\n<p>      Icon Plus im Kreis<\/p>\n<\/li>\n<\/ul>\n","protected":false},"excerpt":{"rendered":"Balkan-K\u00fcche \u201eRestaurant at Tiffany\u2018s\u201c in G\u00f6ggingen Es war eine Institution in Augsburg-G\u00f6ggingen: Im ehemaligen Caf\u00e9 Schweiger gingen seit&hellip;\n","protected":false},"author":2,"featured_media":261930,"comment_status":"","ping_status":"","sticky":false,"template":"","format":"standard","meta":{"footnotes":""},"categories":[1846],"tags":[680,772,3364,29,548,663,3934,30,13,14,15,12],"class_list":{"0":"post-261929","1":"post","2":"type-post","3":"status-publish","4":"format-standard","5":"has-post-thumbnail","7":"category-augsburg","8":"tag-augsburg","9":"tag-bayern","10":"tag-de","11":"tag-deutschland","12":"tag-eu","13":"tag-europa","14":"tag-europe","15":"tag-germany","16":"tag-headlines","17":"tag-nachrichten","18":"tag-news","19":"tag-schlagzeilen"},"share_on_mastodon":{"url":"https:\/\/pubeurope.com\/@de\/114839098715462754","error":""},"_links":{"self":[{"href":"https:\/\/www.europesays.com\/de\/wp-json\/wp\/v2\/posts\/261929","targetHints":{"allow":["GET"]}}],"collection":[{"href":"https:\/\/www.europesays.com\/de\/wp-json\/wp\/v2\/posts"}],"about":[{"href":"https:\/\/www.europesays.com\/de\/wp-json\/wp\/v2\/types\/post"}],"author":[{"embeddable":true,"href":"https:\/\/www.europesays.com\/de\/wp-json\/wp\/v2\/users\/2"}],"replies":[{"embeddable":true,"href":"https:\/\/www.europesays.com\/de\/wp-json\/wp\/v2\/comments?post=261929"}],"version-history":[{"count":0,"href":"https:\/\/www.europesays.com\/de\/wp-json\/wp\/v2\/posts\/261929\/revisions"}],"wp:featuredmedia":[{"embeddable":true,"href":"https:\/\/www.europesays.com\/de\/wp-json\/wp\/v2\/media\/261930"}],"wp:attachment":[{"href":"https:\/\/www.europesays.com\/de\/wp-json\/wp\/v2\/media?parent=261929"}],"wp:term":[{"taxonomy":"category","embeddable":true,"href":"https:\/\/www.europesays.com\/de\/wp-json\/wp\/v2\/categories?post=261929"},{"taxonomy":"post_tag","embeddable":true,"href":"https:\/\/www.europesays.com\/de\/wp-json\/wp\/v2\/tags?post=261929"}],"curies":[{"name":"wp","href":"https:\/\/api.w.org\/{rel}","templated":true}]}}