{"id":261951,"date":"2025-07-12T07:43:15","date_gmt":"2025-07-12T07:43:15","guid":{"rendered":"https:\/\/www.europesays.com\/de\/261951\/"},"modified":"2025-07-12T07:43:15","modified_gmt":"2025-07-12T07:43:15","slug":"auswaertiges-amt-warnt-vor-russland-reisen-haft-fuer-alltaegliche-verhaltensweisen","status":"publish","type":"post","link":"https:\/\/www.europesays.com\/de\/261951\/","title":{"rendered":"Ausw\u00e4rtiges Amt warnt vor Russland-Reisen: Haft f\u00fcr \u201eallt\u00e4gliche Verhaltensweisen\u201c"},"content":{"rendered":"<ol class=\"id-DonaldBreadcrumb lp_west_breadcrumb id-DonaldBreadcrumb--default\" data-k5a-pos=\"west_breadcrumb\">\n<li class=\"id-Breadcrumb-item\"><a href=\"https:\/\/www.merkur.de\/\" class=\"id-Breadcrumb-link\" data-id-ec=\"{\" shn=\"\" textlink=\"\" data-k5a-pos=\"1_startseite\" rel=\"nofollow noopener\" target=\"_blank\">Startseite<\/a><\/li>\n<li class=\"id-Breadcrumb-item\"><a href=\"https:\/\/www.merkur.de\/welt\/\" class=\"id-Breadcrumb-link\" data-id-ec=\"{\" shn=\"\" textlink=\"\" data-k5a-pos=\"2_welt\" rel=\"nofollow noopener\" target=\"_blank\">Welt<\/a><\/li>\n<\/ol>\n<p class=\"id-Story-timestamp id-Story-timestamp--default\">Stand: 11.07.2025, 18:56 Uhr<\/p>\n<p class=\"id-Story-authors id-Story-authors--default\">Von: <a class=\"id-Story-authors-link lp_west_author\" href=\"https:\/\/www.merkur.de\/autor\/richard-strobl-donbi6odk.html\" title=\"Zur Autorenseite von Richard Strobl\" data-id-ec=\"{\" shn=\"\" author-link=\"\" strobl=\"\" data-k5a-pos=\"west_author\" rel=\"nofollow noopener\" target=\"_blank\">Richard Strobl<\/a><\/p>\n<p class=\"id-Story-interactionBar id-Story-interactionBar--default\">DruckenTeilen<\/p>\n<p class=\"id-StoryElement-leadText\">Das Ausw\u00e4rtige Amt r\u00e4t dringend von Reisen nach Russland ab. Die Hinweise geben einen bitteren Einblick in Wladimir Putins Regime.<\/p>\n<p class=\"id-StoryElement-paragraph\">Berlin \u2013 W\u00e4hrend der <a href=\"https:\/\/www.merkur.de\/politik\/ukraine-konflikt-sti1524391\/\" class=\"id-import-Link\" title=\"Ukraine-Krieg\" data-id-ec=\"{&quot;sht&quot;:&quot;Container&quot;,&quot;shn&quot;:&quot;Story&quot;,&quot;p&quot;:{&quot;containerType&quot;:&quot;Paragraph&quot;,&quot;displayType&quot;:&quot;Paragraph InlineLink&quot;,&quot;type&quot;:&quot;INLINE_LINK&quot;,&quot;value&quot;:&quot;Ukraine-Krieg&quot;,&quot;variant&quot;:&quot;standardLink&quot;,&quot;sponsored&quot;:false,&quot;linkHref&quot;:&quot;https:\/\/www.merkur.de\/politik\/ukraine-konflikt-sti1524391\/&quot;,&quot;storyElementPosition&quot;:8,&quot;storyElementCount&quot;:24}}\" rel=\"nofollow noopener\" target=\"_blank\">Ukraine-Krieg<\/a> weiter tobt, kursieren immer wieder Meldungen \u00fcber Festnahmen von Ausl\u00e4ndern und Urlaubern in Russland. Das Ausw\u00e4rtige Amt warnt in seinen Reisehinweisen in drastischen Worten vor Reisen in die Russische F\u00f6deration von <a href=\"https:\/\/www.fr.de\/politik\/wladimir-putin-per42970\/\" class=\"id-import-Link id-pageApi-Link--externalDomain\" title=\"Wladimir Putin\" data-id-ec=\"{&quot;sht&quot;:&quot;Container&quot;,&quot;shn&quot;:&quot;Story&quot;,&quot;p&quot;:{&quot;containerType&quot;:&quot;Paragraph&quot;,&quot;displayType&quot;:&quot;Paragraph InlineLink&quot;,&quot;type&quot;:&quot;INLINE_LINK&quot;,&quot;value&quot;:&quot;Wladimir Putin&quot;,&quot;variant&quot;:&quot;standardLink&quot;,&quot;sponsored&quot;:false,&quot;linkHref&quot;:&quot;https:\/\/www.fr.de\/politik\/wladimir-putin-per42970\/&quot;,&quot;storyElementPosition&quot;:8,&quot;storyElementCount&quot;:24}}\" rel=\"nofollow noopener\" target=\"_blank\">Wladimir Putin<\/a>. Es drohen \u201ewillk\u00fcrliche Festnahmen\u201c \u2013 doch das sei erst der Anfang.<\/p>\n<p class=\"id-StoryElement-paragraph\">\u201eVon Reisen in die Russische F\u00f6deration wird dringend abgeraten\u201c, schreibt das Ausw\u00e4rtige Amt in seinen aktualisierten Sicherheitshinweisen zu Russland. Besonders gef\u00e4hrlich vor Reisen in die an die Ukraine angrenzenden Gebiete wie Belgorod oder Kursk. Doch auch im Rest von Russland drohen deutschen Reisenden demnach \u201ewillk\u00fcrliche Festnahmen\u201c, hei\u00dft es.<\/p>\n<p>Ausw\u00e4rtiges Amt warnt vor Russland-Reisen: \u201eKonstruierte Vorw\u00e4nde\u201c<\/p>\n<p class=\"id-StoryElement-paragraph\">Nach Einsch\u00e4tzung des deutschen Au\u00dfenministeriums sei die Presse- und Meinungsfreiheit in <a href=\"https:\/\/www.merkur.de\/politik\/russland-staat-geschichte-politik-bevoelkerung-geografie-staedte-sprache-90176004.html\" class=\"id-import-Link\" data-id-ec=\"{&quot;sht&quot;:&quot;Container&quot;,&quot;shn&quot;:&quot;Story&quot;,&quot;p&quot;:{&quot;containerType&quot;:&quot;Paragraph&quot;,&quot;displayType&quot;:&quot;Paragraph InlineLink&quot;,&quot;type&quot;:&quot;INLINE_LINK&quot;,&quot;value&quot;:&quot;Russland&quot;,&quot;variant&quot;:&quot;standardLink&quot;,&quot;sponsored&quot;:false,&quot;linkHref&quot;:&quot;https:\/\/www.merkur.de\/politik\/russland-staat-geschichte-politik-bevoelkerung-geografie-staedte-sprache-90176004.html&quot;,&quot;storyElementPosition&quot;:12,&quot;storyElementCount&quot;:24}}\" rel=\"nofollow noopener\" target=\"_blank\">Russland<\/a> seit dem Angriff auf die Ukraine \u201ein h\u00f6chstem Ma\u00dfe eingeschr\u00e4nkt\u201c. Man verweist auf \u201eneue Zensurgesetze\u201c. Dadurch k\u00f6nnten Verhaftungen und auch Verurteilungen \u201ejederzeit, auch aufgrund konstruierter Vorw\u00e4nde, erfolgen\u201c.<\/p>\n<p>\u00dcber Reisehinweise des Ausw\u00e4rtigen Amtes<\/p>\n<p class=\"id-StoryElement-factBox-paragraph\">Deutschlands Au\u00dfenministerium \u2013 offiziell Ausw\u00e4rtiges Amt \u2013 gibt Urlaubern laufend wichtige Hinweise f\u00fcr etliche Reisel\u00e4nder. Dies erfolgt meist \u00fcber sogenannte Reisehinweise. In manchen F\u00e4len wird auch eine Reisewarnung ausgesprochen. Dadurch gibt es die Empfehlung, eine Reise nicht zu unternehmen oder abzubrechen. Gr\u00fcnde k\u00f6nnen instabile politische, wirtschaftliche oder gesellschaftliche Verh\u00e4ltnisse oder Katastrophen sein. F\u00fcr Russland gilt aktuell eine \u201eTeilreisewarnung\u201c.<\/p>\n<p class=\"id-StoryElement-paragraph\">Deutsche Reisende k\u00f6nnten von Russland als politisches Druckmittel verwendet werden. Es drohen \u201elange Haftstrafen unter harten Bedingungen\u201c. So seien strafrechtliche Vorgaben in Russland \u201ezum Teil bewusst vage formuliert und k\u00f6nnen allt\u00e4gliche Verhaltensweisen erfassen\u201c, die in Deutschland nicht bestraft werden. <\/p>\n<p><img decoding=\"async\" class=\"id-RatioPlaceholder-element wv_story_el_image\" src=\"https:\/\/www.europesays.com\/de\/wp-content\/uploads\/2025\/07\/1752306193_226_38905233-touristen-stehen-im-jahr-2018-auf-dem-roten-platz-das-auswaertige-amt-warnt-aktuell-vor-rei.jpeg\" loading=\"lazy\"   height=\"733\" width=\"1100\" alt=\"Touristen stehen im Jahr 2018 auf dem Roten Platz. Das Ausw&#xE4;rtige Amt warnt aktuell vor Reisen nach Russland. (Archivbild)\"\/>Touristen stehen im Jahr 2018 auf dem Roten Platz. Das Ausw\u00e4rtige Amt warnt aktuell vor Reisen nach Russland. (Archivbild) \u00a9\u00a0IMAGO\/imageBROKER\/Svetlana<\/p>\n<p class=\"id-StoryElement-paragraph\">Doch auch, wer sich in Russland selbst an alle Regeln h\u00e4lt, ist demnach nicht vor Strafen sicher. Nach den Reisehinweisen k\u00f6nnen pers\u00f6nliche Aufzeichnungen, wie Fotos, Videos, Messenger-Dienste, soziale Medien oder private Korrespondenzen, \u201eselbst nach L\u00f6schung auf dem Handy nachverfolgt, wiederhergestellt und ausgewertet werden\u201c. Gerade mit Blick auf regierungskritische \u00c4u\u00dferungen k\u00f6nnten sie dann von Russland gegen Urlauber verwendet werden. Es h\u00e4tte schon Verurteilungen russischer B\u00fcrger f\u00fcr im Ausland verfasste Beitr\u00e4ge in sozialen Medien gegeben, so das Amt.<\/p>\n<p>Russland greift bei Reisenden hart durch \u2013 Ausw\u00e4rtiges Amt gibt wichtige Hinweise<\/p>\n<p class=\"id-StoryElement-paragraph\">\u201eReisende, insbesondere deutsch-russische Doppelstaatler, sollten im eigenen Interesse gr\u00f6\u00dfte Zur\u00fcckhaltung bei der Interaktion mit politischen Inhalten in den sozialen Medien walten lassen\u201c, so das Fazit des Ausw\u00e4rtigen Amtes. Doppelstaatler w\u00fcrden von Russland zudem ausschlie\u00dflich als russisch angesehen. Es droht so etwa auch die Einberufung in Putins Armee.<\/p>\n<p>Wladimir Putin: Der Aufstieg von Russlands Machthabern in Bildern<img decoding=\"async\" class=\"id-RatioPlaceholder-element wv_story_el_interstitialImage\" src=\"https:\/\/www.europesays.com\/de\/wp-content\/uploads\/2025\/05\/29241349-bekleidet-mit-olivgruener-jagdhose-und-einem-dazu-passenden-sonnenhut-praesentiert-sich-wla.jpeg\" loading=\"lazy\"   height=\"3289\" width=\"4934\" alt=\"Bekleidet mit olivgr&#xFC;ner Jagdhose und einem dazu passenden Sonnenhut pr&#xE4;sentiert sich Wladimir Putin beim Angeln in den sibirischen Bergen im Jahr 2017. Geht es nach dem russischen Pr&#xE4;sidenten, hat der Oberk&#xF6;rper aber freizubleiben.\"\/><a href=\"https:\/\/www.merkur.de\/politik\/wladimir-putin-russland-praesident-politische-karriere-machthaber-bilder-fotostrecke-zr-91664759.html\" class=\"id-StoryElement-intestitialLink-link\" data-id-ec=\"{\" shn=\"\" ansehen=\"\" data-k5a-pos=\"west_story_21_photoGalleryLink\" title=\"Zur Fotostrecke: Wladimir Putin: Der Aufstieg von Russlands Machthabern in Bildern\" rel=\"nofollow noopener\" target=\"_blank\">Fotostrecke ansehen<\/a><\/p>\n<p class=\"id-StoryElement-paragraph\">Wer trotzdem nach Russland reist, dem r\u00e4t das Amt zu Vorsicht bei politischen \u00c4u\u00dferungen jedweder Art, Demonstrationen oder gr\u00f6\u00dfere Menschenansammlungen sollten vermieden werden, lokalen Sicherheitskr\u00e4ften soll Folge geleistet werden. Zudem sollten Ausweispapiere immer griffbereit sein.<\/p>\n<p class=\"id-StoryElement-paragraph\">Auch in der <a href=\"https:\/\/www.wa.de\/verbraucher\/reise-tuerkei-auswaertiges-amt-raet-deutschen-willkuerliche-festnahmen-ausreisesperre-hinweis-93454085.html\" class=\"id-import-Link id-pageApi-Link--externalDomain\" data-id-ec=\"{&quot;sht&quot;:&quot;Container&quot;,&quot;shn&quot;:&quot;Story&quot;,&quot;p&quot;:{&quot;containerType&quot;:&quot;Paragraph&quot;,&quot;displayType&quot;:&quot;Paragraph InlineLink&quot;,&quot;type&quot;:&quot;INLINE_LINK&quot;,&quot;value&quot;:&quot;T&#xFC;rkei drohen laut Ausw&#xE4;rtigem Amt &#x201E;willk&#xFC;rliche Festnahmen&#x201C;&quot;,&quot;variant&quot;:&quot;standardLink&quot;,&quot;sponsored&quot;:false,&quot;linkHref&quot;:&quot;https:\/\/www.wa.de\/verbraucher\/reise-tuerkei-auswaertiges-amt-raet-deutschen-willkuerliche-festnahmen-ausreisesperre-hinweis-93454085.html&quot;,&quot;storyElementPosition&quot;:24,&quot;storyElementCount&quot;:24}}\" rel=\"nofollow noopener\" target=\"_blank\">T\u00fcrkei drohen laut Ausw\u00e4rtigem Amt \u201ewillk\u00fcrliche Festnahmen\u201c<\/a>. (rjs)<\/p>\n","protected":false},"excerpt":{"rendered":"Startseite Welt Stand: 11.07.2025, 18:56 Uhr Von: Richard Strobl DruckenTeilen Das Ausw\u00e4rtige Amt r\u00e4t dringend von Reisen nach&hellip;\n","protected":false},"author":2,"featured_media":261952,"comment_status":"","ping_status":"","sticky":false,"template":"","format":"standard","meta":{"footnotes":""},"categories":[4013],"tags":[331,332,13,14,15,4043,4044,850,307,12],"class_list":{"0":"post-261951","1":"post","2":"type-post","3":"status-publish","4":"format-standard","5":"has-post-thumbnail","7":"category-russland","8":"tag-aktuelle-nachrichten","9":"tag-aktuelle-news","10":"tag-headlines","11":"tag-nachrichten","12":"tag-news","13":"tag-russia","14":"tag-russian-federation","15":"tag-russische-foederation","16":"tag-russland","17":"tag-schlagzeilen"},"share_on_mastodon":{"url":"https:\/\/pubeurope.com\/@de\/114839146944456356","error":""},"_links":{"self":[{"href":"https:\/\/www.europesays.com\/de\/wp-json\/wp\/v2\/posts\/261951","targetHints":{"allow":["GET"]}}],"collection":[{"href":"https:\/\/www.europesays.com\/de\/wp-json\/wp\/v2\/posts"}],"about":[{"href":"https:\/\/www.europesays.com\/de\/wp-json\/wp\/v2\/types\/post"}],"author":[{"embeddable":true,"href":"https:\/\/www.europesays.com\/de\/wp-json\/wp\/v2\/users\/2"}],"replies":[{"embeddable":true,"href":"https:\/\/www.europesays.com\/de\/wp-json\/wp\/v2\/comments?post=261951"}],"version-history":[{"count":0,"href":"https:\/\/www.europesays.com\/de\/wp-json\/wp\/v2\/posts\/261951\/revisions"}],"wp:featuredmedia":[{"embeddable":true,"href":"https:\/\/www.europesays.com\/de\/wp-json\/wp\/v2\/media\/261952"}],"wp:attachment":[{"href":"https:\/\/www.europesays.com\/de\/wp-json\/wp\/v2\/media?parent=261951"}],"wp:term":[{"taxonomy":"category","embeddable":true,"href":"https:\/\/www.europesays.com\/de\/wp-json\/wp\/v2\/categories?post=261951"},{"taxonomy":"post_tag","embeddable":true,"href":"https:\/\/www.europesays.com\/de\/wp-json\/wp\/v2\/tags?post=261951"}],"curies":[{"name":"wp","href":"https:\/\/api.w.org\/{rel}","templated":true}]}}