{"id":261953,"date":"2025-07-12T07:44:10","date_gmt":"2025-07-12T07:44:10","guid":{"rendered":"https:\/\/www.europesays.com\/de\/261953\/"},"modified":"2025-07-12T07:44:10","modified_gmt":"2025-07-12T07:44:10","slug":"jaeger-zu-neuem-milliardenpaket-das-teuerste-ist-die-ukraine-nicht-zu-unterstuetzen","status":"publish","type":"post","link":"https:\/\/www.europesays.com\/de\/261953\/","title":{"rendered":"J\u00e4ger zu neuem Milliardenpaket: &#8222;Das Teuerste ist, die Ukraine nicht zu unterst\u00fctzen&#8220;"},"content":{"rendered":"<p>          12.07.2025 09:29 Uhr \u2013  05:39 min<\/p>\n<p>              J\u00e4ger zu neuem Milliardenpaket<br \/>\n              &#8222;Das Teuerste ist, die Ukraine nicht zu unterst\u00fctzen&#8220;<\/p>\n<p>\n              Donald Trump will sich am Montag zu Russland \u00e4u\u00dfern. Thomas J\u00e4ger erkennt in der US-Regierung mehrere Richtungen bez\u00fcglich der Unterst\u00fctzung der Ukraine. W\u00e4hrenddessen plant Deutschland weitere Waffenlieferungen. Der Ukraine nicht zu helfen, w\u00e4re deutlich teurer, wie der Politologe erkl\u00e4rt.<\/p>\n","protected":false},"excerpt":{"rendered":"12.07.2025 09:29 Uhr \u2013 05:39 min J\u00e4ger zu neuem Milliardenpaket &#8222;Das Teuerste ist, die Ukraine nicht zu unterst\u00fctzen&#8220;&hellip;\n","protected":false},"author":2,"featured_media":261954,"comment_status":"","ping_status":"","sticky":false,"template":"","format":"standard","meta":{"footnotes":""},"categories":[4012],"tags":[331,332,661,106,13,14,15,307,12,317],"class_list":{"0":"post-261953","1":"post","2":"type-post","3":"status-publish","4":"format-standard","5":"has-post-thumbnail","7":"category-ukraine","8":"tag-aktuelle-nachrichten","9":"tag-aktuelle-news","10":"tag-angriff-auf-die-ukraine","11":"tag-donald-trump","12":"tag-headlines","13":"tag-nachrichten","14":"tag-news","15":"tag-russland","16":"tag-schlagzeilen","17":"tag-ukraine"},"share_on_mastodon":{"url":"https:\/\/pubeurope.com\/@de\/114839150152101473","error":""},"_links":{"self":[{"href":"https:\/\/www.europesays.com\/de\/wp-json\/wp\/v2\/posts\/261953","targetHints":{"allow":["GET"]}}],"collection":[{"href":"https:\/\/www.europesays.com\/de\/wp-json\/wp\/v2\/posts"}],"about":[{"href":"https:\/\/www.europesays.com\/de\/wp-json\/wp\/v2\/types\/post"}],"author":[{"embeddable":true,"href":"https:\/\/www.europesays.com\/de\/wp-json\/wp\/v2\/users\/2"}],"replies":[{"embeddable":true,"href":"https:\/\/www.europesays.com\/de\/wp-json\/wp\/v2\/comments?post=261953"}],"version-history":[{"count":0,"href":"https:\/\/www.europesays.com\/de\/wp-json\/wp\/v2\/posts\/261953\/revisions"}],"wp:featuredmedia":[{"embeddable":true,"href":"https:\/\/www.europesays.com\/de\/wp-json\/wp\/v2\/media\/261954"}],"wp:attachment":[{"href":"https:\/\/www.europesays.com\/de\/wp-json\/wp\/v2\/media?parent=261953"}],"wp:term":[{"taxonomy":"category","embeddable":true,"href":"https:\/\/www.europesays.com\/de\/wp-json\/wp\/v2\/categories?post=261953"},{"taxonomy":"post_tag","embeddable":true,"href":"https:\/\/www.europesays.com\/de\/wp-json\/wp\/v2\/tags?post=261953"}],"curies":[{"name":"wp","href":"https:\/\/api.w.org\/{rel}","templated":true}]}}