{"id":261959,"date":"2025-07-12T07:48:12","date_gmt":"2025-07-12T07:48:12","guid":{"rendered":"https:\/\/www.europesays.com\/de\/261959\/"},"modified":"2025-07-12T07:48:12","modified_gmt":"2025-07-12T07:48:12","slug":"vergewaltigung-wird-in-portugal-zu-einem-oeffentlichen-vergehen","status":"publish","type":"post","link":"https:\/\/www.europesays.com\/de\/261959\/","title":{"rendered":"Vergewaltigung wird in Portugal zu einem &#8222;\u00f6ffentlichen Vergehen&#8220;"},"content":{"rendered":"<p>\n  Von&amp;nbsp<b>Euronews<\/b><\/p>\n<p>\n                    Zuerst ver\u00f6ffentlicht am                 12\/07\/2025 &#8211; 9:11 MESZ\u2022Zuletzt aktualisiert<br \/>\n                                     9:17<\/p>\n<p><img decoding=\"async\" class=\"c-ad__placeholder__logo\" src=\"https:\/\/static.euronews.com\/website\/images\/logos\/logo-euronews-grey-6-180x22.svg\" width=\"180\" height=\"22\" alt=\"\" loading=\"lazy\"\/>WERBUNG<\/p>\n<p>Am Freitag stimmte das Parlament den Vorschl\u00e4gen des Linksblocks, von Livre und PAN zu, Vergewaltigung in Portugal als Straftatbestand einzuf\u00fchren.<\/p>\n<p>Die Vorschl\u00e4ge wurden mit den Stimmen von PSD, CDS, Liberaler Initiative, PAN, Chega, JPP, Linksblock, Livre und einigen Abgeordneten der Sozialistischen Partei angenommen.<\/p>\n<p>Vergewaltigung als \u00f6ffentliches Delikt war in den letzten Jahren bereits mehrfach diskutiert worden, doch wurde kein Vorschlag angenommen, da die sozialistische PS und die sozialdemokratische PSD argumentierten, dass es dem Opfer \u00fcberlassen bleiben sollte, ob es Anzeige erstattet oder nicht. Aus diesem Grund blieb Vergewaltigung ein halb\u00f6ffentliches Delikt. Die Entscheidung bringt \u00c4nderungen der Straf- und Strafprozessordnung sowie des Opferstatuts mit sich. <\/p>\n<p>Von nun an kann jeder Zeuge einen Vergewaltigungsfall anzeigen, und die Ermittlungen k\u00f6nnen auch ohne eine Anzeige beginnen.<\/p>\n<p>Unabh\u00e4ngig davon, ob ein Opfer eine Tat zur Anzeige bringt, handelt es sich nun um ein \u00f6ffentliches Verbrechen, was bedeutet, dass die Staatsanwaltschaft Ermittlungen einleiten muss.<\/p>\n<p>Im Mai diesen Jahres hatte ein <a href=\"https:\/\/www.euronews.com\/my-europe\/2025\/04\/10\/social-media-video-showing-alleged-rape-of-16-year-old-girl-sparks-backlash-in-portugal\" target=\"_blank\" rel=\"noopener\"><strong>Vergewaltigungsvideo durch drei portugiesische Influencer<\/strong><\/a> f\u00fcr Aufsehen gesorgt. <\/p>\n<p><strong>Bislang war Portugal neben Italien und San Marino eines der wenigen L\u00e4nder in Europa, in denen Vergewaltigung nicht als Straftatbestand galt.<\/strong> Dies steht im Widerspruch zu den Empfehlungen der Istanbul-Konvention, die auf die Bek\u00e4mpfung von h\u00e4uslicher Gewalt und Gewalt gegen Frauen abzielt und von fast 40 L\u00e4ndern des Europarats ratifiziert wurde.<\/p>\n","protected":false},"excerpt":{"rendered":"Von&amp;nbspEuronews Zuerst ver\u00f6ffentlicht am 12\/07\/2025 &#8211; 9:11 MESZ\u2022Zuletzt aktualisiert 9:17 WERBUNG Am Freitag stimmte das Parlament den Vorschl\u00e4gen&hellip;\n","protected":false},"author":2,"featured_media":261960,"comment_status":"","ping_status":"","sticky":false,"template":"","format":"standard","meta":{"footnotes":""},"categories":[3933],"tags":[331,332,548,663,158,3934,3935,13,14,15,10565,7118,61966,12,13658,1921],"class_list":{"0":"post-261959","1":"post","2":"type-post","3":"status-publish","4":"format-standard","5":"has-post-thumbnail","7":"category-eu","8":"tag-aktuelle-nachrichten","9":"tag-aktuelle-news","10":"tag-eu","11":"tag-europa","12":"tag-europaeische-union","13":"tag-europe","14":"tag-european-union","15":"tag-headlines","16":"tag-nachrichten","17":"tag-news","18":"tag-parlament","19":"tag-portugal","20":"tag-portugiesische-politik","21":"tag-schlagzeilen","22":"tag-sexuelle-noetigung","23":"tag-vergewaltigung"},"share_on_mastodon":{"url":"https:\/\/pubeurope.com\/@de\/114839165590275924","error":""},"_links":{"self":[{"href":"https:\/\/www.europesays.com\/de\/wp-json\/wp\/v2\/posts\/261959","targetHints":{"allow":["GET"]}}],"collection":[{"href":"https:\/\/www.europesays.com\/de\/wp-json\/wp\/v2\/posts"}],"about":[{"href":"https:\/\/www.europesays.com\/de\/wp-json\/wp\/v2\/types\/post"}],"author":[{"embeddable":true,"href":"https:\/\/www.europesays.com\/de\/wp-json\/wp\/v2\/users\/2"}],"replies":[{"embeddable":true,"href":"https:\/\/www.europesays.com\/de\/wp-json\/wp\/v2\/comments?post=261959"}],"version-history":[{"count":0,"href":"https:\/\/www.europesays.com\/de\/wp-json\/wp\/v2\/posts\/261959\/revisions"}],"wp:featuredmedia":[{"embeddable":true,"href":"https:\/\/www.europesays.com\/de\/wp-json\/wp\/v2\/media\/261960"}],"wp:attachment":[{"href":"https:\/\/www.europesays.com\/de\/wp-json\/wp\/v2\/media?parent=261959"}],"wp:term":[{"taxonomy":"category","embeddable":true,"href":"https:\/\/www.europesays.com\/de\/wp-json\/wp\/v2\/categories?post=261959"},{"taxonomy":"post_tag","embeddable":true,"href":"https:\/\/www.europesays.com\/de\/wp-json\/wp\/v2\/tags?post=261959"}],"curies":[{"name":"wp","href":"https:\/\/api.w.org\/{rel}","templated":true}]}}