{"id":262021,"date":"2025-07-12T08:21:11","date_gmt":"2025-07-12T08:21:11","guid":{"rendered":"https:\/\/www.europesays.com\/de\/262021\/"},"modified":"2025-07-12T08:21:11","modified_gmt":"2025-07-12T08:21:11","slug":"strassenbaeume-in-hamburg-es-macht-keinen-sinn-mehr-deutsche-eichen-in-die-stadt-zu-pflanzen","status":"publish","type":"post","link":"https:\/\/www.europesays.com\/de\/262021\/","title":{"rendered":"Stra\u00dfenb\u00e4ume in Hamburg: &#8222;Es macht keinen Sinn mehr, deutsche Eichen in die Stadt zu pflanzen&#8220;"},"content":{"rendered":"<p class=\"paragraph\">Die B\u00e4ume in Hamburgs Alleen sind gestresst. Viele leiden an Hitze, Baustellen und Sch\u00e4dlingen. Die Folgen des Klimawandels f\u00fcr Hamburg w\u00fcrden in der Stadt noch immer untersch\u00e4tzt, sagt Bernhard von Ehren, der Gesch\u00e4ftsf\u00fchrer der Baumschule Lorenz von Ehren. Im Interview erkl\u00e4rt er, welche B\u00e4ume man nachpflanzen sollte, welche nicht mehr \u2013 und was das f\u00fcr die Biodiversit\u00e4t der Stadt bedeutet.\n<\/p>\n<p class=\"paragraph\"><strong>DIE ZEIT: <\/strong>Herr von Ehren, in <a class=\"rtr-entity\" href=\"https:\/\/www.zeit.de\/thema\/hamburg\" target=\"_blank\" rel=\"noopener\">Hamburg<\/a> ist es gerade oft hei\u00df und trocken. Wie geht es da den B\u00e4umen in der Stadt?\n<\/p>\n<p class=\"paragraph\"><strong>Bernhard von Ehren: <\/strong>Das ist dramatisch, viele B\u00e4ume sind gestresst. Im Februar, M\u00e4rz und April hatten wir fast keinen Niederschlag. B\u00e4ume mit flachen Wurzeln hatten viel zu wenig zu trinken. Man kann das sehen: Die Bl\u00e4tter sind kleiner als sonst, sie werfen weniger Schatten. Die B\u00e4ume stagnieren, sie \u00fcberleben blo\u00df.<\/p>\n","protected":false},"excerpt":{"rendered":"Die B\u00e4ume in Hamburgs Alleen sind gestresst. Viele leiden an Hitze, Baustellen und Sch\u00e4dlingen. Die Folgen des Klimawandels&hellip;\n","protected":false},"author":2,"featured_media":262022,"comment_status":"","ping_status":"","sticky":false,"template":"","format":"standard","meta":{"footnotes":""},"categories":[1826],"tags":[5252,10242,29,30,692,22102,25377,11945,79400],"class_list":{"0":"post-262021","1":"post","2":"type-post","3":"status-publish","4":"format-standard","5":"has-post-thumbnail","7":"category-hamburg","8":"tag-artenschutz","9":"tag-biodiversitaet","10":"tag-deutschland","11":"tag-germany","12":"tag-hamburg","13":"tag-oekologie","14":"tag-pflanzenschutz","15":"tag-stadtplanung","16":"tag-strassenbaeume-in-hamburg"},"share_on_mastodon":{"url":"https:\/\/pubeurope.com\/@de\/114839295359501304","error":""},"_links":{"self":[{"href":"https:\/\/www.europesays.com\/de\/wp-json\/wp\/v2\/posts\/262021","targetHints":{"allow":["GET"]}}],"collection":[{"href":"https:\/\/www.europesays.com\/de\/wp-json\/wp\/v2\/posts"}],"about":[{"href":"https:\/\/www.europesays.com\/de\/wp-json\/wp\/v2\/types\/post"}],"author":[{"embeddable":true,"href":"https:\/\/www.europesays.com\/de\/wp-json\/wp\/v2\/users\/2"}],"replies":[{"embeddable":true,"href":"https:\/\/www.europesays.com\/de\/wp-json\/wp\/v2\/comments?post=262021"}],"version-history":[{"count":0,"href":"https:\/\/www.europesays.com\/de\/wp-json\/wp\/v2\/posts\/262021\/revisions"}],"wp:featuredmedia":[{"embeddable":true,"href":"https:\/\/www.europesays.com\/de\/wp-json\/wp\/v2\/media\/262022"}],"wp:attachment":[{"href":"https:\/\/www.europesays.com\/de\/wp-json\/wp\/v2\/media?parent=262021"}],"wp:term":[{"taxonomy":"category","embeddable":true,"href":"https:\/\/www.europesays.com\/de\/wp-json\/wp\/v2\/categories?post=262021"},{"taxonomy":"post_tag","embeddable":true,"href":"https:\/\/www.europesays.com\/de\/wp-json\/wp\/v2\/tags?post=262021"}],"curies":[{"name":"wp","href":"https:\/\/api.w.org\/{rel}","templated":true}]}}