{"id":262025,"date":"2025-07-12T08:23:10","date_gmt":"2025-07-12T08:23:10","guid":{"rendered":"https:\/\/www.europesays.com\/de\/262025\/"},"modified":"2025-07-12T08:23:10","modified_gmt":"2025-07-12T08:23:10","slug":"berlin-brandenburg-bund-will-bogensee-areal-vor-abriss-bewahren","status":"publish","type":"post","link":"https:\/\/www.europesays.com\/de\/262025\/","title":{"rendered":"Berlin &#038; Brandenburg: Bund will Bogensee-Areal vor Abriss bewahren"},"content":{"rendered":"<p>                    Berlin &amp; Brandenburg<br \/>\n                Bund will Bogensee-Areal vor Abriss bewahren<\/p>\n<p>\t\t\t\t              12.07.2025, 09:53 Uhr<\/p>\n<p><strong>Verfallen, teuer, historisch: Was wird aus dem Gel\u00e4nde am Bogensee mit der ehemaligen Goebbels-Villa? Der Bund will das Areal vor dem Abriss bewahren, aber eine schnelle L\u00f6sung scheint nicht in Sicht.<\/strong><\/p>\n<p>Wandlitz (dpa\/bb) &#8211; Der Bund setzt sich f\u00fcr den Erhalt des verfallenen Areals am Bogensee mit der fr\u00fcheren Goebbels-Villa in Wandlitz ein. F\u00fcr eine Studie und die Suche nach Investoren sind drei Jahre eingeplant, wie aus einer Antwort des Bundesbauministeriums auf eine schriftliche Frage der Linken-Bundestagsabgeordneten Katalin Gennburg hervorgeht. Zuerst berichtete die &#8222;M\u00e4rkische Allgemeine Zeitung&#8220; dar\u00fcber.\u00a0<\/p>\n<p>Das Land Berlin als Gel\u00e4nde-Eigent\u00fcmerin teilte im Juni mit, dass bei der Suche nach einer neuen Nutzung f\u00fcr das Areal 13 Bewerber n\u00e4her gepr\u00fcft werden. Zuletzt war aber auch ein Abriss der marode gewordenen Geb\u00e4ude aus Sicht des Landes nicht vom Tisch. Die j\u00e4hrlichen Kosten f\u00fcr das rund 16 Hektar gro\u00dfe Areal belaufen sich laut Berliner Verwaltung auf rund 250.000 bis 300.000 Euro.<\/p>\n<p>Bund f\u00f6rdert Studie zu einer neuen Nutzung des Gel\u00e4ndes<\/p>\n<p>Das Bundesbauministerium schreibt in seiner Antwort an die Bundestagsabgeordnete der Linken, dass es nach wie vor den Erhalt des geschichtstr\u00e4chtigen und durch zwei Diktaturen gepr\u00e4gten Areals anstrebe. Mit einem Bundesprogramm &#8222;Nationale Projekte des St\u00e4dtebaus&#8220; werde eine Studie gef\u00f6rdert, in der die Gemeinde Wandlitz mit Unterst\u00fctzung des Landkreises Barnim und weiterer Akteure neue Perspektiven f\u00fcr eine Nutzung f\u00fcr das Areal erarbeite, hei\u00dft es. Damit sollen demnach auch m\u00f6gliche Investoren gefunden werden.<\/p>\n<p>Bundesministerium will Unterst\u00fctzung f\u00fcr Rettung des Areals<\/p>\n<p>\u00a0&#8222;F\u00fcr vorbereitende Arbeiten, Erstellung der Studie und gezielte Investorensuche ist ein Zeitraum von drei Jahren anberaumt.&#8220; Das Bundesministerium erwarte, dass &#8222;die Beteiligten auf allen Seiten den begonnenen Prozess zur Rettung und Entwicklung des unter Denkmalschutz stehenden Areals Bogensee konstruktiv unterst\u00fctzen&#8220;.<\/p>\n<p>Auf dem Areal in einem Waldgebiet nord\u00f6stlich von Berlin hatte sich NS-Propagandaminister Joseph Goebbels ein Landhaus bauen lassen. Zu DDR-Zeiten gab es dort eine Jugendhochschule der Freien Deutschen Jugend (FDJ). Seit dem Jahr 2000 ist das Areal ungenutzt und verf\u00e4llt. Der Landkreis Barnim und die Gemeinde pochen auf eine neue Nutzung des historischen Gel\u00e4ndes.<\/p>\n","protected":false},"excerpt":{"rendered":"Berlin &amp; Brandenburg Bund will Bogensee-Areal vor Abriss bewahren 12.07.2025, 09:53 Uhr Verfallen, teuer, historisch: Was wird aus&hellip;\n","protected":false},"author":2,"featured_media":262026,"comment_status":"","ping_status":"","sticky":false,"template":"","format":"standard","meta":{"footnotes":""},"categories":[1816],"tags":[8546,1960,1958,1959,1957,296,1956,79401,1890,4488,29,30],"class_list":{"0":"post-262025","1":"post","2":"type-post","3":"status-publish","4":"format-standard","5":"has-post-thumbnail","7":"category-brandenburg","8":"tag-abriss","9":"tag-aktuelle-nachrichten-aus-berlin-und-brandenburg","10":"tag-aktuelle-nachrichten-aus-brandenburg","11":"tag-aktuelle-news-aus-berlin-und-brandenburg","12":"tag-aktuelle-news-aus-brandenburg","13":"tag-berlin","14":"tag-berlin-und-brandenburg","15":"tag-bogensee-areal","16":"tag-brandenburg","17":"tag-bund","18":"tag-deutschland","19":"tag-germany"},"share_on_mastodon":{"url":"https:\/\/pubeurope.com\/@de\/114839303163360397","error":""},"_links":{"self":[{"href":"https:\/\/www.europesays.com\/de\/wp-json\/wp\/v2\/posts\/262025","targetHints":{"allow":["GET"]}}],"collection":[{"href":"https:\/\/www.europesays.com\/de\/wp-json\/wp\/v2\/posts"}],"about":[{"href":"https:\/\/www.europesays.com\/de\/wp-json\/wp\/v2\/types\/post"}],"author":[{"embeddable":true,"href":"https:\/\/www.europesays.com\/de\/wp-json\/wp\/v2\/users\/2"}],"replies":[{"embeddable":true,"href":"https:\/\/www.europesays.com\/de\/wp-json\/wp\/v2\/comments?post=262025"}],"version-history":[{"count":0,"href":"https:\/\/www.europesays.com\/de\/wp-json\/wp\/v2\/posts\/262025\/revisions"}],"wp:featuredmedia":[{"embeddable":true,"href":"https:\/\/www.europesays.com\/de\/wp-json\/wp\/v2\/media\/262026"}],"wp:attachment":[{"href":"https:\/\/www.europesays.com\/de\/wp-json\/wp\/v2\/media?parent=262025"}],"wp:term":[{"taxonomy":"category","embeddable":true,"href":"https:\/\/www.europesays.com\/de\/wp-json\/wp\/v2\/categories?post=262025"},{"taxonomy":"post_tag","embeddable":true,"href":"https:\/\/www.europesays.com\/de\/wp-json\/wp\/v2\/tags?post=262025"}],"curies":[{"name":"wp","href":"https:\/\/api.w.org\/{rel}","templated":true}]}}