{"id":262027,"date":"2025-07-12T08:24:13","date_gmt":"2025-07-12T08:24:13","guid":{"rendered":"https:\/\/www.europesays.com\/de\/262027\/"},"modified":"2025-07-12T08:24:13","modified_gmt":"2025-07-12T08:24:13","slug":"veranstalter-erwarten-zehntausende-polizei-im-grosseinsatz","status":"publish","type":"post","link":"https:\/\/www.europesays.com\/de\/262027\/","title":{"rendered":"Veranstalter erwarten Zehntausende \u2013 Polizei im Gro\u00dfeinsatz"},"content":{"rendered":"<p>Veranstalter erwartet Zehntausende zur Party-DemoZur vierten Ausgabe der Techno-Parade \u201eRave the Planet\u201c werden am Samstag (14.00 Uhr) wieder Zehntausende Menschen in Berlin erwartet. Die tanzende Menge soll sich im Tiergarten auf der Stra\u00dfe des 17. Juni zwischen dem Brandenburger Tor und Siegess\u00e4ule auf den Spuren der Love Parade von Dr. Motte bewegen. Laut Veranstalter sind 35 Wagen sowie rund 290 K\u00fcnstlerinnen und K\u00fcnstler dabei, mehr als 50 Reden sind geplant.<\/p>\n<p>Wie die legend\u00e4ren Berliner Techno-Paraden in den 1990er Jahren ist der Umzug als Demonstration angemeldet. Das Motto lautet \u201eThe Future is now\u201c (Die Zukunft ist jetzt). Die Veranstalter wollen durch gemeinsames Handeln, Zusammenhalt und Haltung ein Zeichen gegen Hass und Spaltung setzen. \u201eUnsere Kultur ist nicht nur laut, sie ist auch nachhaltig, inklusiv und verbindend\u201c, sagte Dr. Motte, der mit b\u00fcrgerlichem Namen Matthias Roeingh hei\u00dft, im Vorfeld.<\/p>\n","protected":false},"excerpt":{"rendered":"Veranstalter erwartet Zehntausende zur Party-DemoZur vierten Ausgabe der Techno-Parade \u201eRave the Planet\u201c werden am Samstag (14.00 Uhr) wieder&hellip;\n","protected":false},"author":2,"featured_media":262028,"comment_status":"","ping_status":"","sticky":false,"template":"","format":"standard","meta":{"footnotes":""},"categories":[1825],"tags":[1941,1939,296,1937,29,30,1940,1938],"class_list":{"0":"post-262027","1":"post","2":"type-post","3":"status-publish","4":"format-standard","5":"has-post-thumbnail","7":"category-berlin","8":"tag-aktuelle-nachrichten-aus-berlin","9":"tag-aktuelle-news-aus-berlin","10":"tag-berlin","11":"tag-berlin-news","12":"tag-deutschland","13":"tag-germany","14":"tag-nachrichten-aus-berlin","15":"tag-news-aus-berlin"},"share_on_mastodon":{"url":"https:\/\/pubeurope.com\/@de\/114839307125674381","error":""},"_links":{"self":[{"href":"https:\/\/www.europesays.com\/de\/wp-json\/wp\/v2\/posts\/262027","targetHints":{"allow":["GET"]}}],"collection":[{"href":"https:\/\/www.europesays.com\/de\/wp-json\/wp\/v2\/posts"}],"about":[{"href":"https:\/\/www.europesays.com\/de\/wp-json\/wp\/v2\/types\/post"}],"author":[{"embeddable":true,"href":"https:\/\/www.europesays.com\/de\/wp-json\/wp\/v2\/users\/2"}],"replies":[{"embeddable":true,"href":"https:\/\/www.europesays.com\/de\/wp-json\/wp\/v2\/comments?post=262027"}],"version-history":[{"count":0,"href":"https:\/\/www.europesays.com\/de\/wp-json\/wp\/v2\/posts\/262027\/revisions"}],"wp:featuredmedia":[{"embeddable":true,"href":"https:\/\/www.europesays.com\/de\/wp-json\/wp\/v2\/media\/262028"}],"wp:attachment":[{"href":"https:\/\/www.europesays.com\/de\/wp-json\/wp\/v2\/media?parent=262027"}],"wp:term":[{"taxonomy":"category","embeddable":true,"href":"https:\/\/www.europesays.com\/de\/wp-json\/wp\/v2\/categories?post=262027"},{"taxonomy":"post_tag","embeddable":true,"href":"https:\/\/www.europesays.com\/de\/wp-json\/wp\/v2\/tags?post=262027"}],"curies":[{"name":"wp","href":"https:\/\/api.w.org\/{rel}","templated":true}]}}