{"id":262031,"date":"2025-07-12T08:26:10","date_gmt":"2025-07-12T08:26:10","guid":{"rendered":"https:\/\/www.europesays.com\/de\/262031\/"},"modified":"2025-07-12T08:26:10","modified_gmt":"2025-07-12T08:26:10","slug":"fussball-bundesliga-union-berlin-hat-neuen-hauptsponsor-gefunden-sport","status":"publish","type":"post","link":"https:\/\/www.europesays.com\/de\/262031\/","title":{"rendered":"Fu\u00dfball-Bundesliga &#8211; Union Berlin hat neuen Hauptsponsor gefunden &#8211; Sport"},"content":{"rendered":"<p data-manual=\"teaserText\" data-schema-org-speakable=\"true\">In der vergangenen Saison spielen Unions M\u00e4nner lange ohne Sponsor auf der Brust. Jetzt pr\u00e4sentieren die K\u00f6penicker einen neuen Partner f\u00fcr ihre beiden Bundesliga-Teams.<\/p>\n<p data-manual=\"paragraph\" data-schema-org-speakable=\"true\" class=\"css-1ylqqlw\"><a href=\"https:\/\/www.sueddeutsche.de\/thema\/Berlin\" target=\"_blank\" rel=\"noopener\">Berlin<\/a> (dpa\/bb) &#8211; <a href=\"https:\/\/www.sueddeutsche.de\/thema\/Fu%C3%9Fball\" target=\"_blank\" rel=\"noopener\">Fu\u00dfball<\/a>-Bundesligist <a href=\"https:\/\/www.sueddeutsche.de\/thema\/1._FC_Union_Berlin\" target=\"_blank\" rel=\"noopener\">1. FC Union Berlin<\/a> hat die Spar- und Anlageplattform Raisin als neuen Hauptsponsor gewonnen. Der Schriftzug des Berliner Unternehmens wird k\u00fcnftig die Trikots der Profiteams der M\u00e4nner und der Frauen zieren, wie die K\u00f6penicker mitteilten.<\/p>\n<p data-manual=\"paragraph\" data-schema-org-speakable=\"true\" class=\"css-1ylqqlw\">Im Testspiel am Samstag beim Brandenburger SC S\u00fcd 05 werden Unions M\u00e4nner erstmals mit dem neuen Sponsor auflaufen und im neuen Ausweichtrikot. Optisch wagen die K\u00f6penicker wieder etwas: Nach gelb und wei\u00df gestreift in der Vorsaison ist es dieses Mal himmelblau. Schon zwischen 2006 und 2008 hatte der Club Trikots in der Farbe.<\/p>\n<p>Plattform XDie SZ-Redaktion hat diesen Artikel mit einem Inhalt von X Corp. angereichert<\/p>\n<p class=\"css-kxe210\">Um Ihre Daten zu sch\u00fctzen, wurde er nicht ohne Ihre Zustimmung geladen.<\/p>\n<p>Inhalt jetzt laden<\/p>\n<p class=\"css-orh8zx\">Ich bin damit einverstanden, dass mir Inhalte von X Corp. angezeigt werden. Damit werden personenbezogene Daten an den Betreiber des Portals zur Nutzungsanalyse \u00fcbermittelt. Mehr Informationen und eine Widerrufsm\u00f6glichkeit finden Sie unter\u00a0<a href=\"https:\/\/datenschutz.sueddeutsche.de\/sz\" class=\"css-lqefuc\" target=\"_blank\" rel=\"noopener\">sz.de\/datenschutz<\/a>.<\/p>\n<p data-manual=\"paragraph\" data-schema-org-speakable=\"true\" class=\"css-1ylqqlw\">In der vergangenen Spielzeit hatten die Eisernen lange keinen Trikotsponsor auf der Brust. Zun\u00e4chst stand dort \u201eBERLIN\u201c, ehe mit dem Slogan \u201eProAF Alte F\u00f6rsterei\u201c f\u00fcr den Kauf der Stadionaktie geworben wurde. Ab Februar war dann das Berliner Unternehmen HomeToGo Hauptsponsor bis zum Ende der Spielzeit.<\/p>\n<p data-manual=\"paragraph\" data-schema-org-speakable=\"true\" class=\"css-1ylqqlw\">\u00a9 dpa-infocom, dpa:250712-930-789213\/1<\/p>\n","protected":false},"excerpt":{"rendered":"In der vergangenen Saison spielen Unions M\u00e4nner lange ohne Sponsor auf der Brust. Jetzt pr\u00e4sentieren die K\u00f6penicker einen&hellip;\n","protected":false},"author":2,"featured_media":262032,"comment_status":"","ping_status":"","sticky":false,"template":"","format":"standard","meta":{"footnotes":""},"categories":[1825],"tags":[297,296,299,29,347,30,265,21082,149],"class_list":{"0":"post-262031","1":"post","2":"type-post","3":"status-publish","4":"format-standard","5":"has-post-thumbnail","7":"category-berlin","8":"tag-1-fc-union-berlin","9":"tag-berlin","10":"tag-bundesliga","11":"tag-deutschland","12":"tag-fussball","13":"tag-germany","14":"tag-sport","15":"tag-stadion-an-der-alten-foersterei","16":"tag-sueddeutsche-zeitung"},"share_on_mastodon":{"url":"https:\/\/pubeurope.com\/@de\/114839315048802950","error":""},"_links":{"self":[{"href":"https:\/\/www.europesays.com\/de\/wp-json\/wp\/v2\/posts\/262031","targetHints":{"allow":["GET"]}}],"collection":[{"href":"https:\/\/www.europesays.com\/de\/wp-json\/wp\/v2\/posts"}],"about":[{"href":"https:\/\/www.europesays.com\/de\/wp-json\/wp\/v2\/types\/post"}],"author":[{"embeddable":true,"href":"https:\/\/www.europesays.com\/de\/wp-json\/wp\/v2\/users\/2"}],"replies":[{"embeddable":true,"href":"https:\/\/www.europesays.com\/de\/wp-json\/wp\/v2\/comments?post=262031"}],"version-history":[{"count":0,"href":"https:\/\/www.europesays.com\/de\/wp-json\/wp\/v2\/posts\/262031\/revisions"}],"wp:featuredmedia":[{"embeddable":true,"href":"https:\/\/www.europesays.com\/de\/wp-json\/wp\/v2\/media\/262032"}],"wp:attachment":[{"href":"https:\/\/www.europesays.com\/de\/wp-json\/wp\/v2\/media?parent=262031"}],"wp:term":[{"taxonomy":"category","embeddable":true,"href":"https:\/\/www.europesays.com\/de\/wp-json\/wp\/v2\/categories?post=262031"},{"taxonomy":"post_tag","embeddable":true,"href":"https:\/\/www.europesays.com\/de\/wp-json\/wp\/v2\/tags?post=262031"}],"curies":[{"name":"wp","href":"https:\/\/api.w.org\/{rel}","templated":true}]}}