{"id":262051,"date":"2025-07-12T08:36:13","date_gmt":"2025-07-12T08:36:13","guid":{"rendered":"https:\/\/www.europesays.com\/de\/262051\/"},"modified":"2025-07-12T08:36:13","modified_gmt":"2025-07-12T08:36:13","slug":"bayer-leverkusen-historischer-transfer-fix-tillman-ist-leverkusens-rekord-einkauf-sport","status":"publish","type":"post","link":"https:\/\/www.europesays.com\/de\/262051\/","title":{"rendered":"Bayer Leverkusen: Historischer Transfer fix! Tillman ist Leverkusens Rekord-Einkauf | Sport"},"content":{"rendered":"<p><b>Jetzt ist der historische Transfer offiziell!<\/b><\/p>\n<p>Bayer Leverkusen hat Offensivspieler Malik Tillman (23) von der PSV Eindhoven bis 2030 verpflichtet. <\/p>\n<p>Mit 35 Millionen Euro Abl\u00f6se ist der US-Nationalspieler der teuerste Einkauf in der Geschichte der <a href=\"https:\/\/www.bild.de\/sport\/fussball\/bayer-leverkusen\/startseite-leverkusen-31074446.bild.html\" class=\"text-link\" target=\"_blank\" rel=\"noopener\"><b>Werkself<\/b><\/a>. Er l\u00f6st Kerem Demirbay (32\/jetzt beim t\u00fcrkischen Erstligisten Ey\u00fcpsor) im vereinsinternen Ranking ab, der 2019 f\u00fcr 32 Millionen Euro von der TSG Hoffenheim nach Leverkusen gewechselt war. <\/p>\n<p><b>\u201eDieser Verein hat schon immer tollen Fu\u00dfball gespielt. Aber in den zur\u00fcckliegenden vier, f\u00fcnf Jahren ist Leverkusen enorm gewachsen und interessant geworden f\u00fcr viele Spieler in ganz Europa. Ich will etwas gewinnen. Das war mein Anspruch in Glasgow und in Eindhoven, und das bleibt auch hier mein Anspruch\u201c, sagt Tillman zu seinem Wechsel.<\/b><\/p>\n<p><img decoding=\"async\" width=\"992\" height=\"558\" alt=\"Malik Tillman (l.) erreichte mit den USA das Finale beim Gold Cup\" src=\"https:\/\/www.europesays.com\/de\/wp-content\/uploads\/2025\/07\/008f3c228aa9ce25e3d2cc8939cebfef,b08ee4cf\"   class=\"landscape\" loading=\"lazy\"\/><\/p>\n<p class=\"fig__caption__text\">Malik Tillman (l.) erreichte mit den USA das Finale beim Gold Cup<\/p>\n<p>Foto: CHANDAN KHANNA\/AFP<\/p>\n<p>Der Vizemeister machte den Tillman-Deal in Los Angeles klar. Leverkusens Profi-Direktor Kim Falkenberg (37) war mit den Klub-\u00c4rzten nach Amerika geflogen, um den Medizincheck durchzuf\u00fchren. Denn der Neuzugang befindet sich nach seiner Teilnahme am Gold Cup noch im Urlaub. <\/p>\n<p>Auch interessant<\/p>\n<p>Anzeige<\/p>\n<p>Auch interessant<\/p>\n<p>Anzeige<\/p>\n<p>Beim Kontinental-Turnier hatte Tillman mit den USA in der vergangenen Woche das Endspiel (1:2 gegen Mexiko) erreicht. In allen sechs Partien stand der Eindhovener Meister-Spieler in der Startelf und steuerte drei Tore sowie zwei Vorlagen zum Endspiel-Einzug bei.<\/p>\n<p><b>Nach dem Wechsel von Florian Wirtz (22) zum FC Liverpool trauen Leverkusens Macher Tillman zu, den Verlust des deutschen Nationalspielers zu kompensieren.<\/b><\/p>\n<p>Sport-Boss Simon Rolfes (43): \u201eMit Malik Tillman haben wir eine weitere spielstarke und sehr torgef\u00e4hrliche Offensivkraft f\u00fcr uns gewonnen. Er kann im Mittelfeld variabel die Zehner- und die Achter-Position bekleiden. Malik ist ein absoluter Top-Transfer f\u00fcr uns. Sein Stil passt exzellent zu Bayer 04 Leverkusen. Unser Offensivspiel bekommt durch Maliks Dynamik einen ganz neuen Impuls.\u201c<\/p>\n<p><b>Tillman wurde beim FC Bayern ausgebildet. Nach Leihen zu den Glasgow Rangers und nach Eindhoven zahlte die PSV 2024 eine Abl\u00f6se in H\u00f6he von 12 Mio. Euro f\u00fcr den ehemaligen deutschen Junioren-Nationalspieler. Die Bayern besa\u00dfen ein R\u00fcckkaufrecht in H\u00f6he von 35 Mio. Euro. Da Tillmann aber in M\u00fcnchen keine Rolle mehr spielte, lie\u00df der Rekordmeister die Option verstreichen.<\/b><\/p>\n<p>Lesen Sie auch<\/p>\n","protected":false},"excerpt":{"rendered":"Jetzt ist der historische Transfer offiziell! Bayer Leverkusen hat Offensivspieler Malik Tillman (23) von der PSV Eindhoven bis&hellip;\n","protected":false},"author":2,"featured_media":262052,"comment_status":"","ping_status":"","sticky":false,"template":"","format":"standard","meta":{"footnotes":""},"categories":[136],"tags":[5622,29,30,57008,803,265,819,45],"class_list":{"0":"post-262051","1":"post","2":"type-post","3":"status-publish","4":"format-standard","5":"has-post-thumbnail","7":"category-sport","8":"tag-bayer-leverkusen","9":"tag-deutschland","10":"tag-germany","11":"tag-psv-eindhoven","12":"tag-spielertransfer","13":"tag-sport","14":"tag-sport-leuchtturm-essen","15":"tag-texttospeech"},"share_on_mastodon":{"url":"https:\/\/pubeurope.com\/@de\/114839354376055861","error":""},"_links":{"self":[{"href":"https:\/\/www.europesays.com\/de\/wp-json\/wp\/v2\/posts\/262051","targetHints":{"allow":["GET"]}}],"collection":[{"href":"https:\/\/www.europesays.com\/de\/wp-json\/wp\/v2\/posts"}],"about":[{"href":"https:\/\/www.europesays.com\/de\/wp-json\/wp\/v2\/types\/post"}],"author":[{"embeddable":true,"href":"https:\/\/www.europesays.com\/de\/wp-json\/wp\/v2\/users\/2"}],"replies":[{"embeddable":true,"href":"https:\/\/www.europesays.com\/de\/wp-json\/wp\/v2\/comments?post=262051"}],"version-history":[{"count":0,"href":"https:\/\/www.europesays.com\/de\/wp-json\/wp\/v2\/posts\/262051\/revisions"}],"wp:featuredmedia":[{"embeddable":true,"href":"https:\/\/www.europesays.com\/de\/wp-json\/wp\/v2\/media\/262052"}],"wp:attachment":[{"href":"https:\/\/www.europesays.com\/de\/wp-json\/wp\/v2\/media?parent=262051"}],"wp:term":[{"taxonomy":"category","embeddable":true,"href":"https:\/\/www.europesays.com\/de\/wp-json\/wp\/v2\/categories?post=262051"},{"taxonomy":"post_tag","embeddable":true,"href":"https:\/\/www.europesays.com\/de\/wp-json\/wp\/v2\/tags?post=262051"}],"curies":[{"name":"wp","href":"https:\/\/api.w.org\/{rel}","templated":true}]}}