{"id":262053,"date":"2025-07-12T08:37:12","date_gmt":"2025-07-12T08:37:12","guid":{"rendered":"https:\/\/www.europesays.com\/de\/262053\/"},"modified":"2025-07-12T08:37:12","modified_gmt":"2025-07-12T08:37:12","slug":"airbeat-one-heute-spielen-armin-van-buuren-hardwell-und-neelix","status":"publish","type":"post","link":"https:\/\/www.europesays.com\/de\/262053\/","title":{"rendered":"Airbeat One: Heute spielen Armin van Buuren, Hardwell und Neelix"},"content":{"rendered":"<p>\n            Stand: 12.07.2025 09:44 Uhr<\/p>\n<p class=\"preface\">Das Airbeat One verwandelt den Flugplatz Neustadt-Glewe unter dem Motto &#8222;Viva Espa\u00f1a&#8220; in eine spanisch inspirierte Partystadt. Heute stehen unter anderem Trance-Veteran Armin van Buuren und der Hamburger DJ Neelix auf der B\u00fchne.<\/p>\n<p class=\"\">\nRund um die f\u00fcnf B\u00fchnen ist mit viel Liebe zum Detail eine Festivalwelt im Spanien-Look entstanden. Wie immer wird die Mainstage von einem ber\u00fchmten Bauwerk geziert: In diesem Jahr ist die fast 200 Meter breite B\u00fchne der Sagrada Fam\u00edlia nachempfunden. Es gibt spanisch inspirierte Essensst\u00e4nde, Walking-Acts und B\u00fchnendeko &#8211; unter anderem einen Stier. Au\u00dferdem sind Flamenca-T\u00e4nzerinnen und -T\u00e4nzer unterwegs. Das Wort &#8222;Flamenca&#8220; steht f\u00fcr eine Fusion aus traditionellem Flamenco und elektronischer Musik.<\/p>\n<p>    Das geht am Sonnabend:<\/p>\n<p class=\"\">\nAm Abschlusstag pr\u00e4sentiert <strong>Armin van Buuren<\/strong>, Trance\u2011Veteran mit Hymnen\u2011Garantie, auf der Mainstage seine gr\u00f6\u00dften Hits und aktuelles Material. <strong>Hardwell<\/strong> liefert dort Big-Room-Bretter und neue, h\u00e4rtere Kl\u00e4nge, w\u00e4hrend der Hamburger DJ <strong>Neelix<\/strong> mit progressivem Psy-Sound Flagge zeigt. <strong>Amelie Lens<\/strong> sorgt f\u00fcr kompromisslosen Minimal-Techno. Highlight auf der Second Stage ist sicherlich der Auftritt von <strong>Paul van Dyk<\/strong>, der im April sein neues Album &#8222;This World Is Ours&#8220; herausgebracht hat.<\/p>\n<p>        <img decoding=\"async\" src=\"https:\/\/www.europesays.com\/de\/wp-content\/uploads\/2025\/07\/screenshot-3992.webp\" alt=\"DJ Neelix w\u00e4hrend eines Auftritts.\" title=\"DJ Neelix w\u00e4hrend eines Auftritts. | Screenshot\" class=\"responsive\" loading=\"lazy\"\/><\/p>\n<p>\n                                    3 Min<\/p>\n<p>Henrik Twardzik aka Neelix ist einer der erfolgreichsten Elektro-Dance-Popper Deutschlands. Internationale Festivals buchen ihn.<\/p>\n<p>    So lief der Freitag<\/p>\n<p>                    <a href=\"https:\/\/www.europesays.com\/de\/wp-content\/uploads\/2025\/07\/brejcha104.webp\" class=\"zoomimage\" title=\"Bild vergr\u00f6\u00dfern\"><\/p>\n<p>        <img decoding=\"async\" src=\"https:\/\/www.europesays.com\/de\/wp-content\/uploads\/2025\/07\/brejcha104.webp\" alt=\"Boris Brejcha, DJ und Musikproduzent\" title=\"Boris Brechja beschreibt seinen Musikstil als &quot;High-Tech Minimal&quot;. Zu seinen Markenzeichen geh\u00f6rt eine venezianische Maske. | Boris Brejcha\" class=\"responsive\" loading=\"lazy\"\/><\/p>\n<p>                    <\/a><\/p>\n<p>                    Boris Brechja beschreibt seinen Musikstil als &#8222;High-Tech Minimal&#8220;. Zu seinen Markenzeichen geh\u00f6rt eine venezianische Maske.<\/p>\n<p class=\"\">\nAm Freitag sind <strong>Dimitri Vegas &amp; Like Mike <\/strong>mit massiv Pyrotechnik und Call-and-Response-Elementen auf der Mainstage unterwegs gewesen. <strong>Timmy Trumpet<\/strong> mischte Hard-Psy-Drops mit Live-Trompete und <strong>Boris Brejcha<\/strong> spielte seinen einzigartigen High-Tech-Minimal-Sound. Das deutsche Musikprojekt <strong>VIZE<\/strong>, welches als Mitbegr\u00fcnder des elektronischen Subgenres Slap House gilt, lieferte auf der Terminal Stage seine Hits ab.<\/p>\n<p>    Auftakt mit Steve Aoki und Afrojack<\/p>\n<p class=\"\">\nDas Festival begann am Mittwochabend mit dem <a href=\"https:\/\/www.ndr.de\/n-joy\/n-joy-check-in-auf-dem-airbeat-one-was-fuer-eine-party,airbeat-checkin-102.html\" title=\"N-JOY Check-In auf dem Airbeat One: Was f\u00fcr eine Party!\" target=\"_blank\" rel=\"noopener\">N-Joy CheckIn<\/a> und l\u00e4uft bis zum Sonntag. Die Main Stage war am Donnerstag hochkar\u00e4tig gestartet:<strong> Steve Aoki<\/strong> servierte Pop-Vocals, Hardcore-Drops und seinen obligatorischen Tortenwurf ins Publikum, au\u00dferdem legte <strong>Afrojack<\/strong> seine mehrfach Grammy-veredelten EDM-Hymnen aufs Parkett. Auf der Second Stage sorgten Aly &amp; Fila f\u00fcr \u00e4gyptischen Uplifting-Trance, w\u00e4hrend das Melodic-House-Duo Gest\u00f6rt aber Geil auf der Terminal Stage die ersten Mitsing-Refrains brachte.<\/p>\n<p>Dieses Thema im Programm:<\/p>\n<p>                NDR Fernsehen | Nordmagazin | 11.07.2025 | 19:30 Uhr<\/p>\n","protected":false},"excerpt":{"rendered":"Stand: 12.07.2025 09:44 Uhr Das Airbeat One verwandelt den Flugplatz Neustadt-Glewe unter dem Motto &#8222;Viva Espa\u00f1a&#8220; in eine&hellip;\n","protected":false},"author":2,"featured_media":262054,"comment_status":"","ping_status":"","sticky":false,"template":"","format":"standard","meta":{"footnotes":""},"categories":[155],"tags":[29,79406,214,5561,30,40973,4026,215],"class_list":{"0":"post-262053","1":"post","2":"type-post","3":"status-publish","4":"format-standard","5":"has-post-thumbnail","7":"category-unterhaltung","8":"tag-deutschland","9":"tag-edm","10":"tag-entertainment","11":"tag-festival","12":"tag-germany","13":"tag-landkreis-ludwigslust-parchim","14":"tag-spanien","15":"tag-unterhaltung"},"share_on_mastodon":{"url":"https:\/\/pubeurope.com\/@de\/114839358362137125","error":""},"_links":{"self":[{"href":"https:\/\/www.europesays.com\/de\/wp-json\/wp\/v2\/posts\/262053","targetHints":{"allow":["GET"]}}],"collection":[{"href":"https:\/\/www.europesays.com\/de\/wp-json\/wp\/v2\/posts"}],"about":[{"href":"https:\/\/www.europesays.com\/de\/wp-json\/wp\/v2\/types\/post"}],"author":[{"embeddable":true,"href":"https:\/\/www.europesays.com\/de\/wp-json\/wp\/v2\/users\/2"}],"replies":[{"embeddable":true,"href":"https:\/\/www.europesays.com\/de\/wp-json\/wp\/v2\/comments?post=262053"}],"version-history":[{"count":0,"href":"https:\/\/www.europesays.com\/de\/wp-json\/wp\/v2\/posts\/262053\/revisions"}],"wp:featuredmedia":[{"embeddable":true,"href":"https:\/\/www.europesays.com\/de\/wp-json\/wp\/v2\/media\/262054"}],"wp:attachment":[{"href":"https:\/\/www.europesays.com\/de\/wp-json\/wp\/v2\/media?parent=262053"}],"wp:term":[{"taxonomy":"category","embeddable":true,"href":"https:\/\/www.europesays.com\/de\/wp-json\/wp\/v2\/categories?post=262053"},{"taxonomy":"post_tag","embeddable":true,"href":"https:\/\/www.europesays.com\/de\/wp-json\/wp\/v2\/tags?post=262053"}],"curies":[{"name":"wp","href":"https:\/\/api.w.org\/{rel}","templated":true}]}}